{"id":35531,"date":"1998-01-01T00:00:00","date_gmt":"1998-01-01T00:00:00","guid":{"rendered":"https:\/\/www.deberes.net\/tesis\/sin-categoria\/la-unificacion-de-los-pesos-y-medidas-en-espana-durante-el-siglo-xix-los-proyectos-para-la-reforma-y-la-introduccion-del-sistema-metrico-decimal\/"},"modified":"1998-01-01T00:00:00","modified_gmt":"1998-01-01T00:00:00","slug":"la-unificacion-de-los-pesos-y-medidas-en-espana-durante-el-siglo-xix-los-proyectos-para-la-reforma-y-la-introduccion-del-sistema-metrico-decimal","status":"publish","type":"post","link":"https:\/\/www.deberes.net\/tesis\/historia\/la-unificacion-de-los-pesos-y-medidas-en-espana-durante-el-siglo-xix-los-proyectos-para-la-reforma-y-la-introduccion-del-sistema-metrico-decimal\/","title":{"rendered":"La unificacion de los pesos y medidas en espa\u00f1a durante el siglo xix: los proyectos para la reforma y la introduccion del sistema metrico decimal."},"content":{"rendered":"<h2>Tesis doctoral de <strong> Jos\u00e9 Vicente Aznar Garcia <\/strong><\/h2>\n<p>Se estudian las propuestas para la unificaci\u00f3n de los pesos y medidas durante la primera mitad del siglo xix.  la elaboraci\u00f3n y hechos relacionados con la ley de pesos y medidas de 19 de julio de 1849 y su desarrollo en espa\u00f1a. Se estudia la implantaci\u00f3n del sistema m\u00e9trico decimal y los aspectos que llev\u00f3 impl\u00edcita (trabajo de asquisici\u00f3n de prototipos, cotejos, adquisici\u00f3n de colecciones de pesos y medidas, organizaci\u00f3n cient\u00edfica y administrativa de la almotacenia,&#8230;) La incorporaci\u00f3n de espa\u00f1a a la comisi\u00f3n internacional del metro.  como consecuencia de la implantaci\u00f3n del sistema m\u00e9trico se estudia su ense\u00f1anza y sus pol\u00e9micas en espa\u00f1a.<\/p>\n<p>&nbsp;<\/p>\n<h3>Datos acad\u00e9micos de la tesis doctoral \u00ab<strong>La unificacion de los pesos y medidas en espa\u00f1a durante el siglo xix: los proyectos para la reforma y la introduccion del sistema metrico decimal.<\/strong>\u00ab<\/h3>\n<ul>\n<li><strong>T\u00edtulo de la tesis:<\/strong>\u00a0 La unificacion de los pesos y medidas en espa\u00f1a durante el siglo xix: los proyectos para la reforma y la introduccion del sistema metrico decimal. <\/li>\n<li><strong>Autor:<\/strong>\u00a0 Jos\u00e9 Vicente Aznar Garcia <\/li>\n<li><strong>Universidad:<\/strong>\u00a0 Universitat de val\u00e9ncia (estudi general)<\/li>\n<li><strong>Fecha de lectura de la tesis:<\/strong>\u00a0 01\/01\/1998<\/li>\n<\/ul>\n<p>&nbsp;<\/p>\n<h3>Direcci\u00f3n y tribunal<\/h3>\n<ul>\n<li><strong>Director de la tesis<\/strong>\n<ul>\n<li> Ten Ros Antonio  E.<\/li>\n<\/ul>\n<\/li>\n<li><strong>Tribunal<\/strong>\n<ul>\n<li>Presidente del tribunal:  Lopez Pi\u00f1ero Jos\u00e9 Mar\u00eda <\/li>\n<li>Antonio Lafuente Garcia (vocal)<\/li>\n<li>Horacio Capel Saez (vocal)<\/li>\n<li>Mar\u00eda no Peset Reig (vocal)<\/li>\n<\/ul>\n<\/li>\n<\/ul>\n<p>&nbsp;<\/p>\n","protected":false},"excerpt":{"rendered":"<p>Tesis doctoral de Jos\u00e9 Vicente Aznar Garcia Se estudian las propuestas para la unificaci\u00f3n de los pesos y medidas durante [&hellip;]<\/p>\n","protected":false},"author":1,"featured_media":0,"comment_status":"open","ping_status":"open","sticky":false,"template":"","format":"standard","meta":{"site-sidebar-layout":"default","site-content-layout":"","ast-site-content-layout":"","site-content-style":"default","site-sidebar-style":"default","ast-global-header-display":"","ast-banner-title-visibility":"","ast-main-header-display":"","ast-hfb-above-header-display":"","ast-hfb-below-header-display":"","ast-hfb-mobile-header-display":"","site-post-title":"","ast-breadcrumbs-content":"","ast-featured-img":"","footer-sml-layout":"","theme-transparent-header-meta":"","adv-header-id-meta":"","stick-header-meta":"","header-above-stick-meta":"","header-main-stick-meta":"","header-below-stick-meta":"","astra-migrate-meta-layouts":"default","ast-page-background-enabled":"default","ast-page-background-meta":{"desktop":{"background-color":"var(--ast-global-color-4)","background-image":"","background-repeat":"repeat","background-position":"center center","background-size":"auto","background-attachment":"scroll","background-type":"","background-media":"","overlay-type":"","overlay-color":"","overlay-gradient":""},"tablet":{"background-color":"","background-image":"","background-repeat":"repeat","background-position":"center center","background-size":"auto","background-attachment":"scroll","background-type":"","background-media":"","overlay-type":"","overlay-color":"","overlay-gradient":""},"mobile":{"background-color":"","background-image":"","background-repeat":"repeat","background-position":"center center","background-size":"auto","background-attachment":"scroll","background-type":"","background-media":"","overlay-type":"","overlay-color":"","overlay-gradient":""}},"ast-content-background-meta":{"desktop":{"background-color":"var(--ast-global-color-5)","background-image":"","background-repeat":"repeat","background-position":"center center","background-size":"auto","background-attachment":"scroll","background-type":"","background-media":"","overlay-type":"","overlay-color":"","overlay-gradient":""},"tablet":{"background-color":"var(--ast-global-color-5)","background-image":"","background-repeat":"repeat","background-position":"center center","background-size":"auto","background-attachment":"scroll","background-type":"","background-media":"","overlay-type":"","overlay-color":"","overlay-gradient":""},"mobile":{"background-color":"var(--ast-global-color-5)","background-image":"","background-repeat":"repeat","background-position":"center center","background-size":"auto","background-attachment":"scroll","background-type":"","background-media":"","overlay-type":"","overlay-color":"","overlay-gradient":""}},"footnotes":""},"categories":[199,104,5324,222,94794,15988],"tags":[7177,1404,94795,11479,11710,76666],"class_list":["post-35531","post","type-post","status-publish","format-standard","hentry","category-fisica","category-historia","category-historia-de-la-ciencia","category-historias-especializadas","category-unidades-estandar","category-unidades-y-constantes","tag-antonio-lafuente-garcia","tag-horacio-capel-saez","tag-jose-vicente-aznar-garcia","tag-lopez-pinero-jose-maria","tag-maria-no-peset-reig","tag-ten-ros-antonio-e"],"_links":{"self":[{"href":"https:\/\/www.deberes.net\/tesis\/wp-json\/wp\/v2\/posts\/35531","targetHints":{"allow":["GET"]}}],"collection":[{"href":"https:\/\/www.deberes.net\/tesis\/wp-json\/wp\/v2\/posts"}],"about":[{"href":"https:\/\/www.deberes.net\/tesis\/wp-json\/wp\/v2\/types\/post"}],"author":[{"embeddable":true,"href":"https:\/\/www.deberes.net\/tesis\/wp-json\/wp\/v2\/users\/1"}],"replies":[{"embeddable":true,"href":"https:\/\/www.deberes.net\/tesis\/wp-json\/wp\/v2\/comments?post=35531"}],"version-history":[{"count":0,"href":"https:\/\/www.deberes.net\/tesis\/wp-json\/wp\/v2\/posts\/35531\/revisions"}],"wp:attachment":[{"href":"https:\/\/www.deberes.net\/tesis\/wp-json\/wp\/v2\/media?parent=35531"}],"wp:term":[{"taxonomy":"category","embeddable":true,"href":"https:\/\/www.deberes.net\/tesis\/wp-json\/wp\/v2\/categories?post=35531"},{"taxonomy":"post_tag","embeddable":true,"href":"https:\/\/www.deberes.net\/tesis\/wp-json\/wp\/v2\/tags?post=35531"}],"curies":[{"name":"wp","href":"https:\/\/api.w.org\/{rel}","templated":true}]}}