{"id":35537,"date":"1998-01-01T00:00:00","date_gmt":"1998-01-01T00:00:00","guid":{"rendered":"https:\/\/www.deberes.net\/tesis\/sin-categoria\/estilo-atribucional-y-depresion-en-la-infancia-y-la-adolescencia\/"},"modified":"1998-01-01T00:00:00","modified_gmt":"1998-01-01T00:00:00","slug":"estilo-atribucional-y-depresion-en-la-infancia-y-la-adolescencia","status":"publish","type":"post","link":"https:\/\/www.deberes.net\/tesis\/psicologia\/estilo-atribucional-y-depresion-en-la-infancia-y-la-adolescencia\/","title":{"rendered":"Estilo atribucional y depresion en la infancia y la adolescencia."},"content":{"rendered":"<h2>Tesis doctoral de <strong> Javier Benavente Bonet <\/strong><\/h2>\n<p>Se centra en la relaci\u00f3n del estilo atribucional del sujeto con la aparici\u00f3n de la sintomatolog\u00eda depresiva.  consta de una primer parte, de car\u00e1cter conceptual donde se revisan las aproximaciones a la teor\u00eda de la atribuci\u00f3n, centr\u00e1ndose en la evalucaci\u00f3n e investigaciones sobre el constructo locus de control. Al mismo tiempo, se analiza el concepto de depresi\u00f3n infantil y su evoluci\u00f3n, criterios diagnosticos y evaluci\u00f3n. La segunda parte, de car\u00e1cter emp\u00edrico, comprende el dise\u00f1o de la investigaci\u00f3n y el an\u00e1lisis de los resultados.  la investigaci\u00f3n comprende una fase inicial, con 1286 sujetos (9-10 a\u00f1os) y otra fase de seguimiento de 406 sujetos (14-15 a\u00f1os). Los instrumentos utilizados han sido: escala de locus de control (sosa, 1985) y children]s depression inventory (kovacs, 1977). Los datos obtenidos han sido analizados a trav\u00e9s d estadisticos descriptivos y t\u00e9cnicas multivariantes: factorial y an\u00e1lisis de varianza.  los resultados confirman la existencia de relaci\u00f3n positiva entre extrenalidad y sintomatolog\u00eda depresiva en ambas fases de la investigaci\u00f3n.<\/p>\n<p>&nbsp;<\/p>\n<h3>Datos acad\u00e9micos de la tesis doctoral \u00ab<strong>Estilo atribucional y depresion en la infancia y la adolescencia.<\/strong>\u00ab<\/h3>\n<ul>\n<li><strong>T\u00edtulo de la tesis:<\/strong>\u00a0 Estilo atribucional y depresion en la infancia y la adolescencia. <\/li>\n<li><strong>Autor:<\/strong>\u00a0 Javier Benavente Bonet <\/li>\n<li><strong>Universidad:<\/strong>\u00a0 Universitat de val\u00e9ncia (estudi general)<\/li>\n<li><strong>Fecha de lectura de la tesis:<\/strong>\u00a0 01\/01\/1998<\/li>\n<\/ul>\n<p>&nbsp;<\/p>\n<h3>Direcci\u00f3n y tribunal<\/h3>\n<ul>\n<li><strong>Director de la tesis<\/strong>\n<ul>\n<li>Vicenta Mestre Escriv\u00e1<\/li>\n<\/ul>\n<\/li>\n<li><strong>Tribunal<\/strong>\n<ul>\n<li>Presidente del tribunal: Esteban P\u00e9rez Delgado <\/li>\n<li>Heliodoro Carpintero Capell (vocal)<\/li>\n<li>Francisco Tortosa Gil (vocal)<\/li>\n<li>Mar\u00eda  Victoria Del Barrio G\u00e1ndara (vocal)<\/li>\n<\/ul>\n<\/li>\n<\/ul>\n<p>&nbsp;<\/p>\n","protected":false},"excerpt":{"rendered":"<p>Tesis doctoral de Javier Benavente Bonet Se centra en la relaci\u00f3n del estilo atribucional del sujeto con la aparici\u00f3n de [&hellip;]<\/p>\n","protected":false},"author":1,"featured_media":0,"comment_status":"open","ping_status":"open","sticky":false,"template":"","format":"standard","meta":{"site-sidebar-layout":"default","site-content-layout":"","ast-site-content-layout":"","site-content-style":"default","site-sidebar-style":"default","ast-global-header-display":"","ast-banner-title-visibility":"","ast-main-header-display":"","ast-hfb-above-header-display":"","ast-hfb-below-header-display":"","ast-hfb-mobile-header-display":"","site-post-title":"","ast-breadcrumbs-content":"","ast-featured-img":"","footer-sml-layout":"","theme-transparent-header-meta":"","adv-header-id-meta":"","stick-header-meta":"","header-above-stick-meta":"","header-main-stick-meta":"","header-below-stick-meta":"","astra-migrate-meta-layouts":"default","ast-page-background-enabled":"default","ast-page-background-meta":{"desktop":{"background-color":"var(--ast-global-color-4)","background-image":"","background-repeat":"repeat","background-position":"center center","background-size":"auto","background-attachment":"scroll","background-type":"","background-media":"","overlay-type":"","overlay-color":"","overlay-gradient":""},"tablet":{"background-color":"","background-image":"","background-repeat":"repeat","background-position":"center center","background-size":"auto","background-attachment":"scroll","background-type":"","background-media":"","overlay-type":"","overlay-color":"","overlay-gradient":""},"mobile":{"background-color":"","background-image":"","background-repeat":"repeat","background-position":"center center","background-size":"auto","background-attachment":"scroll","background-type":"","background-media":"","overlay-type":"","overlay-color":"","overlay-gradient":""}},"ast-content-background-meta":{"desktop":{"background-color":"var(--ast-global-color-5)","background-image":"","background-repeat":"repeat","background-position":"center center","background-size":"auto","background-attachment":"scroll","background-type":"","background-media":"","overlay-type":"","overlay-color":"","overlay-gradient":""},"tablet":{"background-color":"var(--ast-global-color-5)","background-image":"","background-repeat":"repeat","background-position":"center center","background-size":"auto","background-attachment":"scroll","background-type":"","background-media":"","overlay-type":"","overlay-color":"","overlay-gradient":""},"mobile":{"background-color":"var(--ast-global-color-5)","background-image":"","background-repeat":"repeat","background-position":"center center","background-size":"auto","background-attachment":"scroll","background-type":"","background-media":"","overlay-type":"","overlay-color":"","overlay-gradient":""}},"footnotes":""},"categories":[9795,6894,324,970],"tags":[12040,5269,9338,94803,11445,41571],"class_list":["post-35537","post","type-post","status-publish","format-standard","hentry","category-estructura-y-dinamica-de-la-personalidad","category-personalidad","category-psicologia","category-psicologia-del-nino-y-del-adolescente","tag-esteban-perez-delgado","tag-francisco-tortosa-gil","tag-heliodoro-carpintero-capell","tag-javier-benavente-bonet","tag-maria-victoria-del-barrio-gandara","tag-vicenta-mestre-escriva"],"_links":{"self":[{"href":"https:\/\/www.deberes.net\/tesis\/wp-json\/wp\/v2\/posts\/35537","targetHints":{"allow":["GET"]}}],"collection":[{"href":"https:\/\/www.deberes.net\/tesis\/wp-json\/wp\/v2\/posts"}],"about":[{"href":"https:\/\/www.deberes.net\/tesis\/wp-json\/wp\/v2\/types\/post"}],"author":[{"embeddable":true,"href":"https:\/\/www.deberes.net\/tesis\/wp-json\/wp\/v2\/users\/1"}],"replies":[{"embeddable":true,"href":"https:\/\/www.deberes.net\/tesis\/wp-json\/wp\/v2\/comments?post=35537"}],"version-history":[{"count":0,"href":"https:\/\/www.deberes.net\/tesis\/wp-json\/wp\/v2\/posts\/35537\/revisions"}],"wp:attachment":[{"href":"https:\/\/www.deberes.net\/tesis\/wp-json\/wp\/v2\/media?parent=35537"}],"wp:term":[{"taxonomy":"category","embeddable":true,"href":"https:\/\/www.deberes.net\/tesis\/wp-json\/wp\/v2\/categories?post=35537"},{"taxonomy":"post_tag","embeddable":true,"href":"https:\/\/www.deberes.net\/tesis\/wp-json\/wp\/v2\/tags?post=35537"}],"curies":[{"name":"wp","href":"https:\/\/api.w.org\/{rel}","templated":true}]}}