{"id":35648,"date":"1998-01-01T00:00:00","date_gmt":"1998-01-01T00:00:00","guid":{"rendered":"https:\/\/www.deberes.net\/tesis\/sin-categoria\/segmentacion-en-el-mercado-de-trabajo-espanol\/"},"modified":"1998-01-01T00:00:00","modified_gmt":"1998-01-01T00:00:00","slug":"segmentacion-en-el-mercado-de-trabajo-espanol","status":"publish","type":"post","link":"https:\/\/www.deberes.net\/tesis\/ciencias-economicas\/segmentacion-en-el-mercado-de-trabajo-espanol\/","title":{"rendered":"Segmentacion en el mercado de trabajo espa\u00f1ol."},"content":{"rendered":"<h2>Tesis doctoral de <strong> Ana Huguet Roig <\/strong><\/h2>\n<p>Esta tesis investiga si la evidencia emp\u00edrica corrobora la impresi\u00f3n generalizada de que el mercado de trabajo espa\u00f1ol tiene una estructura dual y precisa, adem\u00e1s, su naturaleza y algunas de sus consecuencias. Para ello, se utilizan los modelos de regresi\u00f3n switching y la encuesta ecbc\/91. Los resultados obtenidos evidencian que, aun cuando la segmentaci\u00f3n del mercado de trabajo espa\u00f1ol tiene mucho que ver con la distinci\u00f3n entre fijos-temporales, la dualidad existente no es simplemente un reflejo de los diferentes tipos de contratos de que gozan los trabajadores.  asimismo, apuntan a que la adscripci\u00f3n a los segmentos descansa en gran medida en rasgos observables de los individuos y a que los mecanismos de formaci\u00f3n salarial imperantes en los segmentos son claramente diferenciados.  en este sentido, el examen de las diferencias salariales entre segmentos muestra que la mayor parte de la diferencia salarial entre los trabajadores primarios y secundarios es atribu\u00edble a los diferentes salarios de entrada y a la muy dispar recompensa a las caracter\u00edsticas, al tiempo que revela que la localizaci\u00f3n de los trabajadores primarios es eficiente, mientras que no lo es la de los trabajadores secundarios.<\/p>\n<p>&nbsp;<\/p>\n<h3>Datos acad\u00e9micos de la tesis doctoral \u00ab<strong>Segmentacion en el mercado de trabajo espa\u00f1ol.<\/strong>\u00ab<\/h3>\n<ul>\n<li><strong>T\u00edtulo de la tesis:<\/strong>\u00a0 Segmentacion en el mercado de trabajo espa\u00f1ol. <\/li>\n<li><strong>Autor:<\/strong>\u00a0 Ana Huguet Roig <\/li>\n<li><strong>Universidad:<\/strong>\u00a0 Universitat de val\u00e9ncia (estudi general)<\/li>\n<li><strong>Fecha de lectura de la tesis:<\/strong>\u00a0 01\/01\/1998<\/li>\n<\/ul>\n<p>&nbsp;<\/p>\n<h3>Direcci\u00f3n y tribunal<\/h3>\n<ul>\n<li><strong>Director de la tesis<\/strong>\n<ul>\n<li>Manuel S\u00e1nchez Moreno<\/li>\n<\/ul>\n<\/li>\n<li><strong>Tribunal<\/strong>\n<ul>\n<li>Presidente del tribunal: JavierAngel Andres Domingo <\/li>\n<li>Jaume Garcia Villar (vocal)<\/li>\n<li>Luis Toharia Cort\u00e9s (vocal)<\/li>\n<li>Juan  Francisco Jimeno Serrano (vocal)<\/li>\n<\/ul>\n<\/li>\n<\/ul>\n<p>&nbsp;<\/p>\n","protected":false},"excerpt":{"rendered":"<p>Tesis doctoral de Ana Huguet Roig Esta tesis investiga si la evidencia emp\u00edrica corrobora la impresi\u00f3n generalizada de que el [&hellip;]<\/p>\n","protected":false},"author":1,"featured_media":0,"comment_status":"open","ping_status":"open","sticky":false,"template":"","format":"standard","meta":{"site-sidebar-layout":"default","site-content-layout":"","ast-site-content-layout":"","site-content-style":"default","site-sidebar-style":"default","ast-global-header-display":"","ast-banner-title-visibility":"","ast-main-header-display":"","ast-hfb-above-header-display":"","ast-hfb-below-header-display":"","ast-hfb-mobile-header-display":"","site-post-title":"","ast-breadcrumbs-content":"","ast-featured-img":"","footer-sml-layout":"","theme-transparent-header-meta":"","adv-header-id-meta":"","stick-header-meta":"","header-above-stick-meta":"","header-main-stick-meta":"","header-below-stick-meta":"","astra-migrate-meta-layouts":"default","ast-page-background-enabled":"default","ast-page-background-meta":{"desktop":{"background-color":"var(--ast-global-color-4)","background-image":"","background-repeat":"repeat","background-position":"center center","background-size":"auto","background-attachment":"scroll","background-type":"","background-media":"","overlay-type":"","overlay-color":"","overlay-gradient":""},"tablet":{"background-color":"","background-image":"","background-repeat":"repeat","background-position":"center center","background-size":"auto","background-attachment":"scroll","background-type":"","background-media":"","overlay-type":"","overlay-color":"","overlay-gradient":""},"mobile":{"background-color":"","background-image":"","background-repeat":"repeat","background-position":"center center","background-size":"auto","background-attachment":"scroll","background-type":"","background-media":"","overlay-type":"","overlay-color":"","overlay-gradient":""}},"ast-content-background-meta":{"desktop":{"background-color":"var(--ast-global-color-5)","background-image":"","background-repeat":"repeat","background-position":"center center","background-size":"auto","background-attachment":"scroll","background-type":"","background-media":"","overlay-type":"","overlay-color":"","overlay-gradient":""},"tablet":{"background-color":"var(--ast-global-color-5)","background-image":"","background-repeat":"repeat","background-position":"center center","background-size":"auto","background-attachment":"scroll","background-type":"","background-media":"","overlay-type":"","overlay-color":"","overlay-gradient":""},"mobile":{"background-color":"var(--ast-global-color-5)","background-image":"","background-repeat":"repeat","background-position":"center center","background-size":"auto","background-attachment":"scroll","background-type":"","background-media":"","overlay-type":"","overlay-color":"","overlay-gradient":""}},"footnotes":""},"categories":[82,974,524,737,4725],"tags":[95008,4730,11615,25545,12313,6168],"class_list":["post-35648","post","type-post","status-publish","format-standard","hentry","category-ciencias-economicas","category-econometria","category-modelos-econometricos","category-teoria-economica","category-teoria-y-modelos-de-empleo","tag-ana-huguet-roig","tag-jaume-garcia-villar","tag-javierangel-andres-domingo","tag-juan-francisco-jimeno-serrano","tag-luis-toharia-cortes","tag-manuel-sanchez-moreno"],"_links":{"self":[{"href":"https:\/\/www.deberes.net\/tesis\/wp-json\/wp\/v2\/posts\/35648","targetHints":{"allow":["GET"]}}],"collection":[{"href":"https:\/\/www.deberes.net\/tesis\/wp-json\/wp\/v2\/posts"}],"about":[{"href":"https:\/\/www.deberes.net\/tesis\/wp-json\/wp\/v2\/types\/post"}],"author":[{"embeddable":true,"href":"https:\/\/www.deberes.net\/tesis\/wp-json\/wp\/v2\/users\/1"}],"replies":[{"embeddable":true,"href":"https:\/\/www.deberes.net\/tesis\/wp-json\/wp\/v2\/comments?post=35648"}],"version-history":[{"count":0,"href":"https:\/\/www.deberes.net\/tesis\/wp-json\/wp\/v2\/posts\/35648\/revisions"}],"wp:attachment":[{"href":"https:\/\/www.deberes.net\/tesis\/wp-json\/wp\/v2\/media?parent=35648"}],"wp:term":[{"taxonomy":"category","embeddable":true,"href":"https:\/\/www.deberes.net\/tesis\/wp-json\/wp\/v2\/categories?post=35648"},{"taxonomy":"post_tag","embeddable":true,"href":"https:\/\/www.deberes.net\/tesis\/wp-json\/wp\/v2\/tags?post=35648"}],"curies":[{"name":"wp","href":"https:\/\/api.w.org\/{rel}","templated":true}]}}