{"id":35699,"date":"1998-01-01T00:00:00","date_gmt":"1998-01-01T00:00:00","guid":{"rendered":"https:\/\/www.deberes.net\/tesis\/sin-categoria\/estudio-experimental-de-sesgos-de-memoria-implicita-y-explicita-en-trastornos-emocionales\/"},"modified":"1998-01-01T00:00:00","modified_gmt":"1998-01-01T00:00:00","slug":"estudio-experimental-de-sesgos-de-memoria-implicita-y-explicita-en-trastornos-emocionales","status":"publish","type":"post","link":"https:\/\/www.deberes.net\/tesis\/psicologia\/estudio-experimental-de-sesgos-de-memoria-implicita-y-explicita-en-trastornos-emocionales\/","title":{"rendered":"Estudio experimental de sesgos de memoria implicita y explicita en trastornos emocionales."},"content":{"rendered":"<h2>Tesis doctoral de <strong>  Medina Garcia Pedro Manuel <\/strong><\/h2>\n<p>La distinci\u00f3n entre memoria impl\u00edcita y expl\u00edcita se ha aplicado al estudio de los procesos psicol\u00f3gicos que subyacen tras la psicopatolog\u00eda de los trastornos emocionales. Por ejemplo, la teor\u00eda de williams y cols.  (1.988) postula que en la depresi\u00f3n ocurren sesgos congruentes con el estado de \u00e1nimo en memoria expl\u00edcita y en la ansiedad, estos sesgos se presentar\u00e1n en memoria impl\u00edcita.  este trabajo ha intentado verificar estas hip\u00f3tesis. Para ello, se ha contado con una muestra de 60 sujetos dividida en tres grupos de 20, en funci\u00f3n de su psicopatolog\u00eda emocional: control (ausente), depresivo (depresio]n mayor) y ansioso (trastorno de p\u00e1nico). A estos sujetos se les ha presentado est\u00edmulos de 4 valores emocionales diferentes (positivos, negativos, neutros y amenazantes) bajo tres condiciones de codificaci\u00f3n (graf\u00e9mica sem\u00e1ntica e imaginativa autorreferente).  finalmente, se tomaron medidas de memoria impl\u00edcita y expl\u00edcita. Los resultados han mostrado que lo que diferencia a los sujetos, no son los sesgos de memoria predichos, sino los d\u00e9ficits de memoria impl\u00edcita detectados en los diferentes niveles de codificaci\u00f3n. Si la investigaci\u00f3n posterior confirmase estos resultados, las teor\u00edas cognitivas que se refieren a estos fen\u00f3menos deber\u00edan ser reformuladas.<\/p>\n<p>&nbsp;<\/p>\n<h3>Datos acad\u00e9micos de la tesis doctoral \u00ab<strong>Estudio experimental de sesgos de memoria implicita y explicita en trastornos emocionales.<\/strong>\u00ab<\/h3>\n<ul>\n<li><strong>T\u00edtulo de la tesis:<\/strong>\u00a0 Estudio experimental de sesgos de memoria implicita y explicita en trastornos emocionales. <\/li>\n<li><strong>Autor:<\/strong>\u00a0  Medina Garcia Pedro Manuel <\/li>\n<li><strong>Universidad:<\/strong>\u00a0 Universitat de val\u00e9ncia (estudi general)<\/li>\n<li><strong>Fecha de lectura de la tesis:<\/strong>\u00a0 01\/01\/1998<\/li>\n<\/ul>\n<p>&nbsp;<\/p>\n<h3>Direcci\u00f3n y tribunal<\/h3>\n<ul>\n<li><strong>Director de la tesis<\/strong>\n<ul>\n<li>Juan Pascual Llobell<\/li>\n<\/ul>\n<\/li>\n<li><strong>Tribunal<\/strong>\n<ul>\n<li>Presidente del tribunal: Amparo Belloch Fuster <\/li>\n<li> Monterde I Bort Hector (vocal)<\/li>\n<li>Cristina Botella Arbona (vocal)<\/li>\n<li>  (vocal)<\/li>\n<\/ul>\n<\/li>\n<\/ul>\n<p>&nbsp;<\/p>\n","protected":false},"excerpt":{"rendered":"<p>Tesis doctoral de Medina Garcia Pedro Manuel La distinci\u00f3n entre memoria impl\u00edcita y expl\u00edcita se ha aplicado al estudio de [&hellip;]<\/p>\n","protected":false},"author":1,"featured_media":0,"comment_status":"open","ping_status":"open","sticky":false,"template":"","format":"standard","meta":{"site-sidebar-layout":"default","site-content-layout":"","ast-site-content-layout":"","site-content-style":"default","site-sidebar-style":"default","ast-global-header-display":"","ast-banner-title-visibility":"","ast-main-header-display":"","ast-hfb-above-header-display":"","ast-hfb-below-header-display":"","ast-hfb-mobile-header-display":"","site-post-title":"","ast-breadcrumbs-content":"","ast-featured-img":"","footer-sml-layout":"","theme-transparent-header-meta":"","adv-header-id-meta":"","stick-header-meta":"","header-above-stick-meta":"","header-main-stick-meta":"","header-below-stick-meta":"","astra-migrate-meta-layouts":"default","ast-page-background-enabled":"default","ast-page-background-meta":{"desktop":{"background-color":"var(--ast-global-color-4)","background-image":"","background-repeat":"repeat","background-position":"center center","background-size":"auto","background-attachment":"scroll","background-type":"","background-media":"","overlay-type":"","overlay-color":"","overlay-gradient":""},"tablet":{"background-color":"","background-image":"","background-repeat":"repeat","background-position":"center center","background-size":"auto","background-attachment":"scroll","background-type":"","background-media":"","overlay-type":"","overlay-color":"","overlay-gradient":""},"mobile":{"background-color":"","background-image":"","background-repeat":"repeat","background-position":"center center","background-size":"auto","background-attachment":"scroll","background-type":"","background-media":"","overlay-type":"","overlay-color":"","overlay-gradient":""}},"ast-content-background-meta":{"desktop":{"background-color":"var(--ast-global-color-5)","background-image":"","background-repeat":"repeat","background-position":"center center","background-size":"auto","background-attachment":"scroll","background-type":"","background-media":"","overlay-type":"","overlay-color":"","overlay-gradient":""},"tablet":{"background-color":"var(--ast-global-color-5)","background-image":"","background-repeat":"repeat","background-position":"center center","background-size":"auto","background-attachment":"scroll","background-type":"","background-media":"","overlay-type":"","overlay-color":"","overlay-gradient":""},"mobile":{"background-color":"var(--ast-global-color-5)","background-image":"","background-repeat":"repeat","background-position":"center center","background-size":"auto","background-attachment":"scroll","background-type":"","background-media":"","overlay-type":"","overlay-color":"","overlay-gradient":""}},"footnotes":""},"categories":[13633,324,961,2462,325],"tags":[13480,12122,19971,95093,45723],"class_list":["post-35699","post","type-post","status-publish","format-standard","hentry","category-procesos-de-la-memoria","category-psicologia","category-psicologia-de-la-anormalidad","category-psicologia-experimental","category-psicopatologia","tag-amparo-belloch-fuster","tag-cristina-botella-arbona","tag-juan-pascual-llobell","tag-medina-garcia-pedro-manuel","tag-monterde-i-bort-hector"],"_links":{"self":[{"href":"https:\/\/www.deberes.net\/tesis\/wp-json\/wp\/v2\/posts\/35699","targetHints":{"allow":["GET"]}}],"collection":[{"href":"https:\/\/www.deberes.net\/tesis\/wp-json\/wp\/v2\/posts"}],"about":[{"href":"https:\/\/www.deberes.net\/tesis\/wp-json\/wp\/v2\/types\/post"}],"author":[{"embeddable":true,"href":"https:\/\/www.deberes.net\/tesis\/wp-json\/wp\/v2\/users\/1"}],"replies":[{"embeddable":true,"href":"https:\/\/www.deberes.net\/tesis\/wp-json\/wp\/v2\/comments?post=35699"}],"version-history":[{"count":0,"href":"https:\/\/www.deberes.net\/tesis\/wp-json\/wp\/v2\/posts\/35699\/revisions"}],"wp:attachment":[{"href":"https:\/\/www.deberes.net\/tesis\/wp-json\/wp\/v2\/media?parent=35699"}],"wp:term":[{"taxonomy":"category","embeddable":true,"href":"https:\/\/www.deberes.net\/tesis\/wp-json\/wp\/v2\/categories?post=35699"},{"taxonomy":"post_tag","embeddable":true,"href":"https:\/\/www.deberes.net\/tesis\/wp-json\/wp\/v2\/tags?post=35699"}],"curies":[{"name":"wp","href":"https:\/\/api.w.org\/{rel}","templated":true}]}}