{"id":35726,"date":"1998-01-01T00:00:00","date_gmt":"1998-01-01T00:00:00","guid":{"rendered":"https:\/\/www.deberes.net\/tesis\/sin-categoria\/sociologia-de-les-ciutats-valencianes\/"},"modified":"1998-01-01T00:00:00","modified_gmt":"1998-01-01T00:00:00","slug":"sociologia-de-les-ciutats-valencianes","status":"publish","type":"post","link":"https:\/\/www.deberes.net\/tesis\/sociologia\/sociologia-de-les-ciutats-valencianes\/","title":{"rendered":"Sociolog\u00eda de les ciutats Valencianes."},"content":{"rendered":"<h2>Tesis doctoral de <strong>  Ni\u00f1oles Monllor Rafael Luis <\/strong><\/h2>\n<p>An\u00e1lisis comparativo de distintos aspectos b\u00e1sicos de la estructura social de las ciudades de mayor rango en el pa\u00eds Valenciano: Valencia (1984 y 1993), alicante, (1994), elche (1994) y castell\u00f3n (1995).  metodolog\u00eda: cinco encuestas estad\u00edsticamente representativas a la poblaci\u00f3n de dichas ciudades de quince y m\u00e1s a\u00f1os, con muestras independientes de 1.111 unidades. Este an\u00e1lisis se contrasta con la situaci\u00f3n social de las 6 comarcas llamadas \u00abcomarques centrals Valencianes\u00bb.  mantiene la interrelaci\u00f3n existente entre los espacios culturales, los modelos econ\u00f3micos y el sistema de ciudades en el eje mediterr\u00e1neo dentro del contexto actual europeo.<\/p>\n<p>&nbsp;<\/p>\n<h3>Datos acad\u00e9micos de la tesis doctoral \u00ab<strong>Sociolog\u00eda de les ciutats Valencianes.<\/strong>\u00ab<\/h3>\n<ul>\n<li><strong>T\u00edtulo de la tesis:<\/strong>\u00a0 Sociolog\u00eda de les ciutats Valencianes. <\/li>\n<li><strong>Autor:<\/strong>\u00a0  Ni\u00f1oles Monllor Rafael Luis <\/li>\n<li><strong>Universidad:<\/strong>\u00a0 Universitat de val\u00e9ncia (estudi general)<\/li>\n<li><strong>Fecha de lectura de la tesis:<\/strong>\u00a0 01\/01\/1998<\/li>\n<\/ul>\n<p>&nbsp;<\/p>\n<h3>Direcci\u00f3n y tribunal<\/h3>\n<ul>\n<li><strong>Director de la tesis<\/strong>\n<ul>\n<li>Damia Molla Beneyto<\/li>\n<\/ul>\n<\/li>\n<li><strong>Tribunal<\/strong>\n<ul>\n<li>Presidente del tribunal: Benjamin Oltra Martin De Los Santos <\/li>\n<li>Gaspar Jaen Urban (vocal)<\/li>\n<li>Eduardo Mira Gonz\u00e1lez (vocal)<\/li>\n<li>Inmaculada Serra Yoldi (vocal)<\/li>\n<\/ul>\n<\/li>\n<\/ul>\n<p>&nbsp;<\/p>\n","protected":false},"excerpt":{"rendered":"<p>Tesis doctoral de Ni\u00f1oles Monllor Rafael Luis An\u00e1lisis comparativo de distintos aspectos b\u00e1sicos de la estructura social de las ciudades [&hellip;]<\/p>\n","protected":false},"author":1,"featured_media":0,"comment_status":"open","ping_status":"open","sticky":false,"template":"","format":"standard","meta":{"site-sidebar-layout":"default","site-content-layout":"","ast-site-content-layout":"","site-content-style":"default","site-sidebar-style":"default","ast-global-header-display":"","ast-banner-title-visibility":"","ast-main-header-display":"","ast-hfb-above-header-display":"","ast-hfb-below-header-display":"","ast-hfb-mobile-header-display":"","site-post-title":"","ast-breadcrumbs-content":"","ast-featured-img":"","footer-sml-layout":"","theme-transparent-header-meta":"","adv-header-id-meta":"","stick-header-meta":"","header-above-stick-meta":"","header-main-stick-meta":"","header-below-stick-meta":"","astra-migrate-meta-layouts":"default","ast-page-background-enabled":"default","ast-page-background-meta":{"desktop":{"background-color":"var(--ast-global-color-4)","background-image":"","background-repeat":"repeat","background-position":"center center","background-size":"auto","background-attachment":"scroll","background-type":"","background-media":"","overlay-type":"","overlay-color":"","overlay-gradient":""},"tablet":{"background-color":"","background-image":"","background-repeat":"repeat","background-position":"center center","background-size":"auto","background-attachment":"scroll","background-type":"","background-media":"","overlay-type":"","overlay-color":"","overlay-gradient":""},"mobile":{"background-color":"","background-image":"","background-repeat":"repeat","background-position":"center center","background-size":"auto","background-attachment":"scroll","background-type":"","background-media":"","overlay-type":"","overlay-color":"","overlay-gradient":""}},"ast-content-background-meta":{"desktop":{"background-color":"var(--ast-global-color-5)","background-image":"","background-repeat":"repeat","background-position":"center center","background-size":"auto","background-attachment":"scroll","background-type":"","background-media":"","overlay-type":"","overlay-color":"","overlay-gradient":""},"tablet":{"background-color":"var(--ast-global-color-5)","background-image":"","background-repeat":"repeat","background-position":"center center","background-size":"auto","background-attachment":"scroll","background-type":"","background-media":"","overlay-type":"","overlay-color":"","overlay-gradient":""},"mobile":{"background-color":"var(--ast-global-color-5)","background-image":"","background-repeat":"repeat","background-position":"center center","background-size":"auto","background-attachment":"scroll","background-type":"","background-media":"","overlay-type":"","overlay-color":"","overlay-gradient":""}},"footnotes":""},"categories":[269,4651,5468],"tags":[19373,95133,90949,35412,40161,95132],"class_list":["post-35726","post","type-post","status-publish","format-standard","hentry","category-sociologia","category-sociologia-de-los-asentamientos-humanos","category-sociologia-urbana","tag-benjamin-oltra-martin-de-los-santos","tag-damia-molla-beneyto","tag-eduardo-mira-gonzalez","tag-gaspar-jaen-urban","tag-inmaculada-serra-yoldi","tag-ninoles-monllor-rafael-luis"],"_links":{"self":[{"href":"https:\/\/www.deberes.net\/tesis\/wp-json\/wp\/v2\/posts\/35726","targetHints":{"allow":["GET"]}}],"collection":[{"href":"https:\/\/www.deberes.net\/tesis\/wp-json\/wp\/v2\/posts"}],"about":[{"href":"https:\/\/www.deberes.net\/tesis\/wp-json\/wp\/v2\/types\/post"}],"author":[{"embeddable":true,"href":"https:\/\/www.deberes.net\/tesis\/wp-json\/wp\/v2\/users\/1"}],"replies":[{"embeddable":true,"href":"https:\/\/www.deberes.net\/tesis\/wp-json\/wp\/v2\/comments?post=35726"}],"version-history":[{"count":0,"href":"https:\/\/www.deberes.net\/tesis\/wp-json\/wp\/v2\/posts\/35726\/revisions"}],"wp:attachment":[{"href":"https:\/\/www.deberes.net\/tesis\/wp-json\/wp\/v2\/media?parent=35726"}],"wp:term":[{"taxonomy":"category","embeddable":true,"href":"https:\/\/www.deberes.net\/tesis\/wp-json\/wp\/v2\/categories?post=35726"},{"taxonomy":"post_tag","embeddable":true,"href":"https:\/\/www.deberes.net\/tesis\/wp-json\/wp\/v2\/tags?post=35726"}],"curies":[{"name":"wp","href":"https:\/\/api.w.org\/{rel}","templated":true}]}}