{"id":35797,"date":"1998-01-01T00:00:00","date_gmt":"1998-01-01T00:00:00","guid":{"rendered":"https:\/\/www.deberes.net\/tesis\/sin-categoria\/flexio-verbal-catalana-estudi-linguistic-de-la-morfologia-flexiva-de-les-formes-verbals\/"},"modified":"1998-01-01T00:00:00","modified_gmt":"1998-01-01T00:00:00","slug":"flexio-verbal-catalana-estudi-linguistic-de-la-morfologia-flexiva-de-les-formes-verbals","status":"publish","type":"post","link":"https:\/\/www.deberes.net\/tesis\/linguistica\/flexio-verbal-catalana-estudi-linguistic-de-la-morfologia-flexiva-de-les-formes-verbals\/","title":{"rendered":"Flexio verbal catalana. estudi linguistic de la morfolog\u00eda flexiva de les formes verbals."},"content":{"rendered":"<h2>Tesis doctoral de <strong> Manuel Sifre Gomez <\/strong><\/h2>\n<p>En esta tesis se estudia la flexi\u00f3n verbal catalana, principalmente en las realizaciones de las variedades Valencianas, a partir de un modelo morfol\u00f3gico de base lexem\u00e1tica: la morfolog\u00eda de la relaci\u00f3n l\u00e9xica. Para conseguir este prop\u00f3sito se efect\u00faa, en primer lugar, un repaso cr\u00edtico de los modelos morfol\u00f3gicos m\u00e1s influyentes dentro del generativismo. As\u00ed se concluye que los problemas te\u00f3ricos de los modelos de base morfem\u00e1tica hacen preferible una aproximaci\u00f3n lexem\u00e1tica. En segundo lugar, se escoge un modelo de tipo \u00abpalabra y paradigma\u00bb y se reelabora, a partir de algunos principios de la morfolog\u00eda natural, para obtener una herramienta de an\u00e1lisis adecuada para el estudio de los paradigmas flexivos complejos y de la morfolog\u00eda en general. En tercer y \u00faltimo lugar, se analizan todos los paradigmas verbales recogidos en un corpus de casi 10000 entradas.  de esta manera, se estudian los patrones morfol\u00f3gicos m\u00e1s productivos, los m\u00e1s idiosincr\u00e1ticos y tambi\u00e9n la estructura general y implicativa de los paradigmas verbales. La clasificaci\u00f3n taxon\u00f3mica obtenida y otros materiales de inter\u00e9s se recogen en una serie de ap\u00e9ndices.<\/p>\n<p>&nbsp;<\/p>\n<h3>Datos acad\u00e9micos de la tesis doctoral \u00ab<strong>Flexio verbal catalana. estudi linguistic de la morfolog\u00eda flexiva de les formes verbals.<\/strong>\u00ab<\/h3>\n<ul>\n<li><strong>T\u00edtulo de la tesis:<\/strong>\u00a0 Flexio verbal catalana. estudi linguistic de la morfolog\u00eda flexiva de les formes verbals. <\/li>\n<li><strong>Autor:<\/strong>\u00a0 Manuel Sifre Gomez <\/li>\n<li><strong>Universidad:<\/strong>\u00a0 Universitat de val\u00e9ncia (estudi general)<\/li>\n<li><strong>Fecha de lectura de la tesis:<\/strong>\u00a0 01\/01\/1998<\/li>\n<\/ul>\n<p>&nbsp;<\/p>\n<h3>Direcci\u00f3n y tribunal<\/h3>\n<ul>\n<li><strong>Director de la tesis<\/strong>\n<ul>\n<li>Manuel Perez Saldanya<\/li>\n<\/ul>\n<\/li>\n<li><strong>Tribunal<\/strong>\n<ul>\n<li>Presidente del tribunal: Antoni Ferrando Frances <\/li>\n<li>Jordi Colomina Castanyer (vocal)<\/li>\n<li>\u00e1ngel L\u00f3pez Garc\u00eda (vocal)<\/li>\n<li> Lloret Roma\u00f1iach M. Rosa (vocal)<\/li>\n<\/ul>\n<\/li>\n<\/ul>\n<p>&nbsp;<\/p>\n","protected":false},"excerpt":{"rendered":"<p>Tesis doctoral de Manuel Sifre Gomez En esta tesis se estudia la flexi\u00f3n verbal catalana, principalmente en las realizaciones de [&hellip;]<\/p>\n","protected":false},"author":1,"featured_media":0,"comment_status":"open","ping_status":"open","sticky":false,"template":"","format":"standard","meta":{"site-sidebar-layout":"default","site-content-layout":"","ast-site-content-layout":"","site-content-style":"default","site-sidebar-style":"default","ast-global-header-display":"","ast-banner-title-visibility":"","ast-main-header-display":"","ast-hfb-above-header-display":"","ast-hfb-below-header-display":"","ast-hfb-mobile-header-display":"","site-post-title":"","ast-breadcrumbs-content":"","ast-featured-img":"","footer-sml-layout":"","theme-transparent-header-meta":"","adv-header-id-meta":"","stick-header-meta":"","header-above-stick-meta":"","header-main-stick-meta":"","header-below-stick-meta":"","astra-migrate-meta-layouts":"default","ast-page-background-enabled":"default","ast-page-background-meta":{"desktop":{"background-color":"var(--ast-global-color-4)","background-image":"","background-repeat":"repeat","background-position":"center center","background-size":"auto","background-attachment":"scroll","background-type":"","background-media":"","overlay-type":"","overlay-color":"","overlay-gradient":""},"tablet":{"background-color":"","background-image":"","background-repeat":"repeat","background-position":"center center","background-size":"auto","background-attachment":"scroll","background-type":"","background-media":"","overlay-type":"","overlay-color":"","overlay-gradient":""},"mobile":{"background-color":"","background-image":"","background-repeat":"repeat","background-position":"center center","background-size":"auto","background-attachment":"scroll","background-type":"","background-media":"","overlay-type":"","overlay-color":"","overlay-gradient":""}},"ast-content-background-meta":{"desktop":{"background-color":"var(--ast-global-color-5)","background-image":"","background-repeat":"repeat","background-position":"center center","background-size":"auto","background-attachment":"scroll","background-type":"","background-media":"","overlay-type":"","overlay-color":"","overlay-gradient":""},"tablet":{"background-color":"var(--ast-global-color-5)","background-image":"","background-repeat":"repeat","background-position":"center center","background-size":"auto","background-attachment":"scroll","background-type":"","background-media":"","overlay-type":"","overlay-color":"","overlay-gradient":""},"mobile":{"background-color":"var(--ast-global-color-5)","background-image":"","background-repeat":"repeat","background-position":"center center","background-size":"auto","background-attachment":"scroll","background-type":"","background-media":"","overlay-type":"","overlay-color":"","overlay-gradient":""}},"footnotes":""},"categories":[61,59,62],"tags":[1515,12334,32943,95252,27604,95251],"class_list":["post-35797","post","type-post","status-publish","format-standard","hentry","category-lexicologia","category-linguistica","category-linguistica-sincronica","tag-angel-lopez-garcia","tag-antoni-ferrando-frances","tag-jordi-colomina-castanyer","tag-lloret-romaniach-m-rosa","tag-manuel-perez-saldanya","tag-manuel-sifre-gomez"],"_links":{"self":[{"href":"https:\/\/www.deberes.net\/tesis\/wp-json\/wp\/v2\/posts\/35797","targetHints":{"allow":["GET"]}}],"collection":[{"href":"https:\/\/www.deberes.net\/tesis\/wp-json\/wp\/v2\/posts"}],"about":[{"href":"https:\/\/www.deberes.net\/tesis\/wp-json\/wp\/v2\/types\/post"}],"author":[{"embeddable":true,"href":"https:\/\/www.deberes.net\/tesis\/wp-json\/wp\/v2\/users\/1"}],"replies":[{"embeddable":true,"href":"https:\/\/www.deberes.net\/tesis\/wp-json\/wp\/v2\/comments?post=35797"}],"version-history":[{"count":0,"href":"https:\/\/www.deberes.net\/tesis\/wp-json\/wp\/v2\/posts\/35797\/revisions"}],"wp:attachment":[{"href":"https:\/\/www.deberes.net\/tesis\/wp-json\/wp\/v2\/media?parent=35797"}],"wp:term":[{"taxonomy":"category","embeddable":true,"href":"https:\/\/www.deberes.net\/tesis\/wp-json\/wp\/v2\/categories?post=35797"},{"taxonomy":"post_tag","embeddable":true,"href":"https:\/\/www.deberes.net\/tesis\/wp-json\/wp\/v2\/tags?post=35797"}],"curies":[{"name":"wp","href":"https:\/\/api.w.org\/{rel}","templated":true}]}}