{"id":35846,"date":"1998-01-01T00:00:00","date_gmt":"1998-01-01T00:00:00","guid":{"rendered":"https:\/\/www.deberes.net\/tesis\/sin-categoria\/la-narrativa-del-grupo-leones-de-luis-mateo-diez-juan-pedro-aparicio-y-jose-maria-merino\/"},"modified":"1998-01-01T00:00:00","modified_gmt":"1998-01-01T00:00:00","slug":"la-narrativa-del-grupo-leones-de-luis-mateo-diez-juan-pedro-aparicio-y-jose-maria-merino","status":"publish","type":"post","link":"https:\/\/www.deberes.net\/tesis\/historia\/la-narrativa-del-grupo-leones-de-luis-mateo-diez-juan-pedro-aparicio-y-jose-maria-merino\/","title":{"rendered":"La narrativa del grupo leones de luis mateo diez, juan pedro aparicio y jose maria merino."},"content":{"rendered":"<h2>Tesis doctoral de <strong> Asuncion Castro Diez <\/strong><\/h2>\n<p>La tesis aborda el estudio de la narrativa de luis mateo d\u00edez, juan pedro aparicio y jos\u00e9 mar\u00eda merino en una doble perspectiva. En primer lugar, plantea la existencia de los tres escritores como comunidad literaria a partir de su convivencia vital y literaria, proyectos conjuntos y concepci\u00f3n com\u00fan de la narrativa expuesta en los escritos y manifiestos de sus primeros a\u00f1os de dedicaci\u00f3n a la literatura. En segundo lugar, la mayor parte de la tesis se centra en el estudio particularizado de sus narraciones (cuentos y novelas) analiz\u00e1ndolas en detallepara extraer aquellas motivaciones y caracter\u00edsticas que mejor definen su universo narrativo.  por \u00faltimo, un apartado final retoma la hip\u00f3tesis de grupo a partir de las caracter\u00edsticas comunes advertidas en el estudio y an\u00e1lisis de sus respectivas obras literarias.<\/p>\n<p>&nbsp;<\/p>\n<h3>Datos acad\u00e9micos de la tesis doctoral \u00ab<strong>La narrativa del grupo leones de luis mateo diez, juan pedro aparicio y jose maria merino.<\/strong>\u00ab<\/h3>\n<ul>\n<li><strong>T\u00edtulo de la tesis:<\/strong>\u00a0 La narrativa del grupo leones de luis mateo diez, juan pedro aparicio y jose maria merino. <\/li>\n<li><strong>Autor:<\/strong>\u00a0 Asuncion Castro Diez <\/li>\n<li><strong>Universidad:<\/strong>\u00a0 Valladolid<\/li>\n<li><strong>Fecha de lectura de la tesis:<\/strong>\u00a0 01\/01\/1998<\/li>\n<\/ul>\n<p>&nbsp;<\/p>\n<h3>Direcci\u00f3n y tribunal<\/h3>\n<ul>\n<li><strong>Director de la tesis<\/strong>\n<ul>\n<li>Joaquin Gonz\u00e1lez Cuenca<\/li>\n<\/ul>\n<\/li>\n<li><strong>Tribunal<\/strong>\n<ul>\n<li>Presidente del tribunal:  Celma Valero M. Pilar <\/li>\n<li> Calvo Carilla Jos\u00e9 Luis (vocal)<\/li>\n<li>Mar\u00eda  Jos\u00e9 Conde Guerri (vocal)<\/li>\n<li>Santos Sanz Villanueva (vocal)<\/li>\n<\/ul>\n<\/li>\n<\/ul>\n<p>&nbsp;<\/p>\n","protected":false},"excerpt":{"rendered":"<p>Tesis doctoral de Asuncion Castro Diez La tesis aborda el estudio de la narrativa de luis mateo d\u00edez, juan pedro [&hellip;]<\/p>\n","protected":false},"author":1,"featured_media":0,"comment_status":"open","ping_status":"open","sticky":false,"template":"","format":"standard","meta":{"site-sidebar-layout":"default","site-content-layout":"","ast-site-content-layout":"","site-content-style":"default","site-sidebar-style":"default","ast-global-header-display":"","ast-banner-title-visibility":"","ast-main-header-display":"","ast-hfb-above-header-display":"","ast-hfb-below-header-display":"","ast-hfb-mobile-header-display":"","site-post-title":"","ast-breadcrumbs-content":"","ast-featured-img":"","footer-sml-layout":"","theme-transparent-header-meta":"","adv-header-id-meta":"","stick-header-meta":"","header-above-stick-meta":"","header-main-stick-meta":"","header-below-stick-meta":"","astra-migrate-meta-layouts":"default","ast-page-background-enabled":"default","ast-page-background-meta":{"desktop":{"background-color":"var(--ast-global-color-4)","background-image":"","background-repeat":"repeat","background-position":"center center","background-size":"auto","background-attachment":"scroll","background-type":"","background-media":"","overlay-type":"","overlay-color":"","overlay-gradient":""},"tablet":{"background-color":"","background-image":"","background-repeat":"repeat","background-position":"center center","background-size":"auto","background-attachment":"scroll","background-type":"","background-media":"","overlay-type":"","overlay-color":"","overlay-gradient":""},"mobile":{"background-color":"","background-image":"","background-repeat":"repeat","background-position":"center center","background-size":"auto","background-attachment":"scroll","background-type":"","background-media":"","overlay-type":"","overlay-color":"","overlay-gradient":""}},"ast-content-background-meta":{"desktop":{"background-color":"var(--ast-global-color-5)","background-image":"","background-repeat":"repeat","background-position":"center center","background-size":"auto","background-attachment":"scroll","background-type":"","background-media":"","overlay-type":"","overlay-color":"","overlay-gradient":""},"tablet":{"background-color":"var(--ast-global-color-5)","background-image":"","background-repeat":"repeat","background-position":"center center","background-size":"auto","background-attachment":"scroll","background-type":"","background-media":"","overlay-type":"","overlay-color":"","overlay-gradient":""},"mobile":{"background-color":"var(--ast-global-color-5)","background-image":"","background-repeat":"repeat","background-position":"center center","background-size":"auto","background-attachment":"scroll","background-type":"","background-media":"","overlay-type":"","overlay-color":"","overlay-gradient":""}},"footnotes":""},"categories":[148,147,104,1867,222,628,12451],"tags":[68502,28795,85438,4973,6404,6372],"class_list":["post-35846","post","type-post","status-publish","format-standard","hentry","category-analisis-literario","category-ciencias-de-las-artes-y-las-letras","category-historia","category-historia-de-la-literatura-espanola","category-historias-especializadas","category-teoria-analisis-y-critica-literarios","category-valladolid","tag-asuncion-castro-diez","tag-calvo-carilla-jose-luis","tag-celma-valero-m-pilar","tag-joaquin-gonzalez-cuenca","tag-maria-jose-conde-guerri","tag-santos-sanz-villanueva"],"_links":{"self":[{"href":"https:\/\/www.deberes.net\/tesis\/wp-json\/wp\/v2\/posts\/35846","targetHints":{"allow":["GET"]}}],"collection":[{"href":"https:\/\/www.deberes.net\/tesis\/wp-json\/wp\/v2\/posts"}],"about":[{"href":"https:\/\/www.deberes.net\/tesis\/wp-json\/wp\/v2\/types\/post"}],"author":[{"embeddable":true,"href":"https:\/\/www.deberes.net\/tesis\/wp-json\/wp\/v2\/users\/1"}],"replies":[{"embeddable":true,"href":"https:\/\/www.deberes.net\/tesis\/wp-json\/wp\/v2\/comments?post=35846"}],"version-history":[{"count":0,"href":"https:\/\/www.deberes.net\/tesis\/wp-json\/wp\/v2\/posts\/35846\/revisions"}],"wp:attachment":[{"href":"https:\/\/www.deberes.net\/tesis\/wp-json\/wp\/v2\/media?parent=35846"}],"wp:term":[{"taxonomy":"category","embeddable":true,"href":"https:\/\/www.deberes.net\/tesis\/wp-json\/wp\/v2\/categories?post=35846"},{"taxonomy":"post_tag","embeddable":true,"href":"https:\/\/www.deberes.net\/tesis\/wp-json\/wp\/v2\/tags?post=35846"}],"curies":[{"name":"wp","href":"https:\/\/api.w.org\/{rel}","templated":true}]}}