{"id":35871,"date":"1998-01-01T00:00:00","date_gmt":"1998-01-01T00:00:00","guid":{"rendered":"https:\/\/www.deberes.net\/tesis\/sin-categoria\/eficacia-de-fenfluramina-y-dexfenfluramina-en-el-tratamiento-de-la-obesidad-un-metaanalisis\/"},"modified":"1998-01-01T00:00:00","modified_gmt":"1998-01-01T00:00:00","slug":"eficacia-de-fenfluramina-y-dexfenfluramina-en-el-tratamiento-de-la-obesidad-un-metaanalisis","status":"publish","type":"post","link":"https:\/\/www.deberes.net\/tesis\/ciencias-medicas\/eficacia-de-fenfluramina-y-dexfenfluramina-en-el-tratamiento-de-la-obesidad-un-metaanalisis\/","title":{"rendered":"Eficacia de fenfluramina y dexfenfluramina en el tratamiento de la obesidad. un metaanalisis."},"content":{"rendered":"<h2>Tesis doctoral de <strong>  Garcia Del Pozo Javier <\/strong><\/h2>\n<p>Los pacientes obesos tratados con fenfluramina y dexfenfluramina logran perder significativamente m\u00e1s peso que los tratados con placebo, al mes, dos meses, tres meses, 6 meses y doce meses de tratamiento. El efecto m\u00e1ximo se alcanza a los tres meses de tratamiento. Tras la supresi\u00f3n de la medicaci\u00f3n, la recuperaci\u00f3n del peso parece estar relacionada con la magnitud del peso perdido. La medicaci\u00f3n anorex\u00edgena, fenfluramina y dexfenfluramina fu\u00e9 m\u00e1s eficaz en los pacientes m\u00e1s j\u00f3venes. En funci\u00f3n de los datos obtenidos sobre la eficacia de fenfluramina y dexfenfluramina y de los datos de seguridad derivados de la literatura, no parece recomendable la instauraci\u00f3n de tratamientos de mediana o larga duraci\u00f3n (6 o 12 meses). La medicaci\u00f3n s\u00f3lo ser\u00eda aplicable en el caso de que estuviese desprovista de los riesgos que se le atribuyen, al menos durante los periodos cortos en que se recomendar\u00eda su uso.<\/p>\n<p>&nbsp;<\/p>\n<h3>Datos acad\u00e9micos de la tesis doctoral \u00ab<strong>Eficacia de fenfluramina y dexfenfluramina en el tratamiento de la obesidad. un metaanalisis.<\/strong>\u00ab<\/h3>\n<ul>\n<li><strong>T\u00edtulo de la tesis:<\/strong>\u00a0 Eficacia de fenfluramina y dexfenfluramina en el tratamiento de la obesidad. un metaanalisis. <\/li>\n<li><strong>Autor:<\/strong>\u00a0  Garcia Del Pozo Javier <\/li>\n<li><strong>Universidad:<\/strong>\u00a0 Valladolid<\/li>\n<li><strong>Fecha de lectura de la tesis:<\/strong>\u00a0 01\/01\/1998<\/li>\n<\/ul>\n<p>&nbsp;<\/p>\n<h3>Direcci\u00f3n y tribunal<\/h3>\n<ul>\n<li><strong>Director de la tesis<\/strong>\n<ul>\n<li> Carvajal Garcia Pando Alfonso<\/li>\n<\/ul>\n<\/li>\n<li><strong>Tribunal<\/strong>\n<ul>\n<li>Presidente del tribunal: Alfonso Velasco Martin <\/li>\n<li>Fernando Rodr\u00edguez Artalejo (vocal)<\/li>\n<li>Luis San Rom\u00e1n Del Barrio (vocal)<\/li>\n<li>Jaume Torello Iserte (vocal)<\/li>\n<\/ul>\n<\/li>\n<\/ul>\n<p>&nbsp;<\/p>\n","protected":false},"excerpt":{"rendered":"<p>Tesis doctoral de Garcia Del Pozo Javier Los pacientes obesos tratados con fenfluramina y dexfenfluramina logran perder significativamente m\u00e1s peso [&hellip;]<\/p>\n","protected":false},"author":1,"featured_media":0,"comment_status":"open","ping_status":"open","sticky":false,"template":"","format":"standard","meta":{"site-sidebar-layout":"default","site-content-layout":"","ast-site-content-layout":"","site-content-style":"default","site-sidebar-style":"default","ast-global-header-display":"","ast-banner-title-visibility":"","ast-main-header-display":"","ast-hfb-above-header-display":"","ast-hfb-below-header-display":"","ast-hfb-mobile-header-display":"","site-post-title":"","ast-breadcrumbs-content":"","ast-featured-img":"","footer-sml-layout":"","theme-transparent-header-meta":"","adv-header-id-meta":"","stick-header-meta":"","header-above-stick-meta":"","header-main-stick-meta":"","header-below-stick-meta":"","astra-migrate-meta-layouts":"default","ast-page-background-enabled":"default","ast-page-background-meta":{"desktop":{"background-color":"var(--ast-global-color-4)","background-image":"","background-repeat":"repeat","background-position":"center center","background-size":"auto","background-attachment":"scroll","background-type":"","background-media":"","overlay-type":"","overlay-color":"","overlay-gradient":""},"tablet":{"background-color":"","background-image":"","background-repeat":"repeat","background-position":"center center","background-size":"auto","background-attachment":"scroll","background-type":"","background-media":"","overlay-type":"","overlay-color":"","overlay-gradient":""},"mobile":{"background-color":"","background-image":"","background-repeat":"repeat","background-position":"center center","background-size":"auto","background-attachment":"scroll","background-type":"","background-media":"","overlay-type":"","overlay-color":"","overlay-gradient":""}},"ast-content-background-meta":{"desktop":{"background-color":"var(--ast-global-color-5)","background-image":"","background-repeat":"repeat","background-position":"center center","background-size":"auto","background-attachment":"scroll","background-type":"","background-media":"","overlay-type":"","overlay-color":"","overlay-gradient":""},"tablet":{"background-color":"var(--ast-global-color-5)","background-image":"","background-repeat":"repeat","background-position":"center center","background-size":"auto","background-attachment":"scroll","background-type":"","background-media":"","overlay-type":"","overlay-color":"","overlay-gradient":""},"mobile":{"background-color":"var(--ast-global-color-5)","background-image":"","background-repeat":"repeat","background-position":"center center","background-size":"auto","background-attachment":"scroll","background-type":"","background-media":"","overlay-type":"","overlay-color":"","overlay-gradient":""}},"footnotes":""},"categories":[9,12692,189,483,7464,324,12451],"tags":[12654,10237,12656,47737,95397,7196],"class_list":["post-35871","post","type-post","status-publish","format-standard","hentry","category-ciencias-medicas","category-efecto-de-las-drogas","category-farmacodinamia","category-mecanismos-de-accion-de-los-farmacos","category-psicofarmacologia","category-psicologia","category-valladolid","tag-alfonso-velasco-martin","tag-carvajal-garcia-pando-alfonso","tag-fernando-rodriguez-artalejo","tag-garcia-del-pozo-javier","tag-jaume-torello-iserte","tag-luis-san-roman-del-barrio"],"_links":{"self":[{"href":"https:\/\/www.deberes.net\/tesis\/wp-json\/wp\/v2\/posts\/35871","targetHints":{"allow":["GET"]}}],"collection":[{"href":"https:\/\/www.deberes.net\/tesis\/wp-json\/wp\/v2\/posts"}],"about":[{"href":"https:\/\/www.deberes.net\/tesis\/wp-json\/wp\/v2\/types\/post"}],"author":[{"embeddable":true,"href":"https:\/\/www.deberes.net\/tesis\/wp-json\/wp\/v2\/users\/1"}],"replies":[{"embeddable":true,"href":"https:\/\/www.deberes.net\/tesis\/wp-json\/wp\/v2\/comments?post=35871"}],"version-history":[{"count":0,"href":"https:\/\/www.deberes.net\/tesis\/wp-json\/wp\/v2\/posts\/35871\/revisions"}],"wp:attachment":[{"href":"https:\/\/www.deberes.net\/tesis\/wp-json\/wp\/v2\/media?parent=35871"}],"wp:term":[{"taxonomy":"category","embeddable":true,"href":"https:\/\/www.deberes.net\/tesis\/wp-json\/wp\/v2\/categories?post=35871"},{"taxonomy":"post_tag","embeddable":true,"href":"https:\/\/www.deberes.net\/tesis\/wp-json\/wp\/v2\/tags?post=35871"}],"curies":[{"name":"wp","href":"https:\/\/api.w.org\/{rel}","templated":true}]}}