{"id":35922,"date":"1998-01-01T00:00:00","date_gmt":"1998-01-01T00:00:00","guid":{"rendered":"https:\/\/www.deberes.net\/tesis\/sin-categoria\/ideologia-feminista-en-la-literatura-puertorriquena-del-siglo-xix\/"},"modified":"1998-01-01T00:00:00","modified_gmt":"1998-01-01T00:00:00","slug":"ideologia-feminista-en-la-literatura-puertorriquena-del-siglo-xix","status":"publish","type":"post","link":"https:\/\/www.deberes.net\/tesis\/historia\/ideologia-feminista-en-la-literatura-puertorriquena-del-siglo-xix\/","title":{"rendered":"Ideolog\u00eda feminista en la literatura puertorrique\u00f1a del siglo xix."},"content":{"rendered":"<h2>Tesis doctoral de <strong> Europa Pi\u00f1ero Gonzalez <\/strong><\/h2>\n<p>Mucho se ha escrito sobre el desarrollo del feminismo en el siglo xx. Sin embargo, poco se conoce del comienzo de esta ideolog\u00eda en el siglo xix en puerto rico. Es a trav\u00e9s de la literatura de la \u00e9poca d\u00f3nde se encuentran las manifestaciones de ese desarrollo. Se describe c\u00f3mo el derecho a la instrucci\u00f3n es el primer escal\u00f3n que aglutina a las mentalidades m\u00e1s preclaras de la \u00e9poca enarbolando el derecho a la educaci\u00f3n de la mujer. Junto a esta lucha, se manifiesta en la literatura c\u00f3mo el romanticismo fu\u00e9 el movimiento literario que permiti\u00f3 el desarrollo de la conciencia del yo en la mujer y por eso escribir\u00e1 ella sobre sus sentimientos, paso determinante para el desarrollo de la nueva ideolog\u00eda. A la vez, se manifiesta el deseo de justicia social que muestran los peri\u00f3dicos liberales y anarquistas de la \u00e9poca, claro est\u00e1 desde sus peculiares visiones del mundo que afectar\u00e1n tambi\u00e9n los escritos femeninos y profemeninos escritos por hombres. La aportaci\u00f3n que hicieron todos estos escritores contribuy\u00f3 a que se reconocieran los derechos de la otra mitad del g\u00e9nero humano.<\/p>\n<p>&nbsp;<\/p>\n<h3>Datos acad\u00e9micos de la tesis doctoral \u00ab<strong>Ideolog\u00eda feminista en la literatura puertorrique\u00f1a del siglo xix.<\/strong>\u00ab<\/h3>\n<ul>\n<li><strong>T\u00edtulo de la tesis:<\/strong>\u00a0 Ideolog\u00eda feminista en la literatura puertorrique\u00f1a del siglo xix. <\/li>\n<li><strong>Autor:<\/strong>\u00a0 Europa Pi\u00f1ero Gonzalez <\/li>\n<li><strong>Universidad:<\/strong>\u00a0 Valladolid<\/li>\n<li><strong>Fecha de lectura de la tesis:<\/strong>\u00a0 01\/01\/1998<\/li>\n<\/ul>\n<p>&nbsp;<\/p>\n<h3>Direcci\u00f3n y tribunal<\/h3>\n<ul>\n<li><strong>Director de la tesis<\/strong>\n<ul>\n<li>Demetrio Ramos Perez<\/li>\n<\/ul>\n<\/li>\n<li><strong>Tribunal<\/strong>\n<ul>\n<li>Presidente del tribunal: Montserrat Garate Ojanguren <\/li>\n<li>Concepcion Navarro Azcue (vocal)<\/li>\n<li>Irene Vallejo Gonz\u00e1lez (vocal)<\/li>\n<li>Ana Gimeno Gomez (vocal)<\/li>\n<\/ul>\n<\/li>\n<\/ul>\n<p>&nbsp;<\/p>\n","protected":false},"excerpt":{"rendered":"<p>Tesis doctoral de Europa Pi\u00f1ero Gonzalez Mucho se ha escrito sobre el desarrollo del feminismo en el siglo xx. Sin [&hellip;]<\/p>\n","protected":false},"author":1,"featured_media":0,"comment_status":"open","ping_status":"open","sticky":false,"template":"","format":"standard","meta":{"site-sidebar-layout":"default","site-content-layout":"","ast-site-content-layout":"","site-content-style":"default","site-sidebar-style":"default","ast-global-header-display":"","ast-banner-title-visibility":"","ast-main-header-display":"","ast-hfb-above-header-display":"","ast-hfb-below-header-display":"","ast-hfb-mobile-header-display":"","site-post-title":"","ast-breadcrumbs-content":"","ast-featured-img":"","footer-sml-layout":"","theme-transparent-header-meta":"","adv-header-id-meta":"","stick-header-meta":"","header-above-stick-meta":"","header-main-stick-meta":"","header-below-stick-meta":"","astra-migrate-meta-layouts":"default","ast-page-background-enabled":"default","ast-page-background-meta":{"desktop":{"background-color":"var(--ast-global-color-4)","background-image":"","background-repeat":"repeat","background-position":"center center","background-size":"auto","background-attachment":"scroll","background-type":"","background-media":"","overlay-type":"","overlay-color":"","overlay-gradient":""},"tablet":{"background-color":"","background-image":"","background-repeat":"repeat","background-position":"center center","background-size":"auto","background-attachment":"scroll","background-type":"","background-media":"","overlay-type":"","overlay-color":"","overlay-gradient":""},"mobile":{"background-color":"","background-image":"","background-repeat":"repeat","background-position":"center center","background-size":"auto","background-attachment":"scroll","background-type":"","background-media":"","overlay-type":"","overlay-color":"","overlay-gradient":""}},"ast-content-background-meta":{"desktop":{"background-color":"var(--ast-global-color-5)","background-image":"","background-repeat":"repeat","background-position":"center center","background-size":"auto","background-attachment":"scroll","background-type":"","background-media":"","overlay-type":"","overlay-color":"","overlay-gradient":""},"tablet":{"background-color":"var(--ast-global-color-5)","background-image":"","background-repeat":"repeat","background-position":"center center","background-size":"auto","background-attachment":"scroll","background-type":"","background-media":"","overlay-type":"","overlay-color":"","overlay-gradient":""},"mobile":{"background-color":"var(--ast-global-color-5)","background-image":"","background-repeat":"repeat","background-position":"center center","background-size":"auto","background-attachment":"scroll","background-type":"","background-media":"","overlay-type":"","overlay-color":"","overlay-gradient":""}},"footnotes":""},"categories":[104,6049,713,220,222,12451],"tags":[27912,6903,95356,95495,58906,31968],"class_list":["post-35922","post","type-post","status-publish","format-standard","hentry","category-historia","category-historia-contemporanea-del-area-americana","category-historia-de-la-literatura","category-historia-por-epocas","category-historias-especializadas","category-valladolid","tag-ana-gimeno-gomez","tag-concepcion-navarro-azcue","tag-demetrio-ramos-perez","tag-europa-pinero-gonzalez","tag-irene-vallejo-gonzalez","tag-montserrat-garate-ojanguren"],"_links":{"self":[{"href":"https:\/\/www.deberes.net\/tesis\/wp-json\/wp\/v2\/posts\/35922","targetHints":{"allow":["GET"]}}],"collection":[{"href":"https:\/\/www.deberes.net\/tesis\/wp-json\/wp\/v2\/posts"}],"about":[{"href":"https:\/\/www.deberes.net\/tesis\/wp-json\/wp\/v2\/types\/post"}],"author":[{"embeddable":true,"href":"https:\/\/www.deberes.net\/tesis\/wp-json\/wp\/v2\/users\/1"}],"replies":[{"embeddable":true,"href":"https:\/\/www.deberes.net\/tesis\/wp-json\/wp\/v2\/comments?post=35922"}],"version-history":[{"count":0,"href":"https:\/\/www.deberes.net\/tesis\/wp-json\/wp\/v2\/posts\/35922\/revisions"}],"wp:attachment":[{"href":"https:\/\/www.deberes.net\/tesis\/wp-json\/wp\/v2\/media?parent=35922"}],"wp:term":[{"taxonomy":"category","embeddable":true,"href":"https:\/\/www.deberes.net\/tesis\/wp-json\/wp\/v2\/categories?post=35922"},{"taxonomy":"post_tag","embeddable":true,"href":"https:\/\/www.deberes.net\/tesis\/wp-json\/wp\/v2\/tags?post=35922"}],"curies":[{"name":"wp","href":"https:\/\/api.w.org\/{rel}","templated":true}]}}