{"id":35929,"date":"1998-01-01T00:00:00","date_gmt":"1998-01-01T00:00:00","guid":{"rendered":"https:\/\/www.deberes.net\/tesis\/sin-categoria\/la-narrativa-de-torrente-ballester-y-el-quijote\/"},"modified":"1998-01-01T00:00:00","modified_gmt":"1998-01-01T00:00:00","slug":"la-narrativa-de-torrente-ballester-y-el-quijote","status":"publish","type":"post","link":"https:\/\/www.deberes.net\/tesis\/ciencias-de-las-artes-y-las-letras\/la-narrativa-de-torrente-ballester-y-el-quijote\/","title":{"rendered":"La narrativa de torrente ballester y \u00abel quijote\u00bb."},"content":{"rendered":"<h2>Tesis doctoral de <strong> Alicia Rodriguez Elices <\/strong><\/h2>\n<p>La narrativa de gonzalo torrente ballester est\u00e1 muy influenciada por la modernidad que cervantes inaugura en \u00abel quijote\u00bb. Con torrente tenemos un ejemplo m\u00e1s de la huella cervantina en la novela actual, con lo cual el estudio de cervantes en la novela de torrente no s\u00f3lo contribuye a desarrollar un aspecto poco estudiado en este escritor, sino que adem\u00e1s hace una aportaci\u00f3n al estudio de la novela del siglo xx desde este punto de vista.  la interrelaci\u00f3n de realidad y ficci\u00f3n, as\u00ed como la utilizaci\u00f3n de la complejidad de la metaficci\u00f3n, estructuran de modo general la teor\u00eda cervantina de torrente. Igualmente, el estudio de aspectos significativos de su juego narrativo, como la utilizaci\u00f3n del narrador, del autor, de los personajes, la estructura, la tem\u00e1tica empleada o el uso del marco espacio-temporal, se relacionan coherentemente con la teor\u00eda torrentina de la novela, en relaci\u00f3n con \u00abel quijote\u00bb. Finalmente, la visi\u00f3n l\u00fadica e ir\u00f3nica de torrente ratifica la influencia de cervantes en este escritor.<\/p>\n<p>&nbsp;<\/p>\n<h3>Datos acad\u00e9micos de la tesis doctoral \u00ab<strong>La narrativa de torrente ballester y \u00abel quijote\u00bb.<\/strong>\u00ab<\/h3>\n<ul>\n<li><strong>T\u00edtulo de la tesis:<\/strong>\u00a0 La narrativa de torrente ballester y \u00abel quijote\u00bb. <\/li>\n<li><strong>Autor:<\/strong>\u00a0 Alicia Rodriguez Elices <\/li>\n<li><strong>Universidad:<\/strong>\u00a0 Valladolid<\/li>\n<li><strong>Fecha de lectura de la tesis:<\/strong>\u00a0 01\/01\/1998<\/li>\n<\/ul>\n<p>&nbsp;<\/p>\n<h3>Direcci\u00f3n y tribunal<\/h3>\n<ul>\n<li><strong>Director de la tesis<\/strong>\n<ul>\n<li>Ricardo De La Fuente Ballesteros<\/li>\n<\/ul>\n<\/li>\n<li><strong>Tribunal<\/strong>\n<ul>\n<li>Presidente del tribunal: Tomas Albaladejo Mayordomo <\/li>\n<li>Mercedes Rodr\u00edguez Peque\u00f1o (vocal)<\/li>\n<li>Angel Gomez Moreno (vocal)<\/li>\n<li>Epicteto Diaz Navarro (vocal)<\/li>\n<\/ul>\n<\/li>\n<\/ul>\n<p>&nbsp;<\/p>\n","protected":false},"excerpt":{"rendered":"<p>Tesis doctoral de Alicia Rodriguez Elices La narrativa de gonzalo torrente ballester est\u00e1 muy influenciada por la modernidad que cervantes [&hellip;]<\/p>\n","protected":false},"author":1,"featured_media":0,"comment_status":"open","ping_status":"open","sticky":false,"template":"","format":"standard","meta":{"site-sidebar-layout":"default","site-content-layout":"","ast-site-content-layout":"","site-content-style":"default","site-sidebar-style":"default","ast-global-header-display":"","ast-banner-title-visibility":"","ast-main-header-display":"","ast-hfb-above-header-display":"","ast-hfb-below-header-display":"","ast-hfb-mobile-header-display":"","site-post-title":"","ast-breadcrumbs-content":"","ast-featured-img":"","footer-sml-layout":"","theme-transparent-header-meta":"","adv-header-id-meta":"","stick-header-meta":"","header-above-stick-meta":"","header-main-stick-meta":"","header-below-stick-meta":"","astra-migrate-meta-layouts":"default","ast-page-background-enabled":"default","ast-page-background-meta":{"desktop":{"background-color":"var(--ast-global-color-4)","background-image":"","background-repeat":"repeat","background-position":"center center","background-size":"auto","background-attachment":"scroll","background-type":"","background-media":"","overlay-type":"","overlay-color":"","overlay-gradient":""},"tablet":{"background-color":"","background-image":"","background-repeat":"repeat","background-position":"center center","background-size":"auto","background-attachment":"scroll","background-type":"","background-media":"","overlay-type":"","overlay-color":"","overlay-gradient":""},"mobile":{"background-color":"","background-image":"","background-repeat":"repeat","background-position":"center center","background-size":"auto","background-attachment":"scroll","background-type":"","background-media":"","overlay-type":"","overlay-color":"","overlay-gradient":""}},"ast-content-background-meta":{"desktop":{"background-color":"var(--ast-global-color-5)","background-image":"","background-repeat":"repeat","background-position":"center center","background-size":"auto","background-attachment":"scroll","background-type":"","background-media":"","overlay-type":"","overlay-color":"","overlay-gradient":""},"tablet":{"background-color":"var(--ast-global-color-5)","background-image":"","background-repeat":"repeat","background-position":"center center","background-size":"auto","background-attachment":"scroll","background-type":"","background-media":"","overlay-type":"","overlay-color":"","overlay-gradient":""},"mobile":{"background-color":"var(--ast-global-color-5)","background-image":"","background-repeat":"repeat","background-position":"center center","background-size":"auto","background-attachment":"scroll","background-type":"","background-media":"","overlay-type":"","overlay-color":"","overlay-gradient":""}},"footnotes":""},"categories":[148,147,628,12451],"tags":[95507,6018,39228,68829,23564,4759],"class_list":["post-35929","post","type-post","status-publish","format-standard","hentry","category-analisis-literario","category-ciencias-de-las-artes-y-las-letras","category-teoria-analisis-y-critica-literarios","category-valladolid","tag-alicia-rodriguez-elices","tag-angel-gomez-moreno","tag-epicteto-diaz-navarro","tag-mercedes-rodriguez-pequeno","tag-ricardo-de-la-fuente-ballesteros","tag-tomas-albaladejo-mayordomo"],"_links":{"self":[{"href":"https:\/\/www.deberes.net\/tesis\/wp-json\/wp\/v2\/posts\/35929","targetHints":{"allow":["GET"]}}],"collection":[{"href":"https:\/\/www.deberes.net\/tesis\/wp-json\/wp\/v2\/posts"}],"about":[{"href":"https:\/\/www.deberes.net\/tesis\/wp-json\/wp\/v2\/types\/post"}],"author":[{"embeddable":true,"href":"https:\/\/www.deberes.net\/tesis\/wp-json\/wp\/v2\/users\/1"}],"replies":[{"embeddable":true,"href":"https:\/\/www.deberes.net\/tesis\/wp-json\/wp\/v2\/comments?post=35929"}],"version-history":[{"count":0,"href":"https:\/\/www.deberes.net\/tesis\/wp-json\/wp\/v2\/posts\/35929\/revisions"}],"wp:attachment":[{"href":"https:\/\/www.deberes.net\/tesis\/wp-json\/wp\/v2\/media?parent=35929"}],"wp:term":[{"taxonomy":"category","embeddable":true,"href":"https:\/\/www.deberes.net\/tesis\/wp-json\/wp\/v2\/categories?post=35929"},{"taxonomy":"post_tag","embeddable":true,"href":"https:\/\/www.deberes.net\/tesis\/wp-json\/wp\/v2\/tags?post=35929"}],"curies":[{"name":"wp","href":"https:\/\/api.w.org\/{rel}","templated":true}]}}