{"id":35959,"date":"1998-01-01T00:00:00","date_gmt":"1998-01-01T00:00:00","guid":{"rendered":"https:\/\/www.deberes.net\/tesis\/sin-categoria\/juntadura-eta-elipsia-euskaraz\/"},"modified":"1998-01-01T00:00:00","modified_gmt":"1998-01-01T00:00:00","slug":"juntadura-eta-elipsia-euskaraz","status":"publish","type":"post","link":"https:\/\/www.deberes.net\/tesis\/linguistica\/juntadura-eta-elipsia-euskaraz\/","title":{"rendered":"Juntadura eta elipsia euskaraz"},"content":{"rendered":"<h2>Tesis doctoral de <strong> I\u00f1aki Amundarain Arana <\/strong><\/h2>\n<p>En este trabajo hemos analizado la elipsis en las estructuras coordinadas del euskara, prestando especial atenci\u00f3n a la labor de descripci\u00f3n. Para ello, hemos analizado un extenso corpus de obras cl\u00e1sicas, vali\u00e9ndose de medios inform\u00e1ticos. El marco principal de la referencia ha sido la gram\u00e1tica generativa. Por lo que respecta al vaciado hemos propuesto que la estructura pragm\u00e1tica juega un papel determinante, y hemos mostrado los problemas de enfoques anteriores. En la coordinaci\u00f3n de sintagmas, hemos propuesto que el factor relevante para la aceptabilidad de la elipsis de marca de caso es morfonol\u00f3gico, mientras que en la elipsis de determinantes nos encontramos con un problema sint\u00e1ctico.  hemos realizado tambi\u00e9n un an\u00e1lisis exhaustivo de la coordinaci\u00f3n acategorial.<\/p>\n<p>&nbsp;<\/p>\n<h3>Datos acad\u00e9micos de la tesis doctoral \u00ab<strong>Juntadura eta elipsia euskaraz<\/strong>\u00ab<\/h3>\n<ul>\n<li><strong>T\u00edtulo de la tesis:<\/strong>\u00a0 Juntadura eta elipsia euskaraz <\/li>\n<li><strong>Autor:<\/strong>\u00a0 I\u00f1aki Amundarain Arana <\/li>\n<li><strong>Universidad:<\/strong>\u00a0 Pa\u00eds vasco\/euskal herriko unibertsitatea<\/li>\n<li><strong>Fecha de lectura de la tesis:<\/strong>\u00a0 01\/01\/1998<\/li>\n<\/ul>\n<p>&nbsp;<\/p>\n<h3>Direcci\u00f3n y tribunal<\/h3>\n<ul>\n<li><strong>Director de la tesis<\/strong>\n<ul>\n<li>Patxi Goenaga Mendizabal<\/li>\n<\/ul>\n<\/li>\n<li><strong>Tribunal<\/strong>\n<ul>\n<li>Presidente del tribunal:  De Rijk Rudolf P. <\/li>\n<li>Miren Azkarate Villar (vocal)<\/li>\n<li>Be\u00f1at Oyhartzabal Bidegorri (vocal)<\/li>\n<li> Ortiz De Urbina Arruabarrena Jon (vocal)<\/li>\n<\/ul>\n<\/li>\n<\/ul>\n<p>&nbsp;<\/p>\n","protected":false},"excerpt":{"rendered":"<p>Tesis doctoral de I\u00f1aki Amundarain Arana En este trabajo hemos analizado la elipsis en las estructuras coordinadas del euskara, prestando [&hellip;]<\/p>\n","protected":false},"author":1,"featured_media":0,"comment_status":"open","ping_status":"open","sticky":false,"template":"","format":"standard","meta":{"site-sidebar-layout":"default","site-content-layout":"","ast-site-content-layout":"","site-content-style":"default","site-sidebar-style":"default","ast-global-header-display":"","ast-banner-title-visibility":"","ast-main-header-display":"","ast-hfb-above-header-display":"","ast-hfb-below-header-display":"","ast-hfb-mobile-header-display":"","site-post-title":"","ast-breadcrumbs-content":"","ast-featured-img":"","footer-sml-layout":"","theme-transparent-header-meta":"","adv-header-id-meta":"","stick-header-meta":"","header-above-stick-meta":"","header-main-stick-meta":"","header-below-stick-meta":"","astra-migrate-meta-layouts":"default","ast-page-background-enabled":"default","ast-page-background-meta":{"desktop":{"background-color":"var(--ast-global-color-4)","background-image":"","background-repeat":"repeat","background-position":"center center","background-size":"auto","background-attachment":"scroll","background-type":"","background-media":"","overlay-type":"","overlay-color":"","overlay-gradient":""},"tablet":{"background-color":"","background-image":"","background-repeat":"repeat","background-position":"center center","background-size":"auto","background-attachment":"scroll","background-type":"","background-media":"","overlay-type":"","overlay-color":"","overlay-gradient":""},"mobile":{"background-color":"","background-image":"","background-repeat":"repeat","background-position":"center center","background-size":"auto","background-attachment":"scroll","background-type":"","background-media":"","overlay-type":"","overlay-color":"","overlay-gradient":""}},"ast-content-background-meta":{"desktop":{"background-color":"var(--ast-global-color-5)","background-image":"","background-repeat":"repeat","background-position":"center center","background-size":"auto","background-attachment":"scroll","background-type":"","background-media":"","overlay-type":"","overlay-color":"","overlay-gradient":""},"tablet":{"background-color":"var(--ast-global-color-5)","background-image":"","background-repeat":"repeat","background-position":"center center","background-size":"auto","background-attachment":"scroll","background-type":"","background-media":"","overlay-type":"","overlay-color":"","overlay-gradient":""},"mobile":{"background-color":"var(--ast-global-color-5)","background-image":"","background-repeat":"repeat","background-position":"center center","background-size":"auto","background-attachment":"scroll","background-type":"","background-media":"","overlay-type":"","overlay-color":"","overlay-gradient":""}},"footnotes":""},"categories":[59,62,12909,409],"tags":[13021,95566,95565,20119,95567,12990],"class_list":["post-35959","post","type-post","status-publish","format-standard","hentry","category-linguistica","category-linguistica-sincronica","category-pais-vasco-euskal-herriko-unibertsitatea","category-sintaxis-y-analisis-sintactico","tag-benat-oyhartzabal-bidegorri","tag-de-rijk-rudolf-p","tag-inaki-amundarain-arana","tag-miren-azkarate-villar","tag-ortiz-de-urbina-arruabarrena-jon","tag-patxi-goenaga-mendizabal"],"_links":{"self":[{"href":"https:\/\/www.deberes.net\/tesis\/wp-json\/wp\/v2\/posts\/35959","targetHints":{"allow":["GET"]}}],"collection":[{"href":"https:\/\/www.deberes.net\/tesis\/wp-json\/wp\/v2\/posts"}],"about":[{"href":"https:\/\/www.deberes.net\/tesis\/wp-json\/wp\/v2\/types\/post"}],"author":[{"embeddable":true,"href":"https:\/\/www.deberes.net\/tesis\/wp-json\/wp\/v2\/users\/1"}],"replies":[{"embeddable":true,"href":"https:\/\/www.deberes.net\/tesis\/wp-json\/wp\/v2\/comments?post=35959"}],"version-history":[{"count":0,"href":"https:\/\/www.deberes.net\/tesis\/wp-json\/wp\/v2\/posts\/35959\/revisions"}],"wp:attachment":[{"href":"https:\/\/www.deberes.net\/tesis\/wp-json\/wp\/v2\/media?parent=35959"}],"wp:term":[{"taxonomy":"category","embeddable":true,"href":"https:\/\/www.deberes.net\/tesis\/wp-json\/wp\/v2\/categories?post=35959"},{"taxonomy":"post_tag","embeddable":true,"href":"https:\/\/www.deberes.net\/tesis\/wp-json\/wp\/v2\/tags?post=35959"}],"curies":[{"name":"wp","href":"https:\/\/api.w.org\/{rel}","templated":true}]}}