{"id":36023,"date":"1998-01-01T00:00:00","date_gmt":"1998-01-01T00:00:00","guid":{"rendered":"https:\/\/www.deberes.net\/tesis\/sin-categoria\/estudio-de-la-demanda-urgente-medica-hospitalaria-sin-ingreso\/"},"modified":"1998-01-01T00:00:00","modified_gmt":"1998-01-01T00:00:00","slug":"estudio-de-la-demanda-urgente-medica-hospitalaria-sin-ingreso","status":"publish","type":"post","link":"https:\/\/www.deberes.net\/tesis\/ciencias-medicas\/estudio-de-la-demanda-urgente-medica-hospitalaria-sin-ingreso\/","title":{"rendered":"Estudio de la demanda urgente medica hospitalaria sin ingreso."},"content":{"rendered":"<h2>Tesis doctoral de <strong> Milagros Garcia Vergara <\/strong><\/h2>\n<p>El objetivo de este estudio se centra en la descripci\u00f3n y correspondiente an\u00e1lisis de diferentes variables que concurren en la utilizaci\u00f3n de la secci\u00f3n m\u00e9dica de un servicio de urgencias sin necesidad de ingreso.  observamos que el servicio de urgencias es utilizado por igual los diferentes d\u00edas de la semana, en cualquiera de los horarios. No hay diferencia en el uso por edad y sexo. Entre los antecedentes personales destacan en las mujeres la hipertensi\u00f3n, alergias medicamentosas y tratamiento m\u00e9dico habitual, y entre los hombres, las neoplasias, siendo todos estos cuadros m\u00e1s frecuentes en hombres de 65 a\u00f1os. Los s\u00edntomas m\u00e1s frecuentes por los que acuden las personas de este estudio son los cuerpos extra\u00f1os oculares en los hombres y el dolor abdominal y el mareo en las mujeres. La mayor preocupaci\u00f3n de las personas viene determinada por el mareo y los cuerpos extra\u00f1os oculares, mientras que los s\u00edntomas que m\u00e1s tardan en acudir son el dolor tor\u00e1cico, la odinofagia y la tos.<\/p>\n<p>&nbsp;<\/p>\n<h3>Datos acad\u00e9micos de la tesis doctoral \u00ab<strong>Estudio de la demanda urgente medica hospitalaria sin ingreso.<\/strong>\u00ab<\/h3>\n<ul>\n<li><strong>T\u00edtulo de la tesis:<\/strong>\u00a0 Estudio de la demanda urgente medica hospitalaria sin ingreso. <\/li>\n<li><strong>Autor:<\/strong>\u00a0 Milagros Garcia Vergara <\/li>\n<li><strong>Universidad:<\/strong>\u00a0 Pa\u00eds vasco\/euskal herriko unibertsitatea<\/li>\n<li><strong>Fecha de lectura de la tesis:<\/strong>\u00a0 01\/01\/1998<\/li>\n<\/ul>\n<p>&nbsp;<\/p>\n<h3>Direcci\u00f3n y tribunal<\/h3>\n<ul>\n<li><strong>Director de la tesis<\/strong>\n<ul>\n<li>Luis Carlos Abecia Inchaurregui<\/li>\n<\/ul>\n<\/li>\n<li><strong>Tribunal<\/strong>\n<ul>\n<li>Presidente del tribunal: Francisco Calbo Torrecilla <\/li>\n<li>Jos\u00e9 Ram\u00f3n De Juan es Pardo (vocal)<\/li>\n<li>Juan  Jes\u00fas Gestal Otero (vocal)<\/li>\n<li> Arevalo Alonso Jos\u00e9 Miguel (vocal)<\/li>\n<\/ul>\n<\/li>\n<\/ul>\n<p>&nbsp;<\/p>\n","protected":false},"excerpt":{"rendered":"<p>Tesis doctoral de Milagros Garcia Vergara El objetivo de este estudio se centra en la descripci\u00f3n y correspondiente an\u00e1lisis de [&hellip;]<\/p>\n","protected":false},"author":1,"featured_media":0,"comment_status":"open","ping_status":"open","sticky":false,"template":"","format":"standard","meta":{"site-sidebar-layout":"default","site-content-layout":"","ast-site-content-layout":"","site-content-style":"default","site-sidebar-style":"default","ast-global-header-display":"","ast-banner-title-visibility":"","ast-main-header-display":"","ast-hfb-above-header-display":"","ast-hfb-below-header-display":"","ast-hfb-mobile-header-display":"","site-post-title":"","ast-breadcrumbs-content":"","ast-featured-img":"","footer-sml-layout":"","theme-transparent-header-meta":"","adv-header-id-meta":"","stick-header-meta":"","header-above-stick-meta":"","header-main-stick-meta":"","header-below-stick-meta":"","astra-migrate-meta-layouts":"default","ast-page-background-enabled":"default","ast-page-background-meta":{"desktop":{"background-color":"var(--ast-global-color-4)","background-image":"","background-repeat":"repeat","background-position":"center center","background-size":"auto","background-attachment":"scroll","background-type":"","background-media":"","overlay-type":"","overlay-color":"","overlay-gradient":""},"tablet":{"background-color":"","background-image":"","background-repeat":"repeat","background-position":"center center","background-size":"auto","background-attachment":"scroll","background-type":"","background-media":"","overlay-type":"","overlay-color":"","overlay-gradient":""},"mobile":{"background-color":"","background-image":"","background-repeat":"repeat","background-position":"center center","background-size":"auto","background-attachment":"scroll","background-type":"","background-media":"","overlay-type":"","overlay-color":"","overlay-gradient":""}},"ast-content-background-meta":{"desktop":{"background-color":"var(--ast-global-color-5)","background-image":"","background-repeat":"repeat","background-position":"center center","background-size":"auto","background-attachment":"scroll","background-type":"","background-media":"","overlay-type":"","overlay-color":"","overlay-gradient":""},"tablet":{"background-color":"var(--ast-global-color-5)","background-image":"","background-repeat":"repeat","background-position":"center center","background-size":"auto","background-attachment":"scroll","background-type":"","background-media":"","overlay-type":"","overlay-color":"","overlay-gradient":""},"mobile":{"background-color":"var(--ast-global-color-5)","background-image":"","background-repeat":"repeat","background-position":"center center","background-size":"auto","background-attachment":"scroll","background-type":"","background-media":"","overlay-type":"","overlay-color":"","overlay-gradient":""}},"footnotes":""},"categories":[9,1686,12909,967],"tags":[12515,44431,29797,2686,41246,95687],"class_list":["post-36023","post","type-post","status-publish","format-standard","hentry","category-ciencias-medicas","category-medicina-preventiva","category-pais-vasco-euskal-herriko-unibertsitatea","category-salud-publica","tag-arevalo-alonso-jose-miguel","tag-francisco-calbo-torrecilla","tag-jose-ramon-de-juan-es-pardo","tag-juan-jesus-gestal-otero","tag-luis-carlos-abecia-inchaurregui","tag-milagros-garcia-vergara"],"_links":{"self":[{"href":"https:\/\/www.deberes.net\/tesis\/wp-json\/wp\/v2\/posts\/36023","targetHints":{"allow":["GET"]}}],"collection":[{"href":"https:\/\/www.deberes.net\/tesis\/wp-json\/wp\/v2\/posts"}],"about":[{"href":"https:\/\/www.deberes.net\/tesis\/wp-json\/wp\/v2\/types\/post"}],"author":[{"embeddable":true,"href":"https:\/\/www.deberes.net\/tesis\/wp-json\/wp\/v2\/users\/1"}],"replies":[{"embeddable":true,"href":"https:\/\/www.deberes.net\/tesis\/wp-json\/wp\/v2\/comments?post=36023"}],"version-history":[{"count":0,"href":"https:\/\/www.deberes.net\/tesis\/wp-json\/wp\/v2\/posts\/36023\/revisions"}],"wp:attachment":[{"href":"https:\/\/www.deberes.net\/tesis\/wp-json\/wp\/v2\/media?parent=36023"}],"wp:term":[{"taxonomy":"category","embeddable":true,"href":"https:\/\/www.deberes.net\/tesis\/wp-json\/wp\/v2\/categories?post=36023"},{"taxonomy":"post_tag","embeddable":true,"href":"https:\/\/www.deberes.net\/tesis\/wp-json\/wp\/v2\/tags?post=36023"}],"curies":[{"name":"wp","href":"https:\/\/api.w.org\/{rel}","templated":true}]}}