{"id":36026,"date":"1998-01-01T00:00:00","date_gmt":"1998-01-01T00:00:00","guid":{"rendered":"https:\/\/www.deberes.net\/tesis\/sin-categoria\/particion-informacional-en-el-discurso\/"},"modified":"1998-01-01T00:00:00","modified_gmt":"1998-01-01T00:00:00","slug":"particion-informacional-en-el-discurso","status":"publish","type":"post","link":"https:\/\/www.deberes.net\/tesis\/filosofia\/particion-informacional-en-el-discurso\/","title":{"rendered":"Particion informacional en el discurso."},"content":{"rendered":"<h2>Tesis doctoral de <strong> Isabel Gomez Txurruka <\/strong><\/h2>\n<p>Este trabajo tiene como objetivo plantear las bases de una teor\u00eda de la partici\u00f3n informacional desde el punto de vista del discurso, considerando que la articulaci\u00f3n foco-tema es un fen\u00f3meno b\u00e1sicamente pragm\u00e1tico y que, por consiguiente, su consideraci\u00f3n desde una perspectiva discursiva puede aportar importantes claves para avanzar en su comprensi\u00f3n e interpretaci\u00f3n.  se utiliza como marco de trabajo la teor\u00eda de representaci\u00f3n del discurso con segmentos (asher 1993) que es una extensi\u00f3n no-trivial de la teor\u00eda de representaci\u00f3n del discurso propuesta en kamp 1981 y contiene un modelo de interacci\u00f3n sem\u00e1ntico-pragm\u00e1tica, para desarrollar las siguientes hip\u00f3tesis:  (i) la partici\u00f3n informacional est\u00e1 generalmente codificada sint\u00e1ctico-entonacionalmente de forma ambigua y, por tanto, a este nivel obtenemos un conjunto de particiones informacionales posibles; (ii) dado un peque\u00f1o discurso, tiene relevancia estudiar c\u00f3mo seleccionar la partici\u00f3n adecuada en interacci\u00f3n con la relaci\u00f3n de discurso que ata (la representaci\u00f3n de) esa emisi\u00f3n a alg\u00fan punto del modelo previo.  proponemos la existencia de dos primitivos informacionales, foco y tema, que constituyen los respectivos n\u00facleos de dos estructuras informacionales claramente diferenciadas: la estructura de dominancia focal y la estructura de dominancia tem\u00e1tica.<\/p>\n<p>&nbsp;<\/p>\n<h3>Datos acad\u00e9micos de la tesis doctoral \u00ab<strong>Particion informacional en el discurso.<\/strong>\u00ab<\/h3>\n<ul>\n<li><strong>T\u00edtulo de la tesis:<\/strong>\u00a0 Particion informacional en el discurso. <\/li>\n<li><strong>Autor:<\/strong>\u00a0 Isabel Gomez Txurruka <\/li>\n<li><strong>Universidad:<\/strong>\u00a0 Pa\u00eds vasco\/euskal herriko unibertsitatea<\/li>\n<li><strong>Fecha de lectura de la tesis:<\/strong>\u00a0 01\/01\/1998<\/li>\n<\/ul>\n<p>&nbsp;<\/p>\n<h3>Direcci\u00f3n y tribunal<\/h3>\n<ul>\n<li><strong>Director de la tesis<\/strong>\n<ul>\n<li> Larrazabal Antia Jes\u00fas M.<\/li>\n<\/ul>\n<\/li>\n<li><strong>Tribunal<\/strong>\n<ul>\n<li>Presidente del tribunal: \u00e1ngel L\u00f3pez Garc\u00eda <\/li>\n<li>Nicholas Asher (vocal)<\/li>\n<li>Laure Vieu (vocal)<\/li>\n<li>Fernando Migura Zanguitu (vocal)<\/li>\n<\/ul>\n<\/li>\n<\/ul>\n<p>&nbsp;<\/p>\n","protected":false},"excerpt":{"rendered":"<p>Tesis doctoral de Isabel Gomez Txurruka Este trabajo tiene como objetivo plantear las bases de una teor\u00eda de la partici\u00f3n [&hellip;]<\/p>\n","protected":false},"author":1,"featured_media":0,"comment_status":"open","ping_status":"open","sticky":false,"template":"","format":"standard","meta":{"site-sidebar-layout":"default","site-content-layout":"","ast-site-content-layout":"","site-content-style":"default","site-sidebar-style":"default","ast-global-header-display":"","ast-banner-title-visibility":"","ast-main-header-display":"","ast-hfb-above-header-display":"","ast-hfb-below-header-display":"","ast-hfb-mobile-header-display":"","site-post-title":"","ast-breadcrumbs-content":"","ast-featured-img":"","footer-sml-layout":"","theme-transparent-header-meta":"","adv-header-id-meta":"","stick-header-meta":"","header-above-stick-meta":"","header-main-stick-meta":"","header-below-stick-meta":"","astra-migrate-meta-layouts":"default","ast-page-background-enabled":"default","ast-page-background-meta":{"desktop":{"background-color":"var(--ast-global-color-4)","background-image":"","background-repeat":"repeat","background-position":"center center","background-size":"auto","background-attachment":"scroll","background-type":"","background-media":"","overlay-type":"","overlay-color":"","overlay-gradient":""},"tablet":{"background-color":"","background-image":"","background-repeat":"repeat","background-position":"center center","background-size":"auto","background-attachment":"scroll","background-type":"","background-media":"","overlay-type":"","overlay-color":"","overlay-gradient":""},"mobile":{"background-color":"","background-image":"","background-repeat":"repeat","background-position":"center center","background-size":"auto","background-attachment":"scroll","background-type":"","background-media":"","overlay-type":"","overlay-color":"","overlay-gradient":""}},"ast-content-background-meta":{"desktop":{"background-color":"var(--ast-global-color-5)","background-image":"","background-repeat":"repeat","background-position":"center center","background-size":"auto","background-attachment":"scroll","background-type":"","background-media":"","overlay-type":"","overlay-color":"","overlay-gradient":""},"tablet":{"background-color":"var(--ast-global-color-5)","background-image":"","background-repeat":"repeat","background-position":"center center","background-size":"auto","background-attachment":"scroll","background-type":"","background-media":"","overlay-type":"","overlay-color":"","overlay-gradient":""},"mobile":{"background-color":"var(--ast-global-color-5)","background-image":"","background-repeat":"repeat","background-position":"center center","background-size":"auto","background-attachment":"scroll","background-type":"","background-media":"","overlay-type":"","overlay-color":"","overlay-gradient":""}},"footnotes":""},"categories":[165,1076,3747,3748,12909],"tags":[1515,95696,95693,13336,95695,95694],"class_list":["post-36026","post","type-post","status-publish","format-standard","hentry","category-filosofia","category-filosofia-de-la-ciencia","category-logica","category-logica-deductiva","category-pais-vasco-euskal-herriko-unibertsitatea","tag-angel-lopez-garcia","tag-fernando-migura-zanguitu","tag-isabel-gomez-txurruka","tag-larrazabal-antia-jesus-m","tag-laure-vieu","tag-nicholas-asher"],"_links":{"self":[{"href":"https:\/\/www.deberes.net\/tesis\/wp-json\/wp\/v2\/posts\/36026","targetHints":{"allow":["GET"]}}],"collection":[{"href":"https:\/\/www.deberes.net\/tesis\/wp-json\/wp\/v2\/posts"}],"about":[{"href":"https:\/\/www.deberes.net\/tesis\/wp-json\/wp\/v2\/types\/post"}],"author":[{"embeddable":true,"href":"https:\/\/www.deberes.net\/tesis\/wp-json\/wp\/v2\/users\/1"}],"replies":[{"embeddable":true,"href":"https:\/\/www.deberes.net\/tesis\/wp-json\/wp\/v2\/comments?post=36026"}],"version-history":[{"count":0,"href":"https:\/\/www.deberes.net\/tesis\/wp-json\/wp\/v2\/posts\/36026\/revisions"}],"wp:attachment":[{"href":"https:\/\/www.deberes.net\/tesis\/wp-json\/wp\/v2\/media?parent=36026"}],"wp:term":[{"taxonomy":"category","embeddable":true,"href":"https:\/\/www.deberes.net\/tesis\/wp-json\/wp\/v2\/categories?post=36026"},{"taxonomy":"post_tag","embeddable":true,"href":"https:\/\/www.deberes.net\/tesis\/wp-json\/wp\/v2\/tags?post=36026"}],"curies":[{"name":"wp","href":"https:\/\/api.w.org\/{rel}","templated":true}]}}