{"id":36048,"date":"1998-01-01T00:00:00","date_gmt":"1998-01-01T00:00:00","guid":{"rendered":"https:\/\/www.deberes.net\/tesis\/sin-categoria\/medida-y-monitorizacion-de-las-perturbaciones-de-baja-frecuencia-en-sistemas-electricos\/"},"modified":"1998-01-01T00:00:00","modified_gmt":"1998-01-01T00:00:00","slug":"medida-y-monitorizacion-de-las-perturbaciones-de-baja-frecuencia-en-sistemas-electricos","status":"publish","type":"post","link":"https:\/\/www.deberes.net\/tesis\/ciencias-tecnologicas\/medida-y-monitorizacion-de-las-perturbaciones-de-baja-frecuencia-en-sistemas-electricos\/","title":{"rendered":"Medida y monitorizacion de las perturbaciones de baja frecuencia en sistemas electricos."},"content":{"rendered":"<h2>Tesis doctoral de <strong>  Leturiondo Arana Luis Alberto <\/strong><\/h2>\n<p>Tras m\u00e1s de un siglo de desarrollo en la implantaci\u00f3n de la energ\u00eda el\u00e9ctrica es en la \u00faltima d\u00e9cada en la que toma un papel relevante el concepto de calidad en el suministro el\u00e9ctrico. El aumento de cargas no lineales, debido a la creciente utilizaci\u00f3n de la electr\u00f3nica de potencia, hace que los par\u00e1metros caracter\u00edsticos que definen la se\u00f1al de tensi\u00f3n (amplitud, forma de onda, frecuencia y equilibrio trif\u00e1sico) sufran desviaciones respecto a sus caracter\u00edsticas ideales, pudiendo afectar negativamente a otros equipos conectados a la red, provocando un mal funcionamiento o incluso da\u00f1o irreparable de alguno de sus componentes.  el concepto de energ\u00eda el\u00e9ctrica ha variado pasando de ser considerada un servicio a ser visto como un producto que necesita acreditar y se le puede exigir una cierta calidad medible y cuantificable. En los \u00faltimos a\u00f1os son numerosos los trabajos publicados sobre estudios de la calidad en el suministro el\u00e9ctrico que ponen de manifiesto la creciente preocupaci\u00f3n de las empresas en el suministro el\u00e9ctrico sobre la calidad del producto que distribuyen. El aumento del n\u00famero de aparatos e instalaciones susceptibles de crear perturbaciones y de ser susceptibles a \u00e9stas hace que el control de estas perturbaciones y sus consecuencias deban tratarse de forma conjunta. La creciente preocupaci\u00f3n por la calidad en el suministro el\u00e9ctrico va parejo a un esfuerzo en el desarrollo de normativas.  una de las \u00e1reas de investigaci\u00f3n en el \u00e1mbito de la calidad en el suministro el\u00e9ctrico comprenda las t\u00e9cnicas, instrumentos y aplicaciones para la medida y evaluaci\u00f3n de las principales perturbaciones. El presente trabajo se inscribe dentro de esta \u00e1rea. Se ha realizado un \u00fanico equipo para la monitorizaci\u00f3n, medida y evaluaci\u00f3n de las cuatro perturbaciones conducidas de baja frecuencia m\u00e1s importantes: arm\u00f3nicos de se\u00f1ales de tensi\u00f3n y corriente; fluctuaciones peri\u00f3dicas de tensi\u00f3n<\/p>\n<p>&nbsp;<\/p>\n<h3>Datos acad\u00e9micos de la tesis doctoral \u00ab<strong>Medida y monitorizacion de las perturbaciones de baja frecuencia en sistemas electricos.<\/strong>\u00ab<\/h3>\n<ul>\n<li><strong>T\u00edtulo de la tesis:<\/strong>\u00a0 Medida y monitorizacion de las perturbaciones de baja frecuencia en sistemas electricos. <\/li>\n<li><strong>Autor:<\/strong>\u00a0  Leturiondo Arana Luis Alberto <\/li>\n<li><strong>Universidad:<\/strong>\u00a0 Pa\u00eds vasco\/euskal herriko unibertsitatea<\/li>\n<li><strong>Fecha de lectura de la tesis:<\/strong>\u00a0 01\/01\/1998<\/li>\n<\/ul>\n<p>&nbsp;<\/p>\n<h3>Direcci\u00f3n y tribunal<\/h3>\n<ul>\n<li><strong>Director de la tesis<\/strong>\n<ul>\n<li>Jes\u00fas Ruiz Ojeda<\/li>\n<\/ul>\n<\/li>\n<li><strong>Tribunal<\/strong>\n<ul>\n<li>Presidente del tribunal: Ricardo Alvarez Isasi <\/li>\n<li>Julio Barros Guadalupe (vocal)<\/li>\n<li>Gerardo Aranguren Aramendia (vocal)<\/li>\n<li>Victor Moreno Saiz (vocal)<\/li>\n<\/ul>\n<\/li>\n<\/ul>\n<p>&nbsp;<\/p>\n","protected":false},"excerpt":{"rendered":"<p>Tesis doctoral de Leturiondo Arana Luis Alberto Tras m\u00e1s de un siglo de desarrollo en la implantaci\u00f3n de la energ\u00eda [&hellip;]<\/p>\n","protected":false},"author":1,"featured_media":0,"comment_status":"open","ping_status":"open","sticky":false,"template":"","format":"standard","meta":{"site-sidebar-layout":"default","site-content-layout":"","ast-site-content-layout":"","site-content-style":"default","site-sidebar-style":"default","ast-global-header-display":"","ast-banner-title-visibility":"","ast-main-header-display":"","ast-hfb-above-header-display":"","ast-hfb-below-header-display":"","ast-hfb-mobile-header-display":"","site-post-title":"","ast-breadcrumbs-content":"","ast-featured-img":"","footer-sml-layout":"","theme-transparent-header-meta":"","adv-header-id-meta":"","stick-header-meta":"","header-above-stick-meta":"","header-main-stick-meta":"","header-below-stick-meta":"","astra-migrate-meta-layouts":"default","ast-page-background-enabled":"default","ast-page-background-meta":{"desktop":{"background-color":"var(--ast-global-color-4)","background-image":"","background-repeat":"repeat","background-position":"center center","background-size":"auto","background-attachment":"scroll","background-type":"","background-media":"","overlay-type":"","overlay-color":"","overlay-gradient":""},"tablet":{"background-color":"","background-image":"","background-repeat":"repeat","background-position":"center center","background-size":"auto","background-attachment":"scroll","background-type":"","background-media":"","overlay-type":"","overlay-color":"","overlay-gradient":""},"mobile":{"background-color":"","background-image":"","background-repeat":"repeat","background-position":"center center","background-size":"auto","background-attachment":"scroll","background-type":"","background-media":"","overlay-type":"","overlay-color":"","overlay-gradient":""}},"ast-content-background-meta":{"desktop":{"background-color":"var(--ast-global-color-5)","background-image":"","background-repeat":"repeat","background-position":"center center","background-size":"auto","background-attachment":"scroll","background-type":"","background-media":"","overlay-type":"","overlay-color":"","overlay-gradient":""},"tablet":{"background-color":"var(--ast-global-color-5)","background-image":"","background-repeat":"repeat","background-position":"center center","background-size":"auto","background-attachment":"scroll","background-type":"","background-media":"","overlay-type":"","overlay-color":"","overlay-gradient":""},"mobile":{"background-color":"var(--ast-global-color-5)","background-image":"","background-repeat":"repeat","background-position":"center center","background-size":"auto","background-attachment":"scroll","background-type":"","background-media":"","overlay-type":"","overlay-color":"","overlay-gradient":""}},"footnotes":""},"categories":[332,8096,17937,12909,1124],"tags":[13500,44768,10649,95734,10838,44770],"class_list":["post-36048","post","type-post","status-publish","format-standard","hentry","category-ciencias-tecnologicas","category-ingenieria-y-tecnologia-electricas","category-instrumentos-electronicos","category-pais-vasco-euskal-herriko-unibertsitatea","category-tecnologia-de-la-instrumentacion","tag-gerardo-aranguren-aramendia","tag-jesus-ruiz-ojeda","tag-julio-barros-guadalupe","tag-leturiondo-arana-luis-alberto","tag-ricardo-alvarez-isasi","tag-victor-moreno-saiz"],"_links":{"self":[{"href":"https:\/\/www.deberes.net\/tesis\/wp-json\/wp\/v2\/posts\/36048","targetHints":{"allow":["GET"]}}],"collection":[{"href":"https:\/\/www.deberes.net\/tesis\/wp-json\/wp\/v2\/posts"}],"about":[{"href":"https:\/\/www.deberes.net\/tesis\/wp-json\/wp\/v2\/types\/post"}],"author":[{"embeddable":true,"href":"https:\/\/www.deberes.net\/tesis\/wp-json\/wp\/v2\/users\/1"}],"replies":[{"embeddable":true,"href":"https:\/\/www.deberes.net\/tesis\/wp-json\/wp\/v2\/comments?post=36048"}],"version-history":[{"count":0,"href":"https:\/\/www.deberes.net\/tesis\/wp-json\/wp\/v2\/posts\/36048\/revisions"}],"wp:attachment":[{"href":"https:\/\/www.deberes.net\/tesis\/wp-json\/wp\/v2\/media?parent=36048"}],"wp:term":[{"taxonomy":"category","embeddable":true,"href":"https:\/\/www.deberes.net\/tesis\/wp-json\/wp\/v2\/categories?post=36048"},{"taxonomy":"post_tag","embeddable":true,"href":"https:\/\/www.deberes.net\/tesis\/wp-json\/wp\/v2\/tags?post=36048"}],"curies":[{"name":"wp","href":"https:\/\/api.w.org\/{rel}","templated":true}]}}