{"id":36062,"date":"1998-01-01T00:00:00","date_gmt":"1998-01-01T00:00:00","guid":{"rendered":"https:\/\/www.deberes.net\/tesis\/sin-categoria\/el-proceso-de-construccion-infantil-de-la-identidad-nacional-conocimiento-del-propio-pais-y-de-los-simbolos-nacionales\/"},"modified":"1998-01-01T00:00:00","modified_gmt":"1998-01-01T00:00:00","slug":"el-proceso-de-construccion-infantil-de-la-identidad-nacional-conocimiento-del-propio-pais-y-de-los-simbolos-nacionales","status":"publish","type":"post","link":"https:\/\/www.deberes.net\/tesis\/psicologia\/el-proceso-de-construccion-infantil-de-la-identidad-nacional-conocimiento-del-propio-pais-y-de-los-simbolos-nacionales\/","title":{"rendered":"El proceso de construccion infantil de la identidad nacional: conocimiento del propio pais y de los simbolos nacionales."},"content":{"rendered":"<h2>Tesis doctoral de <strong> Bego\u00f1a Molero Otero <\/strong><\/h2>\n<p>El presente trabajo tiene por objeto el estudio del proceso de formaci\u00f3n de la identidad nacional, la comprensi\u00f3n del concepto de propio pais y de la asunci\u00f3n de los simbolos nacionales por ni\u00f1os y ni\u00f1as bilbainos de 6 a 14 a\u00f1os.  el planteamiento te\u00f3rico est\u00e1 constitu\u00eddo por un lado por las teor\u00edas constructivistas que subrayan la labor que cada individuo debe realizar en su proceso de adquisici\u00f3n del conocimiento y por otro, por las teor\u00edas de la identidad social y de la representaci\u00f3n social.  la muestra estuvo formada por 160 sujetos de 6 a 14 a\u00f1os escolarizados en dos modelos lingu\u00edsticos diferentes:  modelo a y modelo d. La t\u00e9cnica empleada para recoger los datos ha sido la entrevista cl\u00ednica basada en una entrevista semiestructurada, ayudados por distinto material que fue dise\u00f1ado expresamente para la investigaci\u00f3n.  el trabajo tiene un car\u00e1cter descriptivo y exploratorio, se pretende conocer c\u00f3mo se van gestando las representaciones asociadas a la identidad nacional en un contexto cultural concreto, el vasco. En todo caso se analiza la posible incidencia de factores como el idioma de escolarizaci\u00f3n de los sujetos, el sexo y la edad.  la investigaci\u00f3n se centra en tres aspectos que est\u00e1n intimamente relacionados entre si cuales son: la representaci\u00f3n del propio pa\u00eds, la identificaci\u00f3n nacional y los s\u00edmbolos nacionales. Respecto de la representaci\u00f3n del pa\u00eds, se trabajan dos aspectos: el reconocimiento verbal de las distintas unidades geogr\u00e1fico-administrativas que forman espa\u00f1a y su representaci\u00f3n gr\u00e1fica mediante mapas. En relaci\u00f3n a la identificaci\u00f3n nacional, el primer punto a explorar es la autoimagen; a continuaci\u00f3n, el grupo social\/nacional que libremente es asumido por cada uno, y por \u00faltimo, la autocategorizaci\u00f3n nacional y las razones que sustentan la propia identificaci\u00f3n. En cuanto a los s\u00edmbolos nacionales se estudia el proceso de adquisici\u00f3n del concepto de s\u00edmb<\/p>\n<p>&nbsp;<\/p>\n<h3>Datos acad\u00e9micos de la tesis doctoral \u00ab<strong>El proceso de construccion infantil de la identidad nacional: conocimiento del propio pais y de los simbolos nacionales.<\/strong>\u00ab<\/h3>\n<ul>\n<li><strong>T\u00edtulo de la tesis:<\/strong>\u00a0 El proceso de construccion infantil de la identidad nacional: conocimiento del propio pais y de los simbolos nacionales. <\/li>\n<li><strong>Autor:<\/strong>\u00a0 Bego\u00f1a Molero Otero <\/li>\n<li><strong>Universidad:<\/strong>\u00a0 Pa\u00eds vasco\/euskal herriko unibertsitatea<\/li>\n<li><strong>Fecha de lectura de la tesis:<\/strong>\u00a0 01\/01\/1998<\/li>\n<\/ul>\n<p>&nbsp;<\/p>\n<h3>Direcci\u00f3n y tribunal<\/h3>\n<ul>\n<li><strong>Director de la tesis<\/strong>\n<ul>\n<li>Amparo Moreno  Hernandez<\/li>\n<\/ul>\n<\/li>\n<li><strong>Tribunal<\/strong>\n<ul>\n<li>Presidente del tribunal: Jos\u00e9 Mar\u00eda  (secretario) Madariaga Orbea <\/li>\n<li>Xabier Ayerdi Urraza (vocal)<\/li>\n<li>  (vocal)<\/li>\n<li>  (vocal)<\/li>\n<\/ul>\n<\/li>\n<\/ul>\n<p>&nbsp;<\/p>\n","protected":false},"excerpt":{"rendered":"<p>Tesis doctoral de Bego\u00f1a Molero Otero El presente trabajo tiene por objeto el estudio del proceso de formaci\u00f3n de la [&hellip;]<\/p>\n","protected":false},"author":1,"featured_media":0,"comment_status":"open","ping_status":"open","sticky":false,"template":"","format":"standard","meta":{"site-sidebar-layout":"default","site-content-layout":"","ast-site-content-layout":"","site-content-style":"default","site-sidebar-style":"default","ast-global-header-display":"","ast-banner-title-visibility":"","ast-main-header-display":"","ast-hfb-above-header-display":"","ast-hfb-below-header-display":"","ast-hfb-mobile-header-display":"","site-post-title":"","ast-breadcrumbs-content":"","ast-featured-img":"","footer-sml-layout":"","theme-transparent-header-meta":"","adv-header-id-meta":"","stick-header-meta":"","header-above-stick-meta":"","header-main-stick-meta":"","header-below-stick-meta":"","astra-migrate-meta-layouts":"default","ast-page-background-enabled":"default","ast-page-background-meta":{"desktop":{"background-color":"var(--ast-global-color-4)","background-image":"","background-repeat":"repeat","background-position":"center center","background-size":"auto","background-attachment":"scroll","background-type":"","background-media":"","overlay-type":"","overlay-color":"","overlay-gradient":""},"tablet":{"background-color":"","background-image":"","background-repeat":"repeat","background-position":"center center","background-size":"auto","background-attachment":"scroll","background-type":"","background-media":"","overlay-type":"","overlay-color":"","overlay-gradient":""},"mobile":{"background-color":"","background-image":"","background-repeat":"repeat","background-position":"center center","background-size":"auto","background-attachment":"scroll","background-type":"","background-media":"","overlay-type":"","overlay-color":"","overlay-gradient":""}},"ast-content-background-meta":{"desktop":{"background-color":"var(--ast-global-color-5)","background-image":"","background-repeat":"repeat","background-position":"center center","background-size":"auto","background-attachment":"scroll","background-type":"","background-media":"","overlay-type":"","overlay-color":"","overlay-gradient":""},"tablet":{"background-color":"var(--ast-global-color-5)","background-image":"","background-repeat":"repeat","background-position":"center center","background-size":"auto","background-attachment":"scroll","background-type":"","background-media":"","overlay-type":"","overlay-color":"","overlay-gradient":""},"mobile":{"background-color":"var(--ast-global-color-5)","background-image":"","background-repeat":"repeat","background-position":"center center","background-size":"auto","background-attachment":"scroll","background-type":"","background-media":"","overlay-type":"","overlay-color":"","overlay-gradient":""}},"footnotes":""},"categories":[12909,324,970,2758],"tags":[64271,79039,95755,31962],"class_list":["post-36062","post","type-post","status-publish","format-standard","hentry","category-pais-vasco-euskal-herriko-unibertsitatea","category-psicologia","category-psicologia-del-nino-y-del-adolescente","category-psicologia-evolutiva","tag-amparo-moreno-hernandez","tag-begona-molero-otero","tag-jose-maria-secretario-madariaga-orbea","tag-xabier-ayerdi-urraza"],"_links":{"self":[{"href":"https:\/\/www.deberes.net\/tesis\/wp-json\/wp\/v2\/posts\/36062","targetHints":{"allow":["GET"]}}],"collection":[{"href":"https:\/\/www.deberes.net\/tesis\/wp-json\/wp\/v2\/posts"}],"about":[{"href":"https:\/\/www.deberes.net\/tesis\/wp-json\/wp\/v2\/types\/post"}],"author":[{"embeddable":true,"href":"https:\/\/www.deberes.net\/tesis\/wp-json\/wp\/v2\/users\/1"}],"replies":[{"embeddable":true,"href":"https:\/\/www.deberes.net\/tesis\/wp-json\/wp\/v2\/comments?post=36062"}],"version-history":[{"count":0,"href":"https:\/\/www.deberes.net\/tesis\/wp-json\/wp\/v2\/posts\/36062\/revisions"}],"wp:attachment":[{"href":"https:\/\/www.deberes.net\/tesis\/wp-json\/wp\/v2\/media?parent=36062"}],"wp:term":[{"taxonomy":"category","embeddable":true,"href":"https:\/\/www.deberes.net\/tesis\/wp-json\/wp\/v2\/categories?post=36062"},{"taxonomy":"post_tag","embeddable":true,"href":"https:\/\/www.deberes.net\/tesis\/wp-json\/wp\/v2\/tags?post=36062"}],"curies":[{"name":"wp","href":"https:\/\/api.w.org\/{rel}","templated":true}]}}