{"id":36096,"date":"1998-01-01T00:00:00","date_gmt":"1998-01-01T00:00:00","guid":{"rendered":"https:\/\/www.deberes.net\/tesis\/sin-categoria\/microdureza-superficial-de-las-amalgamas-de-plata\/"},"modified":"1998-01-01T00:00:00","modified_gmt":"1998-01-01T00:00:00","slug":"microdureza-superficial-de-las-amalgamas-de-plata","status":"publish","type":"post","link":"https:\/\/www.deberes.net\/tesis\/ciencias-medicas\/microdureza-superficial-de-las-amalgamas-de-plata\/","title":{"rendered":"Microdureza superficial de las amalgamas de plata."},"content":{"rendered":"<h2>Tesis doctoral de <strong>  Soler Ruiz Jos\u00e9 Ignacio <\/strong><\/h2>\n<p>Este estudio tuvo por objeto evaluar la microdureza superficial de 26 amalgamas. Del total de la muestra, 23 eran amalgamas de plata convencionales para mezclar con hg y 3 eran amalgamas de galio. En un primer lugar, se confeccionaron unas probetas de estudio seg\u00fan norma iso:1559 y se someti\u00f3 posteriormente cada probeta a indentaci\u00f3n vickers a las 24 horas y a los siete d\u00edas.  posteriormente, se cotejaron los resultados mediante an\u00e1lisis estad\u00edstico. En segundo lugar, se realiz\u00f3 un estudio exploratorio para intentar relacionar ciertos par\u00e1metros de la composici\u00f3n y de la distribuci\u00f3n en volumen de las part\u00edculas del polvo de aleaci\u00f3n con la microdureza superficial. Estos resultados fueron sometidos igualmente a contraste estad\u00edstico. Observando como conclusi\u00f3n que todos los elementos sufren variaciones en su microdureza con el paso del tiempo y que ciertos elementos de la composici\u00f3n de polvo de la aleaci\u00f3n tienen una cierta influencia sobre la microdureza superficial de las amalgamas de plata. La influencia que la distribuci\u00f3n del tama\u00f1o de las part\u00edculas del polvo ejercen sobre la microdureza result\u00f3 ser muy desigual. Las amalgamas de galio resultaron estar entre los materiales menos duros.<\/p>\n<p>&nbsp;<\/p>\n<h3>Datos acad\u00e9micos de la tesis doctoral \u00ab<strong>Microdureza superficial de las amalgamas de plata.<\/strong>\u00ab<\/h3>\n<ul>\n<li><strong>T\u00edtulo de la tesis:<\/strong>\u00a0 Microdureza superficial de las amalgamas de plata. <\/li>\n<li><strong>Autor:<\/strong>\u00a0  Soler Ruiz Jos\u00e9 Ignacio <\/li>\n<li><strong>Universidad:<\/strong>\u00a0 Pa\u00eds vasco\/euskal herriko unibertsitatea<\/li>\n<li><strong>Fecha de lectura de la tesis:<\/strong>\u00a0 01\/01\/1998<\/li>\n<\/ul>\n<p>&nbsp;<\/p>\n<h3>Direcci\u00f3n y tribunal<\/h3>\n<ul>\n<li><strong>Director de la tesis<\/strong>\n<ul>\n<li>Rodrigo Triana Triana<\/li>\n<\/ul>\n<\/li>\n<li><strong>Tribunal<\/strong>\n<ul>\n<li>Presidente del tribunal:  Gandarias Bajon Juan  Manuel <\/li>\n<li>Juan  Manuel Cobo Plana (vocal)<\/li>\n<li> Goiriena De Gandarias Gandarias Fco. Javier (vocal)<\/li>\n<li> Del Rio De Las Heras Jaime (vocal)<\/li>\n<\/ul>\n<\/li>\n<\/ul>\n<p>&nbsp;<\/p>\n","protected":false},"excerpt":{"rendered":"<p>Tesis doctoral de Soler Ruiz Jos\u00e9 Ignacio Este estudio tuvo por objeto evaluar la microdureza superficial de 26 amalgamas. Del [&hellip;]<\/p>\n","protected":false},"author":1,"featured_media":0,"comment_status":"open","ping_status":"open","sticky":false,"template":"","format":"standard","meta":{"site-sidebar-layout":"default","site-content-layout":"","ast-site-content-layout":"","site-content-style":"default","site-sidebar-style":"default","ast-global-header-display":"","ast-banner-title-visibility":"","ast-main-header-display":"","ast-hfb-above-header-display":"","ast-hfb-below-header-display":"","ast-hfb-mobile-header-display":"","site-post-title":"","ast-breadcrumbs-content":"","ast-featured-img":"","footer-sml-layout":"","theme-transparent-header-meta":"","adv-header-id-meta":"","stick-header-meta":"","header-above-stick-meta":"","header-main-stick-meta":"","header-below-stick-meta":"","astra-migrate-meta-layouts":"default","ast-page-background-enabled":"default","ast-page-background-meta":{"desktop":{"background-color":"var(--ast-global-color-4)","background-image":"","background-repeat":"repeat","background-position":"center center","background-size":"auto","background-attachment":"scroll","background-type":"","background-media":"","overlay-type":"","overlay-color":"","overlay-gradient":""},"tablet":{"background-color":"","background-image":"","background-repeat":"repeat","background-position":"center center","background-size":"auto","background-attachment":"scroll","background-type":"","background-media":"","overlay-type":"","overlay-color":"","overlay-gradient":""},"mobile":{"background-color":"","background-image":"","background-repeat":"repeat","background-position":"center center","background-size":"auto","background-attachment":"scroll","background-type":"","background-media":"","overlay-type":"","overlay-color":"","overlay-gradient":""}},"ast-content-background-meta":{"desktop":{"background-color":"var(--ast-global-color-5)","background-image":"","background-repeat":"repeat","background-position":"center center","background-size":"auto","background-attachment":"scroll","background-type":"","background-media":"","overlay-type":"","overlay-color":"","overlay-gradient":""},"tablet":{"background-color":"var(--ast-global-color-5)","background-image":"","background-repeat":"repeat","background-position":"center center","background-size":"auto","background-attachment":"scroll","background-type":"","background-media":"","overlay-type":"","overlay-color":"","overlay-gradient":""},"mobile":{"background-color":"var(--ast-global-color-5)","background-image":"","background-repeat":"repeat","background-position":"center center","background-size":"auto","background-attachment":"scroll","background-type":"","background-media":"","overlay-type":"","overlay-color":"","overlay-gradient":""}},"footnotes":""},"categories":[9,141,140,12909],"tags":[95809,13508,95606,25498,37903,79952],"class_list":["post-36096","post","type-post","status-publish","format-standard","hentry","category-ciencias-medicas","category-cirugia","category-estomatologia-y-ortodoncia","category-pais-vasco-euskal-herriko-unibertsitatea","tag-del-rio-de-las-heras-jaime","tag-gandarias-bajon-juan-manuel","tag-goiriena-de-gandarias-gandarias-fco-javier","tag-juan-manuel-cobo-plana","tag-rodrigo-triana-triana","tag-soler-ruiz-jose-ignacio"],"_links":{"self":[{"href":"https:\/\/www.deberes.net\/tesis\/wp-json\/wp\/v2\/posts\/36096","targetHints":{"allow":["GET"]}}],"collection":[{"href":"https:\/\/www.deberes.net\/tesis\/wp-json\/wp\/v2\/posts"}],"about":[{"href":"https:\/\/www.deberes.net\/tesis\/wp-json\/wp\/v2\/types\/post"}],"author":[{"embeddable":true,"href":"https:\/\/www.deberes.net\/tesis\/wp-json\/wp\/v2\/users\/1"}],"replies":[{"embeddable":true,"href":"https:\/\/www.deberes.net\/tesis\/wp-json\/wp\/v2\/comments?post=36096"}],"version-history":[{"count":0,"href":"https:\/\/www.deberes.net\/tesis\/wp-json\/wp\/v2\/posts\/36096\/revisions"}],"wp:attachment":[{"href":"https:\/\/www.deberes.net\/tesis\/wp-json\/wp\/v2\/media?parent=36096"}],"wp:term":[{"taxonomy":"category","embeddable":true,"href":"https:\/\/www.deberes.net\/tesis\/wp-json\/wp\/v2\/categories?post=36096"},{"taxonomy":"post_tag","embeddable":true,"href":"https:\/\/www.deberes.net\/tesis\/wp-json\/wp\/v2\/tags?post=36096"}],"curies":[{"name":"wp","href":"https:\/\/api.w.org\/{rel}","templated":true}]}}