{"id":36102,"date":"1998-01-01T00:00:00","date_gmt":"1998-01-01T00:00:00","guid":{"rendered":"https:\/\/www.deberes.net\/tesis\/sin-categoria\/la-desobediencia-civil-en-el-estado-constitucional-democratico\/"},"modified":"1998-01-01T00:00:00","modified_gmt":"1998-01-01T00:00:00","slug":"la-desobediencia-civil-en-el-estado-constitucional-democratico","status":"publish","type":"post","link":"https:\/\/www.deberes.net\/tesis\/ciencias-juridicas-y-derecho\/la-desobediencia-civil-en-el-estado-constitucional-democratico\/","title":{"rendered":"La desobediencia civil en el estado constitucional democratico."},"content":{"rendered":"<h2>Tesis doctoral de <strong>  Ugartemendia Eceizabarrena Juan  Ignacio <\/strong><\/h2>\n<p>El presente trabajo pretende analizar el fen\u00f3meno de la desobediencia civil dentro del contexto del estado constitucional democr\u00e1tico. En concreto se trabajan dos cuestiones problem\u00e1ticas.  por un lado, el problema de la delimitaci\u00f3n conceptual de la desobediencia civil, cuesti\u00f3n fundamental tanto porque determina la respuesta a cualquier cuesti\u00f3n ulterior que sugiera dicho fen\u00f3meno (especialmente el an\u00e1lisis jur\u00eddico), como porque encierra a pari el problema de la justificaci\u00f3n \u00e9tico-pol\u00edtica de un acto de desobediencia.  por otro lado, y principalmente, el an\u00e1lisis de dicho fen\u00f3meno desobediente desde la perspectiva jur\u00eddico-constitucional, incidiendo de forma especial en la problem\u00e1tica de la posible (o no) justificaci\u00f3n, excusa y atenuaci\u00f3n jur\u00eddica de las conductas de desobediencia civil en funci\u00f3n de la protecci\u00f3n que puedan desplegar las propias normas del ordenamiento jur\u00eddico y, en concreto, las normas de derecho fundamental.  se trata, en definitiva, de estudiar la desobediencia civil integrando la perspectiva de an\u00e1lisis de la teor\u00eda pol\u00edtica y la perspectiva jur\u00eddico-constitucional.<\/p>\n<p>&nbsp;<\/p>\n<h3>Datos acad\u00e9micos de la tesis doctoral \u00ab<strong>La desobediencia civil en el estado constitucional democratico.<\/strong>\u00ab<\/h3>\n<ul>\n<li><strong>T\u00edtulo de la tesis:<\/strong>\u00a0 La desobediencia civil en el estado constitucional democratico. <\/li>\n<li><strong>Autor:<\/strong>\u00a0  Ugartemendia Eceizabarrena Juan  Ignacio <\/li>\n<li><strong>Universidad:<\/strong>\u00a0 Pa\u00eds vasco\/euskal herriko unibertsitatea<\/li>\n<li><strong>Fecha de lectura de la tesis:<\/strong>\u00a0 01\/01\/1998<\/li>\n<\/ul>\n<p>&nbsp;<\/p>\n<h3>Direcci\u00f3n y tribunal<\/h3>\n<ul>\n<li><strong>Director de la tesis<\/strong>\n<ul>\n<li>Gurutz Jauregui Bereciartu<\/li>\n<\/ul>\n<\/li>\n<li><strong>Tribunal<\/strong>\n<ul>\n<li>Presidente del tribunal: Pedro De Vega Garcia <\/li>\n<li>Elias Diaz Garcia (vocal)<\/li>\n<li>Jos\u00e9 Luis Cascajo Castro (vocal)<\/li>\n<li>Isidre Molas Batllori (vocal)<\/li>\n<\/ul>\n<\/li>\n<\/ul>\n<p>&nbsp;<\/p>\n","protected":false},"excerpt":{"rendered":"<p>Tesis doctoral de Ugartemendia Eceizabarrena Juan Ignacio El presente trabajo pretende analizar el fen\u00f3meno de la desobediencia civil dentro del [&hellip;]<\/p>\n","protected":false},"author":1,"featured_media":0,"comment_status":"open","ping_status":"open","sticky":false,"template":"","format":"standard","meta":{"site-sidebar-layout":"default","site-content-layout":"","ast-site-content-layout":"","site-content-style":"default","site-sidebar-style":"default","ast-global-header-display":"","ast-banner-title-visibility":"","ast-main-header-display":"","ast-hfb-above-header-display":"","ast-hfb-below-header-display":"","ast-hfb-mobile-header-display":"","site-post-title":"","ast-breadcrumbs-content":"","ast-featured-img":"","footer-sml-layout":"","theme-transparent-header-meta":"","adv-header-id-meta":"","stick-header-meta":"","header-above-stick-meta":"","header-main-stick-meta":"","header-below-stick-meta":"","astra-migrate-meta-layouts":"default","ast-page-background-enabled":"default","ast-page-background-meta":{"desktop":{"background-color":"var(--ast-global-color-4)","background-image":"","background-repeat":"repeat","background-position":"center center","background-size":"auto","background-attachment":"scroll","background-type":"","background-media":"","overlay-type":"","overlay-color":"","overlay-gradient":""},"tablet":{"background-color":"","background-image":"","background-repeat":"repeat","background-position":"center center","background-size":"auto","background-attachment":"scroll","background-type":"","background-media":"","overlay-type":"","overlay-color":"","overlay-gradient":""},"mobile":{"background-color":"","background-image":"","background-repeat":"repeat","background-position":"center center","background-size":"auto","background-attachment":"scroll","background-type":"","background-media":"","overlay-type":"","overlay-color":"","overlay-gradient":""}},"ast-content-background-meta":{"desktop":{"background-color":"var(--ast-global-color-5)","background-image":"","background-repeat":"repeat","background-position":"center center","background-size":"auto","background-attachment":"scroll","background-type":"","background-media":"","overlay-type":"","overlay-color":"","overlay-gradient":""},"tablet":{"background-color":"var(--ast-global-color-5)","background-image":"","background-repeat":"repeat","background-position":"center center","background-size":"auto","background-attachment":"scroll","background-type":"","background-media":"","overlay-type":"","overlay-color":"","overlay-gradient":""},"mobile":{"background-color":"var(--ast-global-color-5)","background-image":"","background-repeat":"repeat","background-position":"center center","background-size":"auto","background-attachment":"scroll","background-type":"","background-media":"","overlay-type":"","overlay-color":"","overlay-gradient":""}},"footnotes":""},"categories":[612,1450,979,12909],"tags":[6919,32350,1025,9448,9449,95820],"class_list":["post-36102","post","type-post","status-publish","format-standard","hentry","category-ciencias-juridicas-y-derecho","category-derecho-constitucional","category-derecho-y-legislacion-nacionales","category-pais-vasco-euskal-herriko-unibertsitatea","tag-elias-diaz-garcia","tag-gurutz-jauregui-bereciartu","tag-isidre-molas-batllori","tag-jose-luis-cascajo-castro","tag-pedro-de-vega-garcia","tag-ugartemendia-eceizabarrena-juan-ignacio"],"_links":{"self":[{"href":"https:\/\/www.deberes.net\/tesis\/wp-json\/wp\/v2\/posts\/36102","targetHints":{"allow":["GET"]}}],"collection":[{"href":"https:\/\/www.deberes.net\/tesis\/wp-json\/wp\/v2\/posts"}],"about":[{"href":"https:\/\/www.deberes.net\/tesis\/wp-json\/wp\/v2\/types\/post"}],"author":[{"embeddable":true,"href":"https:\/\/www.deberes.net\/tesis\/wp-json\/wp\/v2\/users\/1"}],"replies":[{"embeddable":true,"href":"https:\/\/www.deberes.net\/tesis\/wp-json\/wp\/v2\/comments?post=36102"}],"version-history":[{"count":0,"href":"https:\/\/www.deberes.net\/tesis\/wp-json\/wp\/v2\/posts\/36102\/revisions"}],"wp:attachment":[{"href":"https:\/\/www.deberes.net\/tesis\/wp-json\/wp\/v2\/media?parent=36102"}],"wp:term":[{"taxonomy":"category","embeddable":true,"href":"https:\/\/www.deberes.net\/tesis\/wp-json\/wp\/v2\/categories?post=36102"},{"taxonomy":"post_tag","embeddable":true,"href":"https:\/\/www.deberes.net\/tesis\/wp-json\/wp\/v2\/tags?post=36102"}],"curies":[{"name":"wp","href":"https:\/\/api.w.org\/{rel}","templated":true}]}}