{"id":3613,"date":"1994-01-01T00:00:00","date_gmt":"1994-01-01T00:00:00","guid":{"rendered":"https:\/\/www.deberes.net\/tesis\/1994\/01\/01\/efectos-morfologicos-y-estructurales-de-las-propiedades-magneticas-de-particulas-uniformes-de-8-fe2-o3\/"},"modified":"1994-01-01T00:00:00","modified_gmt":"1994-01-01T00:00:00","slug":"efectos-morfologicos-y-estructurales-de-las-propiedades-magneticas-de-particulas-uniformes-de-8-fe2-o3","status":"publish","type":"post","link":"https:\/\/www.deberes.net\/tesis\/fisica\/efectos-morfologicos-y-estructurales-de-las-propiedades-magneticas-de-particulas-uniformes-de-8-fe2-o3\/","title":{"rendered":"Efectos morfologicos y estructurales de las propiedades magneticas de particulas uniformes de 8-fe2 o3."},"content":{"rendered":"<h2>Tesis doctoral de <strong> Mar\u00eda  Del Puerto Morales Herrero <\/strong><\/h2>\n<p>Se han preparado particulas uniformes en tama\u00f1o y forma de 8-fe203, con relaciones axiales entre 1 y 6, por reduccion-oxidacion de particulas de 8-fe203 obtenidas por hidrolisis homogenea en solucion. La presencia de defectos en el precurso anterior determina el grado de orden en la distribucion de vacantes de las particulas de 8-fe203, mientras que el caracter monocristalino de las particulas se preserva en la transformacion. El estudio de las propiedades magneticas de estas muestras, intrinsecas y extrinsecas, permite establecer una correlacion entre estas cantidades (imanacion de saturacion, campo coercitivo, etc&#8230;) Y el grado de orden en la distribucion cotionica. El estudio de viscosidad que incluye la medida de la variacion de la imancion con el tiempo con un campo aplicado constante, permite evaluar el volumen de activacion en muestras con diferente grado de orden canonico.<\/p>\n<p>&nbsp;<\/p>\n<h3>Datos acad\u00e9micos de la tesis doctoral \u00ab<strong>Efectos morfologicos y estructurales de las propiedades magneticas de particulas uniformes de 8-fe2 o3.<\/strong>\u00ab<\/h3>\n<ul>\n<li><strong>T\u00edtulo de la tesis:<\/strong>\u00a0 Efectos morfologicos y estructurales de las propiedades magneticas de particulas uniformes de 8-fe2 o3. <\/li>\n<li><strong>Autor:<\/strong>\u00a0 Mar\u00eda  Del Puerto Morales Herrero <\/li>\n<li><strong>Universidad:<\/strong>\u00a0 Aut\u00f3noma de Madrid<\/li>\n<li><strong>Fecha de lectura de la tesis:<\/strong>\u00a0 01\/01\/1994<\/li>\n<\/ul>\n<p>&nbsp;<\/p>\n<h3>Direcci\u00f3n y tribunal<\/h3>\n<ul>\n<li><strong>Director de la tesis<\/strong>\n<ul>\n<li>Carlos Serna Pereda<\/li>\n<\/ul>\n<\/li>\n<li><strong>Tribunal<\/strong>\n<ul>\n<li>Presidente del tribunal: Vicente Fernandez Herrero <\/li>\n<li>Luis Vicent Jose (vocal)<\/li>\n<li>Jos\u00e9 Mar\u00eda Gonz\u00e1lez Calbet (vocal)<\/li>\n<li> Gonzalez Fernandez Jes\u00fas M. (vocal)<\/li>\n<\/ul>\n<\/li>\n<\/ul>\n<p>&nbsp;<\/p>\n","protected":false},"excerpt":{"rendered":"<p>Tesis doctoral de Mar\u00eda Del Puerto Morales Herrero Se han preparado particulas uniformes en tama\u00f1o y forma de 8-fe203, con [&hellip;]<\/p>\n","protected":false},"author":1,"featured_media":0,"comment_status":"open","ping_status":"open","sticky":false,"template":"","format":"standard","meta":{"site-sidebar-layout":"default","site-content-layout":"","ast-site-content-layout":"","site-content-style":"default","site-sidebar-style":"default","ast-global-header-display":"","ast-banner-title-visibility":"","ast-main-header-display":"","ast-hfb-above-header-display":"","ast-hfb-below-header-display":"","ast-hfb-mobile-header-display":"","site-post-title":"","ast-breadcrumbs-content":"","ast-featured-img":"","footer-sml-layout":"","theme-transparent-header-meta":"","adv-header-id-meta":"","stick-header-meta":"","header-above-stick-meta":"","header-main-stick-meta":"","header-below-stick-meta":"","astra-migrate-meta-layouts":"default","ast-page-background-enabled":"default","ast-page-background-meta":{"desktop":{"background-color":"var(--ast-global-color-4)","background-image":"","background-repeat":"repeat","background-position":"center center","background-size":"auto","background-attachment":"scroll","background-type":"","background-media":"","overlay-type":"","overlay-color":"","overlay-gradient":""},"tablet":{"background-color":"","background-image":"","background-repeat":"repeat","background-position":"center center","background-size":"auto","background-attachment":"scroll","background-type":"","background-media":"","overlay-type":"","overlay-color":"","overlay-gradient":""},"mobile":{"background-color":"","background-image":"","background-repeat":"repeat","background-position":"center center","background-size":"auto","background-attachment":"scroll","background-type":"","background-media":"","overlay-type":"","overlay-color":"","overlay-gradient":""}},"ast-content-background-meta":{"desktop":{"background-color":"var(--ast-global-color-5)","background-image":"","background-repeat":"repeat","background-position":"center center","background-size":"auto","background-attachment":"scroll","background-type":"","background-media":"","overlay-type":"","overlay-color":"","overlay-gradient":""},"tablet":{"background-color":"var(--ast-global-color-5)","background-image":"","background-repeat":"repeat","background-position":"center center","background-size":"auto","background-attachment":"scroll","background-type":"","background-media":"","overlay-type":"","overlay-color":"","overlay-gradient":""},"mobile":{"background-color":"var(--ast-global-color-5)","background-image":"","background-repeat":"repeat","background-position":"center center","background-size":"auto","background-attachment":"scroll","background-type":"","background-media":"","overlay-type":"","overlay-color":"","overlay-gradient":""}},"footnotes":""},"categories":[332,199,1008,1125,1007,1126],"tags":[13662,15102,7083,15101,15100,5517],"class_list":["post-3613","post","type-post","status-publish","format-standard","hentry","category-ciencias-tecnologicas","category-fisica","category-fisica-del-estado-solido","category-propiedades-de-materiales","category-propiedades-magneticas-de-los-solidos","category-tecnologia-de-materiales","tag-carlos-serna-pereda","tag-gonzalez-fernandez-jesus-m","tag-jose-maria-gonzalez-calbet","tag-luis-vicent-jose","tag-maria-del-puerto-morales-herrero","tag-vicente-fernandez-herrero"],"_links":{"self":[{"href":"https:\/\/www.deberes.net\/tesis\/wp-json\/wp\/v2\/posts\/3613","targetHints":{"allow":["GET"]}}],"collection":[{"href":"https:\/\/www.deberes.net\/tesis\/wp-json\/wp\/v2\/posts"}],"about":[{"href":"https:\/\/www.deberes.net\/tesis\/wp-json\/wp\/v2\/types\/post"}],"author":[{"embeddable":true,"href":"https:\/\/www.deberes.net\/tesis\/wp-json\/wp\/v2\/users\/1"}],"replies":[{"embeddable":true,"href":"https:\/\/www.deberes.net\/tesis\/wp-json\/wp\/v2\/comments?post=3613"}],"version-history":[{"count":0,"href":"https:\/\/www.deberes.net\/tesis\/wp-json\/wp\/v2\/posts\/3613\/revisions"}],"wp:attachment":[{"href":"https:\/\/www.deberes.net\/tesis\/wp-json\/wp\/v2\/media?parent=3613"}],"wp:term":[{"taxonomy":"category","embeddable":true,"href":"https:\/\/www.deberes.net\/tesis\/wp-json\/wp\/v2\/categories?post=3613"},{"taxonomy":"post_tag","embeddable":true,"href":"https:\/\/www.deberes.net\/tesis\/wp-json\/wp\/v2\/tags?post=3613"}],"curies":[{"name":"wp","href":"https:\/\/api.w.org\/{rel}","templated":true}]}}