{"id":36163,"date":"1998-01-01T00:00:00","date_gmt":"1998-01-01T00:00:00","guid":{"rendered":"https:\/\/www.deberes.net\/tesis\/sin-categoria\/el-exilio-espanol-de-1939-en-santo-domingo-y-su-influencia-en-el-arte-y-la-cultura-dominicana\/"},"modified":"1998-01-01T00:00:00","modified_gmt":"1998-01-01T00:00:00","slug":"el-exilio-espanol-de-1939-en-santo-domingo-y-su-influencia-en-el-arte-y-la-cultura-dominicana","status":"publish","type":"post","link":"https:\/\/www.deberes.net\/tesis\/historia\/el-exilio-espanol-de-1939-en-santo-domingo-y-su-influencia-en-el-arte-y-la-cultura-dominicana\/","title":{"rendered":"El exilio espa\u00f1ol de 1939 en santo domingo y su influencia en el arte y la cultura dominicana."},"content":{"rendered":"<h2>Tesis doctoral de <strong>  Gil Fiallo Laura Pilar <\/strong><\/h2>\n<p>Entre 1939 y 1945 llegan a santo domingo, en plena dictadura trujillista, no menos de 3000 refugiados de la guerra civil espa\u00f1ola. La acogida que el r\u00e9gimen di\u00f3 a los refugiados se inscribe dentro de una pol\u00edtica migratoria que buscaba encubrir con una fachada humanitaria los excesos de una dictadura que, entre otras cosas, asesin\u00f3 a unos 20.000 haitianos en 1937.  aunque se solicit\u00f3 el arribo de gentes con profesiones econ\u00f3micamente productivas, destinadas sobre todo a colonias agr\u00edcolas, en realidad llegaron j\u00f3venes intelectuales y artistas con una media de 35 a\u00f1os y origen urbano.  el dominicano rafael diaz niese, nombrado en 1940 director general de bellas artes, cre\u00f3 entonces la mayor parte de las instituciones culturales existentes en la actualidad, cada una con un exiliado a la cabeza, y todas ellas con un exiliado o m\u00e1s. Cre\u00f3 tambi\u00e9n las bienales y la galer\u00eda nacional de bellas artes. Manolo pascual, escultor, y el pintor josep gausachs fueron, respectivamente, director y subdirector de la escuela nacional de bellas artes, emilio aparicio del teatro escuela nacional y enrique casal chap\u00ed de la orquesta sinf\u00f3nica nacional.  pero los exiliados, adem\u00e1s, fundan peri\u00f3dicos y revistas, renuevan la universidad durante el rectorado de julio ortega frier, as\u00ed como el sistema educativo nacional.  crean escuelas, escriben libros sobre temas diversos, e introducen ideas pol\u00edticas y sociales que a la larga ser\u00e1n un incentivo a la b\u00fasqueda de la libertad.  se dio entonces una intensa renovaci\u00f3n cultural que se desarroll\u00f3 en dos sentidos: puesta al d\u00eda de la cultura dominicana con los movimientos internacionales y profundizaci\u00f3n en lo propio y lo concreto.  las artes pl\u00e1sticas fueron el sector donde todo ello se dio de la manera m\u00e1s espectacular, con la obra de los artistas citados, con los murales de vela zanetti, la pintura surrealista de fern\u00e1ndes granell, la escultura en maderas y piedras criollas<\/p>\n<p>&nbsp;<\/p>\n<h3>Datos acad\u00e9micos de la tesis doctoral \u00ab<strong>El exilio espa\u00f1ol de 1939 en santo domingo y su influencia en el arte y la cultura dominicana.<\/strong>\u00ab<\/h3>\n<ul>\n<li><strong>T\u00edtulo de la tesis:<\/strong>\u00a0 El exilio espa\u00f1ol de 1939 en santo domingo y su influencia en el arte y la cultura dominicana. <\/li>\n<li><strong>Autor:<\/strong>\u00a0  Gil Fiallo Laura Pilar <\/li>\n<li><strong>Universidad:<\/strong>\u00a0 Zaragoza<\/li>\n<li><strong>Fecha de lectura de la tesis:<\/strong>\u00a0 01\/01\/1998<\/li>\n<\/ul>\n<p>&nbsp;<\/p>\n<h3>Direcci\u00f3n y tribunal<\/h3>\n<ul>\n<li><strong>Director de la tesis<\/strong>\n<ul>\n<li>Manuel Garcia Guatas<\/li>\n<\/ul>\n<\/li>\n<li><strong>Tribunal<\/strong>\n<ul>\n<li>Presidente del tribunal: Mar\u00eda Isabel \u00e1lvaro Zamora <\/li>\n<li>Eloy Fernandez Clemente (vocal)<\/li>\n<li> Perez Memen Fernando A. (vocal)<\/li>\n<li>Adelina Moya Valga\u00f1on (vocal)<\/li>\n<\/ul>\n<\/li>\n<\/ul>\n<p>&nbsp;<\/p>\n","protected":false},"excerpt":{"rendered":"<p>Tesis doctoral de Gil Fiallo Laura Pilar Entre 1939 y 1945 llegan a santo domingo, en plena dictadura trujillista, no [&hellip;]<\/p>\n","protected":false},"author":1,"featured_media":0,"comment_status":"open","ping_status":"open","sticky":false,"template":"","format":"standard","meta":{"site-sidebar-layout":"default","site-content-layout":"","ast-site-content-layout":"","site-content-style":"default","site-sidebar-style":"default","ast-global-header-display":"","ast-banner-title-visibility":"","ast-main-header-display":"","ast-hfb-above-header-display":"","ast-hfb-below-header-display":"","ast-hfb-mobile-header-display":"","site-post-title":"","ast-breadcrumbs-content":"","ast-featured-img":"","footer-sml-layout":"","theme-transparent-header-meta":"","adv-header-id-meta":"","stick-header-meta":"","header-above-stick-meta":"","header-main-stick-meta":"","header-below-stick-meta":"","astra-migrate-meta-layouts":"default","ast-page-background-enabled":"default","ast-page-background-meta":{"desktop":{"background-color":"var(--ast-global-color-4)","background-image":"","background-repeat":"repeat","background-position":"center center","background-size":"auto","background-attachment":"scroll","background-type":"","background-media":"","overlay-type":"","overlay-color":"","overlay-gradient":""},"tablet":{"background-color":"","background-image":"","background-repeat":"repeat","background-position":"center center","background-size":"auto","background-attachment":"scroll","background-type":"","background-media":"","overlay-type":"","overlay-color":"","overlay-gradient":""},"mobile":{"background-color":"","background-image":"","background-repeat":"repeat","background-position":"center center","background-size":"auto","background-attachment":"scroll","background-type":"","background-media":"","overlay-type":"","overlay-color":"","overlay-gradient":""}},"ast-content-background-meta":{"desktop":{"background-color":"var(--ast-global-color-5)","background-image":"","background-repeat":"repeat","background-position":"center center","background-size":"auto","background-attachment":"scroll","background-type":"","background-media":"","overlay-type":"","overlay-color":"","overlay-gradient":""},"tablet":{"background-color":"var(--ast-global-color-5)","background-image":"","background-repeat":"repeat","background-position":"center center","background-size":"auto","background-attachment":"scroll","background-type":"","background-media":"","overlay-type":"","overlay-color":"","overlay-gradient":""},"mobile":{"background-color":"var(--ast-global-color-5)","background-image":"","background-repeat":"repeat","background-position":"center center","background-size":"auto","background-attachment":"scroll","background-type":"","background-media":"","overlay-type":"","overlay-color":"","overlay-gradient":""}},"footnotes":""},"categories":[104,6049,2563,220,222,13610],"tags":[28158,8632,95922,28798,30085,95923],"class_list":["post-36163","post","type-post","status-publish","format-standard","hentry","category-historia","category-historia-contemporanea-del-area-americana","category-historia-del-arte-de-los-siglos-xix-y-xx","category-historia-por-epocas","category-historias-especializadas","category-zaragoza","tag-adelina-moya-valganon","tag-eloy-fernandez-clemente","tag-gil-fiallo-laura-pilar","tag-manuel-garcia-guatas","tag-maria-isabel-alvaro-zamora","tag-perez-memen-fernando-a"],"_links":{"self":[{"href":"https:\/\/www.deberes.net\/tesis\/wp-json\/wp\/v2\/posts\/36163","targetHints":{"allow":["GET"]}}],"collection":[{"href":"https:\/\/www.deberes.net\/tesis\/wp-json\/wp\/v2\/posts"}],"about":[{"href":"https:\/\/www.deberes.net\/tesis\/wp-json\/wp\/v2\/types\/post"}],"author":[{"embeddable":true,"href":"https:\/\/www.deberes.net\/tesis\/wp-json\/wp\/v2\/users\/1"}],"replies":[{"embeddable":true,"href":"https:\/\/www.deberes.net\/tesis\/wp-json\/wp\/v2\/comments?post=36163"}],"version-history":[{"count":0,"href":"https:\/\/www.deberes.net\/tesis\/wp-json\/wp\/v2\/posts\/36163\/revisions"}],"wp:attachment":[{"href":"https:\/\/www.deberes.net\/tesis\/wp-json\/wp\/v2\/media?parent=36163"}],"wp:term":[{"taxonomy":"category","embeddable":true,"href":"https:\/\/www.deberes.net\/tesis\/wp-json\/wp\/v2\/categories?post=36163"},{"taxonomy":"post_tag","embeddable":true,"href":"https:\/\/www.deberes.net\/tesis\/wp-json\/wp\/v2\/tags?post=36163"}],"curies":[{"name":"wp","href":"https:\/\/api.w.org\/{rel}","templated":true}]}}