{"id":36219,"date":"1998-01-01T00:00:00","date_gmt":"1998-01-01T00:00:00","guid":{"rendered":"https:\/\/www.deberes.net\/tesis\/sin-categoria\/el-habla-del-valle-de-benasque-aspectos-fonetico-morfosintacticos\/"},"modified":"1998-01-01T00:00:00","modified_gmt":"1998-01-01T00:00:00","slug":"el-habla-del-valle-de-benasque-aspectos-fonetico-morfosintacticos","status":"publish","type":"post","link":"https:\/\/www.deberes.net\/tesis\/linguistica\/el-habla-del-valle-de-benasque-aspectos-fonetico-morfosintacticos\/","title":{"rendered":"El habla del valle de benasque: aspectos fonetico, morfosintacticos"},"content":{"rendered":"<h2>Tesis doctoral de <strong>  Saura Rami Jos\u00e9 Antonio <\/strong><\/h2>\n<p>Nuestro trabajo es una contribuci\u00f3n al objetivo inicial fijado de estudiar el habla del valle de benasque en su vertiente fon\u00e9tico-fonol\u00f3gica, por un lado, y en su dimensi\u00f3n morfosint\u00e1ctica, por otro; ambos apartados son abordados desde una perspectiva fundamentalmente diacr\u00f3nica. Asimismo, hemos recogido una muestra notable del vocabulario que caracteriza esta modalidad pirenaica del altoarag\u00f3n.  en otro orden de cosas, dado que en benasqu\u00e9s confluyen de manera muy singular isoglosas adscribibles ya al \u00e1mbito dialectal aragon\u00e9s (diptongaci\u00f3n de e y o breves t\u00f3nicas latinas, presencia de nasal final en s\u00edlaba t\u00f3nica, aparici\u00f3n general del morfema -ba- en los imperfectos de indicativo, terminaciones -au, -eu, -iu de participio de pasado, etc.), Ya al dominio lingu\u00edstico catal\u00e1n (palatalizaci\u00f3n de lateral en inicial, seseo apicoalveolar, indefinido perfr\u00e1stico, terminaciones de gerundio -\u00e1n, -\u00e9n, -\u00edn&#8230;), Pretendemos definirlas de modo exhaustivo para establecer su verdadera idiosincrasia y, en segundo t\u00e9rmino, manifestar nuestra aportaci\u00f3n personal al esclarecimiento -en lo posible- de un problema dilatado ya en el tiempo dentro del campo de la dialectolog\u00eda pirenaica.<\/p>\n<p>&nbsp;<\/p>\n<h3>Datos acad\u00e9micos de la tesis doctoral \u00ab<strong>El habla del valle de benasque: aspectos fonetico, morfosintacticos<\/strong>\u00ab<\/h3>\n<ul>\n<li><strong>T\u00edtulo de la tesis:<\/strong>\u00a0 El habla del valle de benasque: aspectos fonetico, morfosintacticos <\/li>\n<li><strong>Autor:<\/strong>\u00a0  Saura Rami Jos\u00e9 Antonio <\/li>\n<li><strong>Universidad:<\/strong>\u00a0 Zaragoza<\/li>\n<li><strong>Fecha de lectura de la tesis:<\/strong>\u00a0 01\/01\/1998<\/li>\n<\/ul>\n<p>&nbsp;<\/p>\n<h3>Direcci\u00f3n y tribunal<\/h3>\n<ul>\n<li><strong>Director de la tesis<\/strong>\n<ul>\n<li>Jos\u00e9 Mar\u00eda Enguita Utrilla<\/li>\n<\/ul>\n<\/li>\n<li><strong>Tribunal<\/strong>\n<ul>\n<li>Presidente del tribunal: Tomas Buesa Oliver <\/li>\n<li>Fidel Corcuera Manso (vocal)<\/li>\n<li>\u00e1ngel L\u00f3pez Garc\u00eda (vocal)<\/li>\n<li>Ricard Morant Marco (vocal)<\/li>\n<\/ul>\n<\/li>\n<\/ul>\n<p>&nbsp;<\/p>\n","protected":false},"excerpt":{"rendered":"<p>Tesis doctoral de Saura Rami Jos\u00e9 Antonio Nuestro trabajo es una contribuci\u00f3n al objetivo inicial fijado de estudiar el habla [&hellip;]<\/p>\n","protected":false},"author":1,"featured_media":0,"comment_status":"open","ping_status":"open","sticky":false,"template":"","format":"standard","meta":{"site-sidebar-layout":"default","site-content-layout":"","ast-site-content-layout":"","site-content-style":"default","site-sidebar-style":"default","ast-global-header-display":"","ast-banner-title-visibility":"","ast-main-header-display":"","ast-hfb-above-header-display":"","ast-hfb-below-header-display":"","ast-hfb-mobile-header-display":"","site-post-title":"","ast-breadcrumbs-content":"","ast-featured-img":"","footer-sml-layout":"","theme-transparent-header-meta":"","adv-header-id-meta":"","stick-header-meta":"","header-above-stick-meta":"","header-main-stick-meta":"","header-below-stick-meta":"","astra-migrate-meta-layouts":"default","ast-page-background-enabled":"default","ast-page-background-meta":{"desktop":{"background-color":"var(--ast-global-color-4)","background-image":"","background-repeat":"repeat","background-position":"center center","background-size":"auto","background-attachment":"scroll","background-type":"","background-media":"","overlay-type":"","overlay-color":"","overlay-gradient":""},"tablet":{"background-color":"","background-image":"","background-repeat":"repeat","background-position":"center center","background-size":"auto","background-attachment":"scroll","background-type":"","background-media":"","overlay-type":"","overlay-color":"","overlay-gradient":""},"mobile":{"background-color":"","background-image":"","background-repeat":"repeat","background-position":"center center","background-size":"auto","background-attachment":"scroll","background-type":"","background-media":"","overlay-type":"","overlay-color":"","overlay-gradient":""}},"ast-content-background-meta":{"desktop":{"background-color":"var(--ast-global-color-5)","background-image":"","background-repeat":"repeat","background-position":"center center","background-size":"auto","background-attachment":"scroll","background-type":"","background-media":"","overlay-type":"","overlay-color":"","overlay-gradient":""},"tablet":{"background-color":"var(--ast-global-color-5)","background-image":"","background-repeat":"repeat","background-position":"center center","background-size":"auto","background-attachment":"scroll","background-type":"","background-media":"","overlay-type":"","overlay-color":"","overlay-gradient":""},"mobile":{"background-color":"var(--ast-global-color-5)","background-image":"","background-repeat":"repeat","background-position":"center center","background-size":"auto","background-attachment":"scroll","background-type":"","background-media":"","overlay-type":"","overlay-color":"","overlay-gradient":""}},"footnotes":""},"categories":[59,423,590,13610],"tags":[1515,94861,27164,52401,96032,95851],"class_list":["post-36219","post","type-post","status-publish","format-standard","hentry","category-linguistica","category-linguistica-diacronica","category-linguistica-historica","category-zaragoza","tag-angel-lopez-garcia","tag-fidel-corcuera-manso","tag-jose-maria-enguita-utrilla","tag-ricard-morant-marco","tag-saura-rami-jose-antonio","tag-tomas-buesa-oliver"],"_links":{"self":[{"href":"https:\/\/www.deberes.net\/tesis\/wp-json\/wp\/v2\/posts\/36219","targetHints":{"allow":["GET"]}}],"collection":[{"href":"https:\/\/www.deberes.net\/tesis\/wp-json\/wp\/v2\/posts"}],"about":[{"href":"https:\/\/www.deberes.net\/tesis\/wp-json\/wp\/v2\/types\/post"}],"author":[{"embeddable":true,"href":"https:\/\/www.deberes.net\/tesis\/wp-json\/wp\/v2\/users\/1"}],"replies":[{"embeddable":true,"href":"https:\/\/www.deberes.net\/tesis\/wp-json\/wp\/v2\/comments?post=36219"}],"version-history":[{"count":0,"href":"https:\/\/www.deberes.net\/tesis\/wp-json\/wp\/v2\/posts\/36219\/revisions"}],"wp:attachment":[{"href":"https:\/\/www.deberes.net\/tesis\/wp-json\/wp\/v2\/media?parent=36219"}],"wp:term":[{"taxonomy":"category","embeddable":true,"href":"https:\/\/www.deberes.net\/tesis\/wp-json\/wp\/v2\/categories?post=36219"},{"taxonomy":"post_tag","embeddable":true,"href":"https:\/\/www.deberes.net\/tesis\/wp-json\/wp\/v2\/tags?post=36219"}],"curies":[{"name":"wp","href":"https:\/\/api.w.org\/{rel}","templated":true}]}}