{"id":36229,"date":"1998-01-01T00:00:00","date_gmt":"1998-01-01T00:00:00","guid":{"rendered":"https:\/\/www.deberes.net\/tesis\/sin-categoria\/configuracion-de-la-intendencia-de-aragon-en-el-siglo-xviii\/"},"modified":"1998-01-01T00:00:00","modified_gmt":"1998-01-01T00:00:00","slug":"configuracion-de-la-intendencia-de-aragon-en-el-siglo-xviii","status":"publish","type":"post","link":"https:\/\/www.deberes.net\/tesis\/historia\/configuracion-de-la-intendencia-de-aragon-en-el-siglo-xviii\/","title":{"rendered":"Configuracion de la intendencia de aragon en el siglo xviii."},"content":{"rendered":"<h2>Tesis doctoral de <strong>  Vazquez De Prada Vallejo Casilda <\/strong><\/h2>\n<p>Como consecuencia de la guerra de sucesi\u00f3n, se instituye una nueva magistratura en el reino de arag\u00f3n: la superintendencia de rentas reales. Esta instituci\u00f3n ser\u00e1 la base de la intendencia de arag\u00f3n.  el primer intendente fue don melchor macanaz que cumpl\u00eda exclusivamente funciones fiscales y administrativas. Mas tarde en 1714, se unen las funciones de hacienda y guerra en el intendente de arag\u00f3n.  el marques de castelar es el primer intendente de hacienda y guerra y en 1718 se a\u00f1adiran a las funciones de hacienda y guerra las de justicia y policia quedando perfilada la magistratura intendencial, la cual evolucionara a lo largo del siglo xviii aumentando sus poderes hasta 1766 en que declina la intendencia.  los puntos investigados en esta t\u00e9sis son:  . ?C\u00f3mo se implanta la superintendencia y de que forma se estructura la misma en el reino de arag\u00f3n? . ?C\u00f3mo se introducen los nuevos impuestos, alcabalas, papel sellado, cuartel de invierno, etc.? .?C\u00f3mo se organiza la intendencia del ejercito? .?C\u00f3mo se realiza la unica contribuci\u00f3n? .?C\u00faal es la actuaci\u00f3n de los intendentes del ejercito y provincia en los cuatro campos de actuaci\u00f3n: hacienda, guerra, justicia y policia?<\/p>\n<p>&nbsp;<\/p>\n<h3>Datos acad\u00e9micos de la tesis doctoral \u00ab<strong>Configuracion de la intendencia de aragon en el siglo xviii.<\/strong>\u00ab<\/h3>\n<ul>\n<li><strong>T\u00edtulo de la tesis:<\/strong>\u00a0 Configuracion de la intendencia de aragon en el siglo xviii. <\/li>\n<li><strong>Autor:<\/strong>\u00a0  Vazquez De Prada Vallejo Casilda <\/li>\n<li><strong>Universidad:<\/strong>\u00a0 Zaragoza<\/li>\n<li><strong>Fecha de lectura de la tesis:<\/strong>\u00a0 01\/01\/1998<\/li>\n<\/ul>\n<p>&nbsp;<\/p>\n<h3>Direcci\u00f3n y tribunal<\/h3>\n<ul>\n<li><strong>Director de la tesis<\/strong>\n<ul>\n<li>Jos\u00e9 Antonio Armillas Vicente<\/li>\n<\/ul>\n<\/li>\n<li><strong>Tribunal<\/strong>\n<ul>\n<li>Presidente del tribunal: Eduardo Escartin Sanchez <\/li>\n<li>Carmen Corona Marzol (vocal)<\/li>\n<li>Guillermo Redondo Veintemillas (vocal)<\/li>\n<li>Consuelo Maqueda Abreu (vocal)<\/li>\n<\/ul>\n<\/li>\n<\/ul>\n<p>&nbsp;<\/p>\n","protected":false},"excerpt":{"rendered":"<p>Tesis doctoral de Vazquez De Prada Vallejo Casilda Como consecuencia de la guerra de sucesi\u00f3n, se instituye una nueva magistratura [&hellip;]<\/p>\n","protected":false},"author":1,"featured_media":0,"comment_status":"open","ping_status":"open","sticky":false,"template":"","format":"standard","meta":{"site-sidebar-layout":"default","site-content-layout":"","ast-site-content-layout":"","site-content-style":"default","site-sidebar-style":"default","ast-global-header-display":"","ast-banner-title-visibility":"","ast-main-header-display":"","ast-hfb-above-header-display":"","ast-hfb-below-header-display":"","ast-hfb-mobile-header-display":"","site-post-title":"","ast-breadcrumbs-content":"","ast-featured-img":"","footer-sml-layout":"","theme-transparent-header-meta":"","adv-header-id-meta":"","stick-header-meta":"","header-above-stick-meta":"","header-main-stick-meta":"","header-below-stick-meta":"","astra-migrate-meta-layouts":"default","ast-page-background-enabled":"default","ast-page-background-meta":{"desktop":{"background-color":"var(--ast-global-color-4)","background-image":"","background-repeat":"repeat","background-position":"center center","background-size":"auto","background-attachment":"scroll","background-type":"","background-media":"","overlay-type":"","overlay-color":"","overlay-gradient":""},"tablet":{"background-color":"","background-image":"","background-repeat":"repeat","background-position":"center center","background-size":"auto","background-attachment":"scroll","background-type":"","background-media":"","overlay-type":"","overlay-color":"","overlay-gradient":""},"mobile":{"background-color":"","background-image":"","background-repeat":"repeat","background-position":"center center","background-size":"auto","background-attachment":"scroll","background-type":"","background-media":"","overlay-type":"","overlay-color":"","overlay-gradient":""}},"ast-content-background-meta":{"desktop":{"background-color":"var(--ast-global-color-5)","background-image":"","background-repeat":"repeat","background-position":"center center","background-size":"auto","background-attachment":"scroll","background-type":"","background-media":"","overlay-type":"","overlay-color":"","overlay-gradient":""},"tablet":{"background-color":"var(--ast-global-color-5)","background-image":"","background-repeat":"repeat","background-position":"center center","background-size":"auto","background-attachment":"scroll","background-type":"","background-media":"","overlay-type":"","overlay-color":"","overlay-gradient":""},"mobile":{"background-color":"var(--ast-global-color-5)","background-image":"","background-repeat":"repeat","background-position":"center center","background-size":"auto","background-attachment":"scroll","background-type":"","background-media":"","overlay-type":"","overlay-color":"","overlay-gradient":""}},"footnotes":""},"categories":[104,758,1015,220,222,13610],"tags":[47553,45815,96051,90486,4941,96050],"class_list":["post-36229","post","type-post","status-publish","format-standard","hentry","category-historia","category-historia-del-derecho-y-de-las-instituciones-juridicas","category-historia-moderna-del-area-europea","category-historia-por-epocas","category-historias-especializadas","category-zaragoza","tag-carmen-corona-marzol","tag-consuelo-maqueda-abreu","tag-eduardo-escartin-sanchez","tag-guillermo-redondo-veintemillas","tag-jose-antonio-armillas-vicente","tag-vazquez-de-prada-vallejo-casilda"],"_links":{"self":[{"href":"https:\/\/www.deberes.net\/tesis\/wp-json\/wp\/v2\/posts\/36229","targetHints":{"allow":["GET"]}}],"collection":[{"href":"https:\/\/www.deberes.net\/tesis\/wp-json\/wp\/v2\/posts"}],"about":[{"href":"https:\/\/www.deberes.net\/tesis\/wp-json\/wp\/v2\/types\/post"}],"author":[{"embeddable":true,"href":"https:\/\/www.deberes.net\/tesis\/wp-json\/wp\/v2\/users\/1"}],"replies":[{"embeddable":true,"href":"https:\/\/www.deberes.net\/tesis\/wp-json\/wp\/v2\/comments?post=36229"}],"version-history":[{"count":0,"href":"https:\/\/www.deberes.net\/tesis\/wp-json\/wp\/v2\/posts\/36229\/revisions"}],"wp:attachment":[{"href":"https:\/\/www.deberes.net\/tesis\/wp-json\/wp\/v2\/media?parent=36229"}],"wp:term":[{"taxonomy":"category","embeddable":true,"href":"https:\/\/www.deberes.net\/tesis\/wp-json\/wp\/v2\/categories?post=36229"},{"taxonomy":"post_tag","embeddable":true,"href":"https:\/\/www.deberes.net\/tesis\/wp-json\/wp\/v2\/tags?post=36229"}],"curies":[{"name":"wp","href":"https:\/\/api.w.org\/{rel}","templated":true}]}}