{"id":36245,"date":"1998-01-01T00:00:00","date_gmt":"1998-01-01T00:00:00","guid":{"rendered":"https:\/\/www.deberes.net\/tesis\/sin-categoria\/gentes-italicas-en-hispania-citerior-218-14-d-c-los-casos-de-tarraco-carthago-nova-y-valentia\/"},"modified":"1998-01-01T00:00:00","modified_gmt":"1998-01-01T00:00:00","slug":"gentes-italicas-en-hispania-citerior-218-14-d-c-los-casos-de-tarraco-carthago-nova-y-valentia","status":"publish","type":"post","link":"https:\/\/www.deberes.net\/tesis\/historia\/gentes-italicas-en-hispania-citerior-218-14-d-c-los-casos-de-tarraco-carthago-nova-y-valentia\/","title":{"rendered":"Gentes italicas en hispania citerior (218-14\/d.c.). los casos de tarraco, carthago nova y valentia."},"content":{"rendered":"<h2>Tesis doctoral de <strong> Adela Barreda Pascual <\/strong><\/h2>\n<p>Nuestra tesis consiste en un estudio de la documentaci\u00f3n de la emigraci\u00f3n it\u00e1lica en la pen\u00ednsula ib\u00e9rica en tres localidades de temprana romanizaci\u00f3n: tarraco, carthago nova y valentia, tomando como l\u00edmite cronol\u00f3gico la \u00e9poca de augusto incluida. Para ello, se ha llevado a cabo un estudio tripartito: onom\u00e1stico-prosopogr\u00e1fico, lingu\u00edstico e hist\u00f3rico. La tesis se compone de un an\u00e1lisis de las nominas y de los aspectos lingu\u00edsticos peculiares observados en el lat\u00edn republicano-augusteo de las ciudades citadas para determinar su origo sab\u00e9lica.  el estudio onom\u00e1stico-prosopogr\u00e1fico distingue entre gentilicios de difusi\u00f3n muy escasa (pontilienus, saponius, rubena, talepius, trinius, ahius, aleidius, labicius, lucienus, utius, varaeua, veicius, vereius) y de difusi\u00f3n m\u00e1s amplia (didius, magius, fufius, lollius, messius, mussidius, ofellius, venuleius). El estudio hist\u00f3rico lo vertebra un an\u00e1lisis de las fuentes literarias referentes a la fundaci\u00f3n o entrada en el dominio romano de cada una de las localidades.<\/p>\n<p>&nbsp;<\/p>\n<h3>Datos acad\u00e9micos de la tesis doctoral \u00ab<strong>Gentes italicas en hispania citerior (218-14\/d.c.). los casos de tarraco, carthago nova y valentia.<\/strong>\u00ab<\/h3>\n<ul>\n<li><strong>T\u00edtulo de la tesis:<\/strong>\u00a0 Gentes italicas en hispania citerior (218-14\/d.c.). los casos de tarraco, carthago nova y valentia. <\/li>\n<li><strong>Autor:<\/strong>\u00a0 Adela Barreda Pascual <\/li>\n<li><strong>Universidad:<\/strong>\u00a0 Aut\u00f3noma de barcelona<\/li>\n<li><strong>Fecha de lectura de la tesis:<\/strong>\u00a0 01\/01\/1998<\/li>\n<\/ul>\n<p>&nbsp;<\/p>\n<h3>Direcci\u00f3n y tribunal<\/h3>\n<ul>\n<li><strong>Director de la tesis<\/strong>\n<ul>\n<li> Pena Gimeno M. Jose<\/li>\n<\/ul>\n<\/li>\n<li><strong>Tribunal<\/strong>\n<ul>\n<li>Presidente del tribunal: Paolo Poccetti <\/li>\n<li>Jos\u00e9 Martinez Gazquez (vocal)<\/li>\n<li>Claude Domergue (vocal)<\/li>\n<li>Ignacio Adiego (vocal)<\/li>\n<\/ul>\n<\/li>\n<\/ul>\n<p>&nbsp;<\/p>\n","protected":false},"excerpt":{"rendered":"<p>Tesis doctoral de Adela Barreda Pascual Nuestra tesis consiste en un estudio de la documentaci\u00f3n de la emigraci\u00f3n it\u00e1lica en [&hellip;]<\/p>\n","protected":false},"author":1,"featured_media":0,"comment_status":"open","ping_status":"open","sticky":false,"template":"","format":"standard","meta":{"site-sidebar-layout":"default","site-content-layout":"","ast-site-content-layout":"","site-content-style":"default","site-sidebar-style":"default","ast-global-header-display":"","ast-banner-title-visibility":"","ast-main-header-display":"","ast-hfb-above-header-display":"","ast-hfb-below-header-display":"","ast-hfb-mobile-header-display":"","site-post-title":"","ast-breadcrumbs-content":"","ast-featured-img":"","footer-sml-layout":"","theme-transparent-header-meta":"","adv-header-id-meta":"","stick-header-meta":"","header-above-stick-meta":"","header-main-stick-meta":"","header-below-stick-meta":"","astra-migrate-meta-layouts":"default","ast-page-background-enabled":"default","ast-page-background-meta":{"desktop":{"background-color":"var(--ast-global-color-4)","background-image":"","background-repeat":"repeat","background-position":"center center","background-size":"auto","background-attachment":"scroll","background-type":"","background-media":"","overlay-type":"","overlay-color":"","overlay-gradient":""},"tablet":{"background-color":"","background-image":"","background-repeat":"repeat","background-position":"center center","background-size":"auto","background-attachment":"scroll","background-type":"","background-media":"","overlay-type":"","overlay-color":"","overlay-gradient":""},"mobile":{"background-color":"","background-image":"","background-repeat":"repeat","background-position":"center center","background-size":"auto","background-attachment":"scroll","background-type":"","background-media":"","overlay-type":"","overlay-color":"","overlay-gradient":""}},"ast-content-background-meta":{"desktop":{"background-color":"var(--ast-global-color-5)","background-image":"","background-repeat":"repeat","background-position":"center center","background-size":"auto","background-attachment":"scroll","background-type":"","background-media":"","overlay-type":"","overlay-color":"","overlay-gradient":""},"tablet":{"background-color":"var(--ast-global-color-5)","background-image":"","background-repeat":"repeat","background-position":"center center","background-size":"auto","background-attachment":"scroll","background-type":"","background-media":"","overlay-type":"","overlay-color":"","overlay-gradient":""},"mobile":{"background-color":"var(--ast-global-color-5)","background-image":"","background-repeat":"repeat","background-position":"center center","background-size":"auto","background-attachment":"scroll","background-type":"","background-media":"","overlay-type":"","overlay-color":"","overlay-gradient":""}},"footnotes":""},"categories":[1624,9673,104,23041],"tags":[96083,94629,96086,14123,96085,96084],"class_list":["post-36245","post","type-post","status-publish","format-standard","hentry","category-ciencias-auxiliares-de-la-historia","category-epigrafia","category-historia","category-onomastica","tag-adela-barreda-pascual","tag-claude-domergue","tag-ignacio-adiego","tag-jose-Martinez-gazquez","tag-paolo-poccetti","tag-pena-gimeno-m-jose"],"_links":{"self":[{"href":"https:\/\/www.deberes.net\/tesis\/wp-json\/wp\/v2\/posts\/36245","targetHints":{"allow":["GET"]}}],"collection":[{"href":"https:\/\/www.deberes.net\/tesis\/wp-json\/wp\/v2\/posts"}],"about":[{"href":"https:\/\/www.deberes.net\/tesis\/wp-json\/wp\/v2\/types\/post"}],"author":[{"embeddable":true,"href":"https:\/\/www.deberes.net\/tesis\/wp-json\/wp\/v2\/users\/1"}],"replies":[{"embeddable":true,"href":"https:\/\/www.deberes.net\/tesis\/wp-json\/wp\/v2\/comments?post=36245"}],"version-history":[{"count":0,"href":"https:\/\/www.deberes.net\/tesis\/wp-json\/wp\/v2\/posts\/36245\/revisions"}],"wp:attachment":[{"href":"https:\/\/www.deberes.net\/tesis\/wp-json\/wp\/v2\/media?parent=36245"}],"wp:term":[{"taxonomy":"category","embeddable":true,"href":"https:\/\/www.deberes.net\/tesis\/wp-json\/wp\/v2\/categories?post=36245"},{"taxonomy":"post_tag","embeddable":true,"href":"https:\/\/www.deberes.net\/tesis\/wp-json\/wp\/v2\/tags?post=36245"}],"curies":[{"name":"wp","href":"https:\/\/api.w.org\/{rel}","templated":true}]}}