{"id":36351,"date":"1998-01-01T00:00:00","date_gmt":"1998-01-01T00:00:00","guid":{"rendered":"https:\/\/www.deberes.net\/tesis\/sin-categoria\/el-anarquismo-iberico-sus-relaciones-con-el-urbanismo-ecologista-u-organico-el-neomalthusianismo-y-el-naturismo\/"},"modified":"1998-01-01T00:00:00","modified_gmt":"1998-01-01T00:00:00","slug":"el-anarquismo-iberico-sus-relaciones-con-el-urbanismo-ecologista-u-organico-el-neomalthusianismo-y-el-naturismo","status":"publish","type":"post","link":"https:\/\/www.deberes.net\/tesis\/demografia\/el-anarquismo-iberico-sus-relaciones-con-el-urbanismo-ecologista-u-organico-el-neomalthusianismo-y-el-naturismo\/","title":{"rendered":"El anarquismo iberico, sus relaciones con el urbanismo ecologista u \u00aborganico\u00bb, el neomalthusianismo y el naturismo."},"content":{"rendered":"<h2>Tesis doctoral de <strong> Eduard MasJuan  Bracons <\/strong><\/h2>\n<p>La primera parte de la tesis analiza las propuestas del urbanismo \u00aborg\u00e1nico\u00bb, contrarias al urbanismo expansivo que llevaba al crecimiento sin l\u00edmites de las conurbaciones. Estas propuestas fueron derrotadas. En general, los anarquistas apoyaron las propuestas del movimiento de las ciudades-jard\u00edn desconectadas e independientes.  la segunda parte de la tesis estudia el neomalthusianismo anarquista ib\u00e9rico, hoy m\u00e1s relevante que nunca debido al aumento de la poblaci\u00f3n humana en el siglo xx (de 1500 a 6000 millones) y a la intensidad de la discusi\u00f3n ecol\u00f3gica. La poblaci\u00f3n humana se concentra cada vez m\u00e1s en grandes aglomeraciones urbanas de manera que en ambos temas principales de esta tesis, hot como ayer, est\u00e1n relacionados. El neomalthusianismo fu\u00e9 desde el principio un movimiento ampliamente mayoritario dentro del anarquismo ib\u00e9rico. El neomalthusianismo ib\u00e9rico admit\u00eda la \u00abley de poblaci\u00f3n\u00bb, pero sosten\u00eda que el proletariado podr\u00eda aprender la pr\u00e1ctica de la \u00abprocreaci\u00f3n consciente\u00bb.<\/p>\n<p>&nbsp;<\/p>\n<h3>Datos acad\u00e9micos de la tesis doctoral \u00ab<strong>El anarquismo iberico, sus relaciones con el urbanismo ecologista u \u00aborganico\u00bb, el neomalthusianismo y el naturismo.<\/strong>\u00ab<\/h3>\n<ul>\n<li><strong>T\u00edtulo de la tesis:<\/strong>\u00a0 El anarquismo iberico, sus relaciones con el urbanismo ecologista u \u00aborganico\u00bb, el neomalthusianismo y el naturismo. <\/li>\n<li><strong>Autor:<\/strong>\u00a0 Eduard MasJuan  Bracons <\/li>\n<li><strong>Universidad:<\/strong>\u00a0 Aut\u00f3noma de barcelona<\/li>\n<li><strong>Fecha de lectura de la tesis:<\/strong>\u00a0 01\/01\/1998<\/li>\n<\/ul>\n<p>&nbsp;<\/p>\n<h3>Direcci\u00f3n y tribunal<\/h3>\n<ul>\n<li><strong>Director de la tesis<\/strong>\n<ul>\n<li>Jose \u00e1lvarez Junco<\/li>\n<\/ul>\n<\/li>\n<li><strong>Tribunal<\/strong>\n<ul>\n<li>Presidente del tribunal: Enric Tello Aragay <\/li>\n<li>M. Muntaner Josep (vocal)<\/li>\n<li> Gonzalez De Molina M. Angel (vocal)<\/li>\n<li>  (vocal)<\/li>\n<\/ul>\n<\/li>\n<\/ul>\n<p>&nbsp;<\/p>\n","protected":false},"excerpt":{"rendered":"<p>Tesis doctoral de Eduard MasJuan Bracons La primera parte de la tesis analiza las propuestas del urbanismo \u00aborg\u00e1nico\u00bb, contrarias al [&hellip;]<\/p>\n","protected":false},"author":1,"featured_media":0,"comment_status":"open","ping_status":"open","sticky":false,"template":"","format":"standard","meta":{"site-sidebar-layout":"default","site-content-layout":"","ast-site-content-layout":"","site-content-style":"default","site-sidebar-style":"default","ast-global-header-display":"","ast-banner-title-visibility":"","ast-main-header-display":"","ast-hfb-above-header-display":"","ast-hfb-below-header-display":"","ast-hfb-mobile-header-display":"","site-post-title":"","ast-breadcrumbs-content":"","ast-featured-img":"","footer-sml-layout":"","theme-transparent-header-meta":"","adv-header-id-meta":"","stick-header-meta":"","header-above-stick-meta":"","header-main-stick-meta":"","header-below-stick-meta":"","astra-migrate-meta-layouts":"default","ast-page-background-enabled":"default","ast-page-background-meta":{"desktop":{"background-color":"var(--ast-global-color-4)","background-image":"","background-repeat":"repeat","background-position":"center center","background-size":"auto","background-attachment":"scroll","background-type":"","background-media":"","overlay-type":"","overlay-color":"","overlay-gradient":""},"tablet":{"background-color":"","background-image":"","background-repeat":"repeat","background-position":"center center","background-size":"auto","background-attachment":"scroll","background-type":"","background-media":"","overlay-type":"","overlay-color":"","overlay-gradient":""},"mobile":{"background-color":"","background-image":"","background-repeat":"repeat","background-position":"center center","background-size":"auto","background-attachment":"scroll","background-type":"","background-media":"","overlay-type":"","overlay-color":"","overlay-gradient":""}},"ast-content-background-meta":{"desktop":{"background-color":"var(--ast-global-color-5)","background-image":"","background-repeat":"repeat","background-position":"center center","background-size":"auto","background-attachment":"scroll","background-type":"","background-media":"","overlay-type":"","overlay-color":"","overlay-gradient":""},"tablet":{"background-color":"var(--ast-global-color-5)","background-image":"","background-repeat":"repeat","background-position":"center center","background-size":"auto","background-attachment":"scroll","background-type":"","background-media":"","overlay-type":"","overlay-color":"","overlay-gradient":""},"mobile":{"background-color":"var(--ast-global-color-5)","background-image":"","background-repeat":"repeat","background-position":"center center","background-size":"auto","background-attachment":"scroll","background-type":"","background-media":"","overlay-type":"","overlay-color":"","overlay-gradient":""}},"footnotes":""},"categories":[1066,2218,1067,96300,96299],"tags":[96301,65894,96303,31409,96302],"class_list":["post-36351","post","type-post","status-publish","format-standard","hentry","category-demografia","category-demografia-historica","category-fertilidad","category-tasa-de-natalidad","category-teoria-de-la-demografia-historica","tag-eduard-masjuan-bracons","tag-enric-tello-aragay","tag-gonzalez-de-molina-m-angel","tag-jose-alvarez-junco","tag-m-muntaner-josep"],"_links":{"self":[{"href":"https:\/\/www.deberes.net\/tesis\/wp-json\/wp\/v2\/posts\/36351","targetHints":{"allow":["GET"]}}],"collection":[{"href":"https:\/\/www.deberes.net\/tesis\/wp-json\/wp\/v2\/posts"}],"about":[{"href":"https:\/\/www.deberes.net\/tesis\/wp-json\/wp\/v2\/types\/post"}],"author":[{"embeddable":true,"href":"https:\/\/www.deberes.net\/tesis\/wp-json\/wp\/v2\/users\/1"}],"replies":[{"embeddable":true,"href":"https:\/\/www.deberes.net\/tesis\/wp-json\/wp\/v2\/comments?post=36351"}],"version-history":[{"count":0,"href":"https:\/\/www.deberes.net\/tesis\/wp-json\/wp\/v2\/posts\/36351\/revisions"}],"wp:attachment":[{"href":"https:\/\/www.deberes.net\/tesis\/wp-json\/wp\/v2\/media?parent=36351"}],"wp:term":[{"taxonomy":"category","embeddable":true,"href":"https:\/\/www.deberes.net\/tesis\/wp-json\/wp\/v2\/categories?post=36351"},{"taxonomy":"post_tag","embeddable":true,"href":"https:\/\/www.deberes.net\/tesis\/wp-json\/wp\/v2\/tags?post=36351"}],"curies":[{"name":"wp","href":"https:\/\/api.w.org\/{rel}","templated":true}]}}