{"id":36352,"date":"1998-01-01T00:00:00","date_gmt":"1998-01-01T00:00:00","guid":{"rendered":"https:\/\/www.deberes.net\/tesis\/sin-categoria\/estudios-matematicos-de-pietro-mengoli-1625-1686\/"},"modified":"1998-01-01T00:00:00","modified_gmt":"1998-01-01T00:00:00","slug":"estudios-matematicos-de-pietro-mengoli-1625-1686","status":"publish","type":"post","link":"https:\/\/www.deberes.net\/tesis\/historia\/estudios-matematicos-de-pietro-mengoli-1625-1686\/","title":{"rendered":"Estudios matematicos de pietro mengoli (1625-1686)."},"content":{"rendered":"<h2>Tesis doctoral de <strong>  Massa Esteve M. Rosa <\/strong><\/h2>\n<p>La tesis se ocupa de la obra matem\u00e1tica de pietro mengoli (1626-1686) con dos objetivos principales: analizar en profundidad los conceptos matem\u00e1ticos que utiliz\u00f3 mengoli y estudiar el proceso de articulaci\u00f3n del \u00e1lgebra con la geometr\u00eda que tiene lugar en el siglo diecisiete desde la perspectiva de sus contribuciones.  las matem\u00e1ticas del siglo xvii evolucionan a partir de la interacci\u00f3n de tres fuerzas fundamentales: 1) el legado matem\u00e1tico cl\u00e1sico, ejemplificado por las obras de euclides y arquimedes; 2) la aparici\u00f3n del \u00e1lgebra y su aplicaci\u00f3n a la geometr\u00eda y finalmente la revoluci\u00f3n \u00abinfinitista\u00bb, es decir, la extensi\u00f3n del dominio propio de las matem\u00e1ticas al uso de algoritmos infinitos. La tesis muestra la interacci\u00f3n dentro del pensamiento de mengoli de estos factores de desarrollo proporcionando un an\u00e1lisis contextual que aclara no s\u00f3lo la din\u00e1mica interna de las teor\u00edas propuestas por mengoli sino tambi\u00e9n el sistema de pensamiento que origina estas teor\u00edas. En concreto mengoli quiere calcular la quadratura del c\u00edrculo y la tesis analiza y demuestra su original m\u00e9todo basado en el tri\u00e1ngulo aritm\u00e9tico, la teor\u00eda de \u00abquasi proporciones\u00bb y el \u00e1lgebra de vi\u00e9te.<\/p>\n<p>&nbsp;<\/p>\n<h3>Datos acad\u00e9micos de la tesis doctoral \u00ab<strong>Estudios matematicos de pietro mengoli (1625-1686).<\/strong>\u00ab<\/h3>\n<ul>\n<li><strong>T\u00edtulo de la tesis:<\/strong>\u00a0 Estudios matematicos de pietro mengoli (1625-1686). <\/li>\n<li><strong>Autor:<\/strong>\u00a0  Massa Esteve M. Rosa <\/li>\n<li><strong>Universidad:<\/strong>\u00a0 Aut\u00f3noma de barcelona<\/li>\n<li><strong>Fecha de lectura de la tesis:<\/strong>\u00a0 01\/01\/1998<\/li>\n<\/ul>\n<p>&nbsp;<\/p>\n<h3>Direcci\u00f3n y tribunal<\/h3>\n<ul>\n<li><strong>Director de la tesis<\/strong>\n<ul>\n<li>Antoni Malet Tomas<\/li>\n<\/ul>\n<\/li>\n<li><strong>Tribunal<\/strong>\n<ul>\n<li>Presidente del tribunal: Carles Perello  I Valls <\/li>\n<li>Josep Pla Carrera (vocal)<\/li>\n<li>Paolo Mancosu (vocal)<\/li>\n<li>Eduard Recasens Gallart (vocal)<\/li>\n<\/ul>\n<\/li>\n<\/ul>\n<p>&nbsp;<\/p>\n","protected":false},"excerpt":{"rendered":"<p>Tesis doctoral de Massa Esteve M. Rosa La tesis se ocupa de la obra matem\u00e1tica de pietro mengoli (1626-1686) con [&hellip;]<\/p>\n","protected":false},"author":1,"featured_media":0,"comment_status":"open","ping_status":"open","sticky":false,"template":"","format":"standard","meta":{"site-sidebar-layout":"default","site-content-layout":"","ast-site-content-layout":"","site-content-style":"default","site-sidebar-style":"default","ast-global-header-display":"","ast-banner-title-visibility":"","ast-main-header-display":"","ast-hfb-above-header-display":"","ast-hfb-below-header-display":"","ast-hfb-mobile-header-display":"","site-post-title":"","ast-breadcrumbs-content":"","ast-featured-img":"","footer-sml-layout":"","theme-transparent-header-meta":"","adv-header-id-meta":"","stick-header-meta":"","header-above-stick-meta":"","header-main-stick-meta":"","header-below-stick-meta":"","astra-migrate-meta-layouts":"default","ast-page-background-enabled":"default","ast-page-background-meta":{"desktop":{"background-color":"var(--ast-global-color-4)","background-image":"","background-repeat":"repeat","background-position":"center center","background-size":"auto","background-attachment":"scroll","background-type":"","background-media":"","overlay-type":"","overlay-color":"","overlay-gradient":""},"tablet":{"background-color":"","background-image":"","background-repeat":"repeat","background-position":"center center","background-size":"auto","background-attachment":"scroll","background-type":"","background-media":"","overlay-type":"","overlay-color":"","overlay-gradient":""},"mobile":{"background-color":"","background-image":"","background-repeat":"repeat","background-position":"center center","background-size":"auto","background-attachment":"scroll","background-type":"","background-media":"","overlay-type":"","overlay-color":"","overlay-gradient":""}},"ast-content-background-meta":{"desktop":{"background-color":"var(--ast-global-color-5)","background-image":"","background-repeat":"repeat","background-position":"center center","background-size":"auto","background-attachment":"scroll","background-type":"","background-media":"","overlay-type":"","overlay-color":"","overlay-gradient":""},"tablet":{"background-color":"var(--ast-global-color-5)","background-image":"","background-repeat":"repeat","background-position":"center center","background-size":"auto","background-attachment":"scroll","background-type":"","background-media":"","overlay-type":"","overlay-color":"","overlay-gradient":""},"mobile":{"background-color":"var(--ast-global-color-5)","background-image":"","background-repeat":"repeat","background-position":"center center","background-size":"auto","background-attachment":"scroll","background-type":"","background-media":"","overlay-type":"","overlay-color":"","overlay-gradient":""}},"footnotes":""},"categories":[2809,104,24182,222,126],"tags":[96305,13838,96307,3755,96304,96306],"class_list":["post-36352","post","type-post","status-publish","format-standard","hentry","category-algebra","category-historia","category-historia-de-las-matematicas","category-historias-especializadas","category-matematicas","tag-antoni-malet-tomas","tag-carles-perello-i-valls","tag-eduard-recasens-gallart","tag-josep-pla-carrera","tag-massa-esteve-m-rosa","tag-paolo-mancosu"],"_links":{"self":[{"href":"https:\/\/www.deberes.net\/tesis\/wp-json\/wp\/v2\/posts\/36352","targetHints":{"allow":["GET"]}}],"collection":[{"href":"https:\/\/www.deberes.net\/tesis\/wp-json\/wp\/v2\/posts"}],"about":[{"href":"https:\/\/www.deberes.net\/tesis\/wp-json\/wp\/v2\/types\/post"}],"author":[{"embeddable":true,"href":"https:\/\/www.deberes.net\/tesis\/wp-json\/wp\/v2\/users\/1"}],"replies":[{"embeddable":true,"href":"https:\/\/www.deberes.net\/tesis\/wp-json\/wp\/v2\/comments?post=36352"}],"version-history":[{"count":0,"href":"https:\/\/www.deberes.net\/tesis\/wp-json\/wp\/v2\/posts\/36352\/revisions"}],"wp:attachment":[{"href":"https:\/\/www.deberes.net\/tesis\/wp-json\/wp\/v2\/media?parent=36352"}],"wp:term":[{"taxonomy":"category","embeddable":true,"href":"https:\/\/www.deberes.net\/tesis\/wp-json\/wp\/v2\/categories?post=36352"},{"taxonomy":"post_tag","embeddable":true,"href":"https:\/\/www.deberes.net\/tesis\/wp-json\/wp\/v2\/tags?post=36352"}],"curies":[{"name":"wp","href":"https:\/\/api.w.org\/{rel}","templated":true}]}}