{"id":36390,"date":"1998-01-01T00:00:00","date_gmt":"1998-01-01T00:00:00","guid":{"rendered":"https:\/\/www.deberes.net\/tesis\/sin-categoria\/evolucion-del-prime-time-televisivo-en-cataluna-1990-1995\/"},"modified":"1998-01-01T00:00:00","modified_gmt":"1998-01-01T00:00:00","slug":"evolucion-del-prime-time-televisivo-en-cataluna-1990-1995","status":"publish","type":"post","link":"https:\/\/www.deberes.net\/tesis\/sociologia\/evolucion-del-prime-time-televisivo-en-cataluna-1990-1995\/","title":{"rendered":"Evolucion del prime-time televisivo en catalu\u00f1a: 1990-1995."},"content":{"rendered":"<h2>Tesis doctoral de <strong>  Peiro Marzal M. Carmen <\/strong><\/h2>\n<p>Evoluci\u00f3n del prime-time televisivo en catalu\u00f1a:  1990-1995 es un estudio de la oferta televisiva en catalu\u00f1a y de las estrategias de programaci\u00f3n que se siguen para el dise\u00f1o de la misma. Centrado en las horas de m\u00e1xima audiencia, d\u00edgase en el prime-time (dado que esa es la franja horaria en la que m\u00e1s gente se sienta frente al televisor) el estudio contempla la evoluci\u00f3n de los cinco primeros a\u00f1os de sistema mixto televisivo.  periodo en el que, con la aparici\u00f3n de nuevos operadores en el sistema, se van a suceder cambios que van a afectar a todos los elementos implicados en el proceso comunicat\u00edvo que supone la televisi\u00f3n y, en consecuencia, en las formas de hacer televisi\u00f3n. Con la irrupci\u00f3n de las cadenas privadas se impone el consumo como valor prioritario y se establece un s\u00edstema altamente competitivo.<\/p>\n<p>&nbsp;<\/p>\n<h3>Datos acad\u00e9micos de la tesis doctoral \u00ab<strong>Evolucion del prime-time televisivo en catalu\u00f1a: 1990-1995.<\/strong>\u00ab<\/h3>\n<ul>\n<li><strong>T\u00edtulo de la tesis:<\/strong>\u00a0 Evolucion del prime-time televisivo en catalu\u00f1a: 1990-1995. <\/li>\n<li><strong>Autor:<\/strong>\u00a0  Peiro Marzal M. Carmen <\/li>\n<li><strong>Universidad:<\/strong>\u00a0 Aut\u00f3noma de barcelona<\/li>\n<li><strong>Fecha de lectura de la tesis:<\/strong>\u00a0 01\/01\/1998<\/li>\n<\/ul>\n<p>&nbsp;<\/p>\n<h3>Direcci\u00f3n y tribunal<\/h3>\n<ul>\n<li><strong>Director de la tesis<\/strong>\n<ul>\n<li> Marti Marti Josep M.<\/li>\n<\/ul>\n<\/li>\n<li><strong>Tribunal<\/strong>\n<ul>\n<li>Presidente del tribunal: Amparo Huertas  Bail\u00e9n <\/li>\n<li> Baget Herm Josep M. (vocal)<\/li>\n<li>Mar\u00eda Corominas Piulats (vocal)<\/li>\n<li>Albert S\u00e1ez Casas (vocal)<\/li>\n<\/ul>\n<\/li>\n<\/ul>\n<p>&nbsp;<\/p>\n","protected":false},"excerpt":{"rendered":"<p>Tesis doctoral de Peiro Marzal M. Carmen Evoluci\u00f3n del prime-time televisivo en catalu\u00f1a: 1990-1995 es un estudio de la oferta [&hellip;]<\/p>\n","protected":false},"author":1,"featured_media":0,"comment_status":"open","ping_status":"open","sticky":false,"template":"","format":"standard","meta":{"site-sidebar-layout":"default","site-content-layout":"","ast-site-content-layout":"","site-content-style":"default","site-sidebar-style":"default","ast-global-header-display":"","ast-banner-title-visibility":"","ast-main-header-display":"","ast-hfb-above-header-display":"","ast-hfb-below-header-display":"","ast-hfb-mobile-header-display":"","site-post-title":"","ast-breadcrumbs-content":"","ast-featured-img":"","footer-sml-layout":"","theme-transparent-header-meta":"","adv-header-id-meta":"","stick-header-meta":"","header-above-stick-meta":"","header-main-stick-meta":"","header-below-stick-meta":"","astra-migrate-meta-layouts":"default","ast-page-background-enabled":"default","ast-page-background-meta":{"desktop":{"background-color":"var(--ast-global-color-4)","background-image":"","background-repeat":"repeat","background-position":"center center","background-size":"auto","background-attachment":"scroll","background-type":"","background-media":"","overlay-type":"","overlay-color":"","overlay-gradient":""},"tablet":{"background-color":"","background-image":"","background-repeat":"repeat","background-position":"center center","background-size":"auto","background-attachment":"scroll","background-type":"","background-media":"","overlay-type":"","overlay-color":"","overlay-gradient":""},"mobile":{"background-color":"","background-image":"","background-repeat":"repeat","background-position":"center center","background-size":"auto","background-attachment":"scroll","background-type":"","background-media":"","overlay-type":"","overlay-color":"","overlay-gradient":""}},"ast-content-background-meta":{"desktop":{"background-color":"var(--ast-global-color-5)","background-image":"","background-repeat":"repeat","background-position":"center center","background-size":"auto","background-attachment":"scroll","background-type":"","background-media":"","overlay-type":"","overlay-color":"","overlay-gradient":""},"tablet":{"background-color":"var(--ast-global-color-5)","background-image":"","background-repeat":"repeat","background-position":"center center","background-size":"auto","background-attachment":"scroll","background-type":"","background-media":"","overlay-type":"","overlay-color":"","overlay-gradient":""},"mobile":{"background-color":"var(--ast-global-color-5)","background-image":"","background-repeat":"repeat","background-position":"center center","background-size":"auto","background-attachment":"scroll","background-type":"","background-media":"","overlay-type":"","overlay-color":"","overlay-gradient":""}},"footnotes":""},"categories":[6217,838,5051,4840,269,14126],"tags":[48643,41265,96379,96380,81292,96378],"class_list":["post-36390","post","type-post","status-publish","format-standard","hentry","category-cambio-y-desarrollo-social","category-ciencia-politica","category-medios-de-comunicacion-de-masas","category-opinion-publica","category-sociologia","category-tecnologia-y-cambio-social","tag-albert-saez-casas","tag-amparo-huertas-bailen","tag-baget-herm-josep-m","tag-maria-corominas-piulats","tag-marti-marti-josep-m","tag-peiro-marzal-m-carmen"],"_links":{"self":[{"href":"https:\/\/www.deberes.net\/tesis\/wp-json\/wp\/v2\/posts\/36390","targetHints":{"allow":["GET"]}}],"collection":[{"href":"https:\/\/www.deberes.net\/tesis\/wp-json\/wp\/v2\/posts"}],"about":[{"href":"https:\/\/www.deberes.net\/tesis\/wp-json\/wp\/v2\/types\/post"}],"author":[{"embeddable":true,"href":"https:\/\/www.deberes.net\/tesis\/wp-json\/wp\/v2\/users\/1"}],"replies":[{"embeddable":true,"href":"https:\/\/www.deberes.net\/tesis\/wp-json\/wp\/v2\/comments?post=36390"}],"version-history":[{"count":0,"href":"https:\/\/www.deberes.net\/tesis\/wp-json\/wp\/v2\/posts\/36390\/revisions"}],"wp:attachment":[{"href":"https:\/\/www.deberes.net\/tesis\/wp-json\/wp\/v2\/media?parent=36390"}],"wp:term":[{"taxonomy":"category","embeddable":true,"href":"https:\/\/www.deberes.net\/tesis\/wp-json\/wp\/v2\/categories?post=36390"},{"taxonomy":"post_tag","embeddable":true,"href":"https:\/\/www.deberes.net\/tesis\/wp-json\/wp\/v2\/tags?post=36390"}],"curies":[{"name":"wp","href":"https:\/\/api.w.org\/{rel}","templated":true}]}}