{"id":36454,"date":"1998-01-01T00:00:00","date_gmt":"1998-01-01T00:00:00","guid":{"rendered":"https:\/\/www.deberes.net\/tesis\/sin-categoria\/els-ducs-de-cardona-art-i-poder-1575-1690\/"},"modified":"1998-01-01T00:00:00","modified_gmt":"1998-01-01T00:00:00","slug":"els-ducs-de-cardona-art-i-poder-1575-1690","status":"publish","type":"post","link":"https:\/\/www.deberes.net\/tesis\/historia\/els-ducs-de-cardona-art-i-poder-1575-1690\/","title":{"rendered":"Els ducs de cardona, art i poder (1575-1690)."},"content":{"rendered":"<h2>Tesis doctoral de <strong> Santi Torras Tillo <\/strong><\/h2>\n<p>La investigaci\u00f3n tiene por referente a los duques de cardona y la evoluci\u00f3n de su patrimonio art\u00edstico dentro de los l\u00edmites cronol\u00f3gicos especificados, intentando poner de relieve la importancia de este linaje catal\u00e1n en el medio social, hist\u00f3rico y art\u00edstico que acompa\u00f1\u00f3 a los duques a lo largo de los siglos xvi y xvii, estableciendo ulteriores comparaciones con otras familias nobles que destacaron por sus inclinaciones human\u00edsticas y por sus colecciones de arte. Por su car\u00e1cter esta investigaci\u00f3n se centra en un \u00e1mbito de estudios tendente a caracterizar los v\u00ednculos existentes entre arte y sociedad en la \u00e9poca del renacimiento y barroco peninsular. Toda la investigaci\u00f3n descansa sobre un extenso ap\u00e9ndice documental in\u00e9dito en su mayor parte.<\/p>\n<p>&nbsp;<\/p>\n<h3>Datos acad\u00e9micos de la tesis doctoral \u00ab<strong>Els ducs de cardona, art i poder (1575-1690).<\/strong>\u00ab<\/h3>\n<ul>\n<li><strong>T\u00edtulo de la tesis:<\/strong>\u00a0 Els ducs de cardona, art i poder (1575-1690). <\/li>\n<li><strong>Autor:<\/strong>\u00a0 Santi Torras Tillo <\/li>\n<li><strong>Universidad:<\/strong>\u00a0 Aut\u00f3noma de barcelona<\/li>\n<li><strong>Fecha de lectura de la tesis:<\/strong>\u00a0 01\/01\/1998<\/li>\n<\/ul>\n<p>&nbsp;<\/p>\n<h3>Direcci\u00f3n y tribunal<\/h3>\n<ul>\n<li><strong>Director de la tesis<\/strong>\n<ul>\n<li>Bonaventura Bassegoda Hugas<\/li>\n<\/ul>\n<\/li>\n<li><strong>Tribunal<\/strong>\n<ul>\n<li>Presidente del tribunal: Eulalia Duran Grau <\/li>\n<li>Joaquin Garriga Riera (vocal)<\/li>\n<li>Fernando Benito Domenech (vocal)<\/li>\n<li>Xavier Torres Sans (vocal)<\/li>\n<\/ul>\n<\/li>\n<\/ul>\n<p>&nbsp;<\/p>\n","protected":false},"excerpt":{"rendered":"<p>Tesis doctoral de Santi Torras Tillo La investigaci\u00f3n tiene por referente a los duques de cardona y la evoluci\u00f3n de [&hellip;]<\/p>\n","protected":false},"author":1,"featured_media":0,"comment_status":"open","ping_status":"open","sticky":false,"template":"","format":"standard","meta":{"site-sidebar-layout":"default","site-content-layout":"","ast-site-content-layout":"","site-content-style":"default","site-sidebar-style":"default","ast-global-header-display":"","ast-banner-title-visibility":"","ast-main-header-display":"","ast-hfb-above-header-display":"","ast-hfb-below-header-display":"","ast-hfb-mobile-header-display":"","site-post-title":"","ast-breadcrumbs-content":"","ast-featured-img":"","footer-sml-layout":"","theme-transparent-header-meta":"","adv-header-id-meta":"","stick-header-meta":"","header-above-stick-meta":"","header-main-stick-meta":"","header-below-stick-meta":"","astra-migrate-meta-layouts":"default","ast-page-background-enabled":"default","ast-page-background-meta":{"desktop":{"background-color":"var(--ast-global-color-4)","background-image":"","background-repeat":"repeat","background-position":"center center","background-size":"auto","background-attachment":"scroll","background-type":"","background-media":"","overlay-type":"","overlay-color":"","overlay-gradient":""},"tablet":{"background-color":"","background-image":"","background-repeat":"repeat","background-position":"center center","background-size":"auto","background-attachment":"scroll","background-type":"","background-media":"","overlay-type":"","overlay-color":"","overlay-gradient":""},"mobile":{"background-color":"","background-image":"","background-repeat":"repeat","background-position":"center center","background-size":"auto","background-attachment":"scroll","background-type":"","background-media":"","overlay-type":"","overlay-color":"","overlay-gradient":""}},"ast-content-background-meta":{"desktop":{"background-color":"var(--ast-global-color-5)","background-image":"","background-repeat":"repeat","background-position":"center center","background-size":"auto","background-attachment":"scroll","background-type":"","background-media":"","overlay-type":"","overlay-color":"","overlay-gradient":""},"tablet":{"background-color":"var(--ast-global-color-5)","background-image":"","background-repeat":"repeat","background-position":"center center","background-size":"auto","background-attachment":"scroll","background-type":"","background-media":"","overlay-type":"","overlay-color":"","overlay-gradient":""},"mobile":{"background-color":"var(--ast-global-color-5)","background-image":"","background-repeat":"repeat","background-position":"center center","background-size":"auto","background-attachment":"scroll","background-type":"","background-media":"","overlay-type":"","overlay-color":"","overlay-gradient":""}},"footnotes":""},"categories":[104,1014,1015,220,222],"tags":[15644,61966,64759,30420,96501,32753],"class_list":["post-36454","post","type-post","status-publish","format-standard","hentry","category-historia","category-historia-del-arte","category-historia-moderna-del-area-europea","category-historia-por-epocas","category-historias-especializadas","tag-bonaventura-bassegoda-hugas","tag-eulalia-duran-grau","tag-fernando-benito-domenech","tag-joaquin-garriga-riera","tag-santi-torras-tillo","tag-xavier-torres-sans"],"_links":{"self":[{"href":"https:\/\/www.deberes.net\/tesis\/wp-json\/wp\/v2\/posts\/36454","targetHints":{"allow":["GET"]}}],"collection":[{"href":"https:\/\/www.deberes.net\/tesis\/wp-json\/wp\/v2\/posts"}],"about":[{"href":"https:\/\/www.deberes.net\/tesis\/wp-json\/wp\/v2\/types\/post"}],"author":[{"embeddable":true,"href":"https:\/\/www.deberes.net\/tesis\/wp-json\/wp\/v2\/users\/1"}],"replies":[{"embeddable":true,"href":"https:\/\/www.deberes.net\/tesis\/wp-json\/wp\/v2\/comments?post=36454"}],"version-history":[{"count":0,"href":"https:\/\/www.deberes.net\/tesis\/wp-json\/wp\/v2\/posts\/36454\/revisions"}],"wp:attachment":[{"href":"https:\/\/www.deberes.net\/tesis\/wp-json\/wp\/v2\/media?parent=36454"}],"wp:term":[{"taxonomy":"category","embeddable":true,"href":"https:\/\/www.deberes.net\/tesis\/wp-json\/wp\/v2\/categories?post=36454"},{"taxonomy":"post_tag","embeddable":true,"href":"https:\/\/www.deberes.net\/tesis\/wp-json\/wp\/v2\/tags?post=36454"}],"curies":[{"name":"wp","href":"https:\/\/api.w.org\/{rel}","templated":true}]}}