{"id":36470,"date":"1998-01-01T00:00:00","date_gmt":"1998-01-01T00:00:00","guid":{"rendered":"https:\/\/www.deberes.net\/tesis\/sin-categoria\/los-principales-determinantes-para-la-localizacion-de-instalaciones-productivas-de-la-industria-farmaceutica-en-puerto-rico-de-1957-a-1989\/"},"modified":"1998-01-01T00:00:00","modified_gmt":"1998-01-01T00:00:00","slug":"los-principales-determinantes-para-la-localizacion-de-instalaciones-productivas-de-la-industria-farmaceutica-en-puerto-rico-de-1957-a-1989","status":"publish","type":"post","link":"https:\/\/www.deberes.net\/tesis\/ciencias-economicas\/los-principales-determinantes-para-la-localizacion-de-instalaciones-productivas-de-la-industria-farmaceutica-en-puerto-rico-de-1957-a-1989\/","title":{"rendered":"Los principales determinantes para la localizacion de instalaciones productivas de la industria farmaceutica en puerto rico de 1957 a 1989."},"content":{"rendered":"<h2>Tesis doctoral de <strong> Waldemiro Velez Cardona <\/strong><\/h2>\n<p>En la presente investigaci\u00f3n nos hemos dedicado a analizar los factores o determinantes que han estimulado la localizaci\u00f3n de instalaciones productivas de la industria farmac\u00e9utica en puerto rico en el per\u00edodo 1957-1989. Al comenzar nuestra investigaci\u00f3n partimos de la premisa o hip\u00f3tesis de que son las variables relacionadas con la calidad de la mano de obra, y en especial las relacionadas con el acceso de la poblaci\u00f3n a la educaci\u00f3n superior, las que m\u00e1s estrechamente se relacionan y mejor explican la ubicaci\u00f3n de plantas manufactureras de la industria farmac\u00e9utica en el per\u00edodo de 1957-1989. La anterior hip\u00f3tesis fu\u00e9 corroborada, tanto al analizar la literatura y los indicadores pertinentes, como por medio de un modelo econom\u00e9trico.  dichas ventajas fueron divididas en tres grandes renglones. En primer lugar, analizamos el grado de desarrollo de la infraestructura f\u00edsica de la isla y la adecuacidad de \u00e9sta para la producci\u00f3n farmac\u00e9utica. En segundo lugar, estudiamos el clima pol\u00edtico y sindical del pa\u00eds. En relaci\u00f3n con estos aspectos encontramos que la paz laboral y la estabilidad pol\u00edtica eran prerequisitos para la ubicaci\u00f3n de la industria farmac\u00e9utica en puerto rico. En tercer lugar, presentamos y discutimos, desde una perspectiva hist\u00f3rica, las principales caracter\u00edsticas de la fuerza laboral del pa\u00eds.<\/p>\n<p>&nbsp;<\/p>\n<h3>Datos acad\u00e9micos de la tesis doctoral \u00ab<strong>Los principales determinantes para la localizacion de instalaciones productivas de la industria farmaceutica en puerto rico de 1957 a 1989.<\/strong>\u00ab<\/h3>\n<ul>\n<li><strong>T\u00edtulo de la tesis:<\/strong>\u00a0 Los principales determinantes para la localizacion de instalaciones productivas de la industria farmaceutica en puerto rico de 1957 a 1989. <\/li>\n<li><strong>Autor:<\/strong>\u00a0 Waldemiro Velez Cardona <\/li>\n<li><strong>Universidad:<\/strong>\u00a0 Aut\u00f3noma de barcelona<\/li>\n<li><strong>Fecha de lectura de la tesis:<\/strong>\u00a0 01\/01\/1998<\/li>\n<\/ul>\n<p>&nbsp;<\/p>\n<h3>Direcci\u00f3n y tribunal<\/h3>\n<ul>\n<li><strong>Director de la tesis<\/strong>\n<ul>\n<li>Jordi Maluquer De Motes I Bernet<\/li>\n<\/ul>\n<\/li>\n<li><strong>Tribunal<\/strong>\n<ul>\n<li>Presidente del tribunal: Ernesto Lluch Martin <\/li>\n<li> Del Valle Caballero Jaime L. (vocal)<\/li>\n<li>Esteve Deu Baigual (vocal)<\/li>\n<li>Joan Trullen Thomas (vocal)<\/li>\n<\/ul>\n<\/li>\n<\/ul>\n<p>&nbsp;<\/p>\n","protected":false},"excerpt":{"rendered":"<p>Tesis doctoral de Waldemiro Velez Cardona En la presente investigaci\u00f3n nos hemos dedicado a analizar los factores o determinantes que [&hellip;]<\/p>\n","protected":false},"author":1,"featured_media":0,"comment_status":"open","ping_status":"open","sticky":false,"template":"","format":"standard","meta":{"site-sidebar-layout":"default","site-content-layout":"","ast-site-content-layout":"","site-content-style":"default","site-sidebar-style":"default","ast-global-header-display":"","ast-banner-title-visibility":"","ast-main-header-display":"","ast-hfb-above-header-display":"","ast-hfb-below-header-display":"","ast-hfb-mobile-header-display":"","site-post-title":"","ast-breadcrumbs-content":"","ast-featured-img":"","footer-sml-layout":"","theme-transparent-header-meta":"","adv-header-id-meta":"","stick-header-meta":"","header-above-stick-meta":"","header-main-stick-meta":"","header-below-stick-meta":"","astra-migrate-meta-layouts":"default","ast-page-background-enabled":"default","ast-page-background-meta":{"desktop":{"background-color":"var(--ast-global-color-4)","background-image":"","background-repeat":"repeat","background-position":"center center","background-size":"auto","background-attachment":"scroll","background-type":"","background-media":"","overlay-type":"","overlay-color":"","overlay-gradient":""},"tablet":{"background-color":"","background-image":"","background-repeat":"repeat","background-position":"center center","background-size":"auto","background-attachment":"scroll","background-type":"","background-media":"","overlay-type":"","overlay-color":"","overlay-gradient":""},"mobile":{"background-color":"","background-image":"","background-repeat":"repeat","background-position":"center center","background-size":"auto","background-attachment":"scroll","background-type":"","background-media":"","overlay-type":"","overlay-color":"","overlay-gradient":""}},"ast-content-background-meta":{"desktop":{"background-color":"var(--ast-global-color-5)","background-image":"","background-repeat":"repeat","background-position":"center center","background-size":"auto","background-attachment":"scroll","background-type":"","background-media":"","overlay-type":"","overlay-color":"","overlay-gradient":""},"tablet":{"background-color":"var(--ast-global-color-5)","background-image":"","background-repeat":"repeat","background-position":"center center","background-size":"auto","background-attachment":"scroll","background-type":"","background-media":"","overlay-type":"","overlay-color":"","overlay-gradient":""},"mobile":{"background-color":"var(--ast-global-color-5)","background-image":"","background-repeat":"repeat","background-position":"center center","background-size":"auto","background-attachment":"scroll","background-type":"","background-media":"","overlay-type":"","overlay-color":"","overlay-gradient":""}},"footnotes":""},"categories":[82,910,13009,15475,2825],"tags":[96531,29102,96532,37040,14170,96530],"class_list":["post-36470","post","type-post","status-publish","format-standard","hentry","category-ciencias-economicas","category-economia-internacional","category-estructura-de-mercado","category-inversion-exterior","category-organizacion-industrial-y-sector-publico","tag-del-valle-caballero-jaime-l","tag-ernesto-lluch-martin","tag-esteve-deu-baigual","tag-joan-trullen-thomas","tag-jordi-maluquer-de-motes-i-bernet","tag-waldemiro-velez-cardona"],"_links":{"self":[{"href":"https:\/\/www.deberes.net\/tesis\/wp-json\/wp\/v2\/posts\/36470","targetHints":{"allow":["GET"]}}],"collection":[{"href":"https:\/\/www.deberes.net\/tesis\/wp-json\/wp\/v2\/posts"}],"about":[{"href":"https:\/\/www.deberes.net\/tesis\/wp-json\/wp\/v2\/types\/post"}],"author":[{"embeddable":true,"href":"https:\/\/www.deberes.net\/tesis\/wp-json\/wp\/v2\/users\/1"}],"replies":[{"embeddable":true,"href":"https:\/\/www.deberes.net\/tesis\/wp-json\/wp\/v2\/comments?post=36470"}],"version-history":[{"count":0,"href":"https:\/\/www.deberes.net\/tesis\/wp-json\/wp\/v2\/posts\/36470\/revisions"}],"wp:attachment":[{"href":"https:\/\/www.deberes.net\/tesis\/wp-json\/wp\/v2\/media?parent=36470"}],"wp:term":[{"taxonomy":"category","embeddable":true,"href":"https:\/\/www.deberes.net\/tesis\/wp-json\/wp\/v2\/categories?post=36470"},{"taxonomy":"post_tag","embeddable":true,"href":"https:\/\/www.deberes.net\/tesis\/wp-json\/wp\/v2\/tags?post=36470"}],"curies":[{"name":"wp","href":"https:\/\/api.w.org\/{rel}","templated":true}]}}