{"id":36505,"date":"1998-01-01T00:00:00","date_gmt":"1998-01-01T00:00:00","guid":{"rendered":"https:\/\/www.deberes.net\/tesis\/sin-categoria\/guias-de-onda-dopadas-opticamente-producidas-por-ablacion-laser\/"},"modified":"1998-01-01T00:00:00","modified_gmt":"1998-01-01T00:00:00","slug":"guias-de-onda-dopadas-opticamente-producidas-por-ablacion-laser","status":"publish","type":"post","link":"https:\/\/www.deberes.net\/tesis\/fisica\/guias-de-onda-dopadas-opticamente-producidas-por-ablacion-laser\/","title":{"rendered":"Guias de onda dopadas opticamente producidas por ablacion laser."},"content":{"rendered":"<h2>Tesis doctoral de <strong>  Ballesteros Guisado Jos\u00e9 Manuel <\/strong><\/h2>\n<p>Los resultados experimentales obtenidos en este trabajo demuestran que la ablaci\u00f3n l\u00e1ser es una t\u00e9cnica excelente para el dopado \u00f3ptico de materiales de inter\u00e9s en optica integrada, tanto para aplicaciones en dispositivos amplificadores\/l\u00e1seres a 1.54 micras mediante el dopado \u00f3ptico con tierras raras (er e yb), como para aplicaciones en conmutaci\u00f3n \u00f3ptica ultra-r\u00e1pida, mediante el dopado con nanopart\u00edculas met\u00e1licas.  en el dopado \u00f3ptico de vidrios fosfatados dopados con iones de er e yb, se han obtenido por primera vez guias de onda que presentan propiedades luminiscentes en 1.54 micras, y en las que ambos iones se encuentran activos.  la respuesta luminiscente as\u00ed como las propiedades de confinamiento de las gu\u00edas se pueden optimizar mediante el dep\u00f3sito en bajas presiones de ox\u00edgeno, y por medio de un tratamiento t\u00e9rmico posterior al mismo.  el dopado \u00f3ptico con nanopart\u00edculas met\u00e1licas de matrices diel\u00e9ctricas mediante ablaci\u00f3n l\u00e1ser alternada en vac\u00edo permite obtener un material con una respuesta \u00f3ptica no-lineal muy alta, en donde la formaci\u00f3n de las part\u00edculas es en superficie.<\/p>\n<p>&nbsp;<\/p>\n<h3>Datos acad\u00e9micos de la tesis doctoral \u00ab<strong>Guias de onda dopadas opticamente producidas por ablacion laser.<\/strong>\u00ab<\/h3>\n<ul>\n<li><strong>T\u00edtulo de la tesis:<\/strong>\u00a0 Guias de onda dopadas opticamente producidas por ablacion laser. <\/li>\n<li><strong>Autor:<\/strong>\u00a0  Ballesteros Guisado Jos\u00e9 Manuel <\/li>\n<li><strong>Universidad:<\/strong>\u00a0 Aut\u00f3noma de Madrid<\/li>\n<li><strong>Fecha de lectura de la tesis:<\/strong>\u00a0 01\/01\/1998<\/li>\n<\/ul>\n<p>&nbsp;<\/p>\n<h3>Direcci\u00f3n y tribunal<\/h3>\n<ul>\n<li><strong>Director de la tesis<\/strong>\n<ul>\n<li> Afonso Rodriguez Carmen Nieves<\/li>\n<\/ul>\n<\/li>\n<li><strong>Tribunal<\/strong>\n<ul>\n<li>Presidente del tribunal: Fernando Agullo Lopez <\/li>\n<li>Joaquin M. Fernandez Rodriguez (vocal)<\/li>\n<li>David Levy Cohen (vocal)<\/li>\n<li>Rafael Alcala Aranda (vocal)<\/li>\n<\/ul>\n<\/li>\n<\/ul>\n<p>&nbsp;<\/p>\n","protected":false},"excerpt":{"rendered":"<p>Tesis doctoral de Ballesteros Guisado Jos\u00e9 Manuel Los resultados experimentales obtenidos en este trabajo demuestran que la ablaci\u00f3n l\u00e1ser es [&hellip;]<\/p>\n","protected":false},"author":1,"featured_media":0,"comment_status":"open","ping_status":"open","sticky":false,"template":"","format":"standard","meta":{"site-sidebar-layout":"default","site-content-layout":"","ast-site-content-layout":"","site-content-style":"default","site-sidebar-style":"default","ast-global-header-display":"","ast-banner-title-visibility":"","ast-main-header-display":"","ast-hfb-above-header-display":"","ast-hfb-below-header-display":"","ast-hfb-mobile-header-display":"","site-post-title":"","ast-breadcrumbs-content":"","ast-featured-img":"","footer-sml-layout":"","theme-transparent-header-meta":"","adv-header-id-meta":"","stick-header-meta":"","header-above-stick-meta":"","header-main-stick-meta":"","header-below-stick-meta":"","astra-migrate-meta-layouts":"default","ast-page-background-enabled":"default","ast-page-background-meta":{"desktop":{"background-color":"var(--ast-global-color-4)","background-image":"","background-repeat":"repeat","background-position":"center center","background-size":"auto","background-attachment":"scroll","background-type":"","background-media":"","overlay-type":"","overlay-color":"","overlay-gradient":""},"tablet":{"background-color":"","background-image":"","background-repeat":"repeat","background-position":"center center","background-size":"auto","background-attachment":"scroll","background-type":"","background-media":"","overlay-type":"","overlay-color":"","overlay-gradient":""},"mobile":{"background-color":"","background-image":"","background-repeat":"repeat","background-position":"center center","background-size":"auto","background-attachment":"scroll","background-type":"","background-media":"","overlay-type":"","overlay-color":"","overlay-gradient":""}},"ast-content-background-meta":{"desktop":{"background-color":"var(--ast-global-color-5)","background-image":"","background-repeat":"repeat","background-position":"center center","background-size":"auto","background-attachment":"scroll","background-type":"","background-media":"","overlay-type":"","overlay-color":"","overlay-gradient":""},"tablet":{"background-color":"var(--ast-global-color-5)","background-image":"","background-repeat":"repeat","background-position":"center center","background-size":"auto","background-attachment":"scroll","background-type":"","background-media":"","overlay-type":"","overlay-color":"","overlay-gradient":""},"mobile":{"background-color":"var(--ast-global-color-5)","background-image":"","background-repeat":"repeat","background-position":"center center","background-size":"auto","background-attachment":"scroll","background-type":"","background-media":"","overlay-type":"","overlay-color":"","overlay-gradient":""}},"footnotes":""},"categories":[199,1008,6240,1525,12277],"tags":[6139,96602,65406,3658,28193,44772],"class_list":["post-36505","post","type-post","status-publish","format-standard","hentry","category-fisica","category-fisica-del-estado-solido","category-materiales-compuestos","category-optica","category-optica-no-lineal","tag-afonso-rodriguez-carmen-nieves","tag-ballesteros-guisado-jose-manuel","tag-david-levy-cohen","tag-fernando-agullo-lopez","tag-joaquin-m-fernandez-rodriguez","tag-rafael-alcala-aranda"],"_links":{"self":[{"href":"https:\/\/www.deberes.net\/tesis\/wp-json\/wp\/v2\/posts\/36505","targetHints":{"allow":["GET"]}}],"collection":[{"href":"https:\/\/www.deberes.net\/tesis\/wp-json\/wp\/v2\/posts"}],"about":[{"href":"https:\/\/www.deberes.net\/tesis\/wp-json\/wp\/v2\/types\/post"}],"author":[{"embeddable":true,"href":"https:\/\/www.deberes.net\/tesis\/wp-json\/wp\/v2\/users\/1"}],"replies":[{"embeddable":true,"href":"https:\/\/www.deberes.net\/tesis\/wp-json\/wp\/v2\/comments?post=36505"}],"version-history":[{"count":0,"href":"https:\/\/www.deberes.net\/tesis\/wp-json\/wp\/v2\/posts\/36505\/revisions"}],"wp:attachment":[{"href":"https:\/\/www.deberes.net\/tesis\/wp-json\/wp\/v2\/media?parent=36505"}],"wp:term":[{"taxonomy":"category","embeddable":true,"href":"https:\/\/www.deberes.net\/tesis\/wp-json\/wp\/v2\/categories?post=36505"},{"taxonomy":"post_tag","embeddable":true,"href":"https:\/\/www.deberes.net\/tesis\/wp-json\/wp\/v2\/tags?post=36505"}],"curies":[{"name":"wp","href":"https:\/\/api.w.org\/{rel}","templated":true}]}}