{"id":36510,"date":"1998-01-01T00:00:00","date_gmt":"1998-01-01T00:00:00","guid":{"rendered":"https:\/\/www.deberes.net\/tesis\/sin-categoria\/dimensiones-de-la-personalidad-y-psicopatologia-aplicacion-del-modelo-psicobiologico-de-cloninger\/"},"modified":"1998-01-01T00:00:00","modified_gmt":"1998-01-01T00:00:00","slug":"dimensiones-de-la-personalidad-y-psicopatologia-aplicacion-del-modelo-psicobiologico-de-cloninger","status":"publish","type":"post","link":"https:\/\/www.deberes.net\/tesis\/ciencias-medicas\/dimensiones-de-la-personalidad-y-psicopatologia-aplicacion-del-modelo-psicobiologico-de-cloninger\/","title":{"rendered":"Dimensiones de la personalidad y psicopatolog\u00eda: aplicacion del modelo psicobiologico de cloninger."},"content":{"rendered":"<h2>Tesis doctoral de <strong> Carmen Bayon  Perez <\/strong><\/h2>\n<p>Se estudia la relaci\u00f3n entre personalidad y psicopatolog\u00eda, centr\u00e1ndose en las relaciones de las dimensiones del car\u00e1cter definidas en el modelo psicobiol\u00f3gico de cloninger con medidas de sintomatolog\u00eda depresiva, vulnerabilidad a la psicosis y medidas de salud mental.  las muestras fueron 804 sujetos y 593 sujetos en el seguimiento, ambas representativas de la poblaci\u00f3n general. Las variables estudiadas fueron medida de vulnerabilidad a la psicosis (escala per-mag), medida de sintomatolog\u00eda depresiva (ces-d), medida de estado de placer o euforia (emoci\u00f3n positiva, ipc), medida de autoestima (Valencia positiva, ipc) y existencia de tentativa de suicidio e ingreso psiqui\u00e1trico a lo largo de la vida. Las dimensiones de personalidad fueron evaluadas por el tci, y se definieron 8 posibles configuraciones caracteriales en base a la combinaci\u00f3n de puntuaciones extremas de las tres dimensiones del car\u00e1cter, auto-direcci\u00f3n, cooperaci\u00f3n y transcendencia.  puntuaciones elevadas en transcendencia, dimensi\u00f3n de personalidad que no es evaluada de forma fiable en otros cuestionarios de personalidad, se asoci\u00f3 con el perfil desorganizado o esquizot\u00edpico y con el perfil creativo, dependiendo de las interacciones de esta dimensi\u00f3n con las otras dos dimensiones del car\u00e1cter. Cada perfil caracterial definido se distingui\u00f3 del resto en el riesgo de hospitalizaciones previas, haber realizado alguna tentativa de suicidio, en la experiencia de emociones positivas, emociones negativas y en la medida de vulnerabilidada para la psicosis.  la organizaci\u00f3n del car\u00e1cter se relaciona de forma estrecha con medidas de salud y de trastorno mental en una muestra de poblaci\u00f3n general. Los estados fundamentales que subyacen en la psicopatolog\u00eda aparecen como configuraciones extremas de rasgos de car\u00e1cter, los cuales tienen una distribuci\u00f3n continua en la poblaci\u00f3n general. Se sugiere un modelo de organizaci\u00f3n jer\u00e1rquico de desarrollo<\/p>\n<p>&nbsp;<\/p>\n<h3>Datos acad\u00e9micos de la tesis doctoral \u00ab<strong>Dimensiones de la personalidad y psicopatolog\u00eda: aplicacion del modelo psicobiologico de cloninger.<\/strong>\u00ab<\/h3>\n<ul>\n<li><strong>T\u00edtulo de la tesis:<\/strong>\u00a0 Dimensiones de la personalidad y psicopatolog\u00eda: aplicacion del modelo psicobiologico de cloninger. <\/li>\n<li><strong>Autor:<\/strong>\u00a0 Carmen Bayon  Perez <\/li>\n<li><strong>Universidad:<\/strong>\u00a0 Aut\u00f3noma de Madrid<\/li>\n<li><strong>Fecha de lectura de la tesis:<\/strong>\u00a0 01\/01\/1998<\/li>\n<\/ul>\n<p>&nbsp;<\/p>\n<h3>Direcci\u00f3n y tribunal<\/h3>\n<ul>\n<li><strong>Director de la tesis<\/strong>\n<ul>\n<li> Santo Domingo Carrasco Joaquin<\/li>\n<\/ul>\n<\/li>\n<li><strong>Tribunal<\/strong>\n<ul>\n<li>Presidente del tribunal: Demetrio Barcia Salorio <\/li>\n<li> Amuso Gutierrez Jos\u00e9 Luis (vocal)<\/li>\n<li>Carmen Leal Cerc\u00f3s (vocal)<\/li>\n<li>Enrique Baca Baldomero (vocal)<\/li>\n<\/ul>\n<\/li>\n<\/ul>\n<p>&nbsp;<\/p>\n","protected":false},"excerpt":{"rendered":"<p>Tesis doctoral de Carmen Bayon Perez Se estudia la relaci\u00f3n entre personalidad y psicopatolog\u00eda, centr\u00e1ndose en las relaciones de las [&hellip;]<\/p>\n","protected":false},"author":1,"featured_media":0,"comment_status":"open","ping_status":"open","sticky":false,"template":"","format":"standard","meta":{"site-sidebar-layout":"default","site-content-layout":"","ast-site-content-layout":"","site-content-style":"default","site-sidebar-style":"default","ast-global-header-display":"","ast-banner-title-visibility":"","ast-main-header-display":"","ast-hfb-above-header-display":"","ast-hfb-below-header-display":"","ast-hfb-mobile-header-display":"","site-post-title":"","ast-breadcrumbs-content":"","ast-featured-img":"","footer-sml-layout":"","theme-transparent-header-meta":"","adv-header-id-meta":"","stick-header-meta":"","header-above-stick-meta":"","header-main-stick-meta":"","header-below-stick-meta":"","astra-migrate-meta-layouts":"default","ast-page-background-enabled":"default","ast-page-background-meta":{"desktop":{"background-color":"var(--ast-global-color-4)","background-image":"","background-repeat":"repeat","background-position":"center center","background-size":"auto","background-attachment":"scroll","background-type":"","background-media":"","overlay-type":"","overlay-color":"","overlay-gradient":""},"tablet":{"background-color":"","background-image":"","background-repeat":"repeat","background-position":"center center","background-size":"auto","background-attachment":"scroll","background-type":"","background-media":"","overlay-type":"","overlay-color":"","overlay-gradient":""},"mobile":{"background-color":"","background-image":"","background-repeat":"repeat","background-position":"center center","background-size":"auto","background-attachment":"scroll","background-type":"","background-media":"","overlay-type":"","overlay-color":"","overlay-gradient":""}},"ast-content-background-meta":{"desktop":{"background-color":"var(--ast-global-color-5)","background-image":"","background-repeat":"repeat","background-position":"center center","background-size":"auto","background-attachment":"scroll","background-type":"","background-media":"","overlay-type":"","overlay-color":"","overlay-gradient":""},"tablet":{"background-color":"var(--ast-global-color-5)","background-image":"","background-repeat":"repeat","background-position":"center center","background-size":"auto","background-attachment":"scroll","background-type":"","background-media":"","overlay-type":"","overlay-color":"","overlay-gradient":""},"mobile":{"background-color":"var(--ast-global-color-5)","background-image":"","background-repeat":"repeat","background-position":"center center","background-size":"auto","background-attachment":"scroll","background-type":"","background-media":"","overlay-type":"","overlay-color":"","overlay-gradient":""}},"footnotes":""},"categories":[9,324,961,325,1408],"tags":[96610,96609,6501,463,8331,15202],"class_list":["post-36510","post","type-post","status-publish","format-standard","hentry","category-ciencias-medicas","category-psicologia","category-psicologia-de-la-anormalidad","category-psicopatologia","category-psiquiatria","tag-amuso-gutierrez-jose-luis","tag-carmen-bayon-perez","tag-carmen-leal-cercos","tag-demetrio-barcia-salorio","tag-enrique-baca-baldomero","tag-santo-domingo-carrasco-joaquin"],"_links":{"self":[{"href":"https:\/\/www.deberes.net\/tesis\/wp-json\/wp\/v2\/posts\/36510","targetHints":{"allow":["GET"]}}],"collection":[{"href":"https:\/\/www.deberes.net\/tesis\/wp-json\/wp\/v2\/posts"}],"about":[{"href":"https:\/\/www.deberes.net\/tesis\/wp-json\/wp\/v2\/types\/post"}],"author":[{"embeddable":true,"href":"https:\/\/www.deberes.net\/tesis\/wp-json\/wp\/v2\/users\/1"}],"replies":[{"embeddable":true,"href":"https:\/\/www.deberes.net\/tesis\/wp-json\/wp\/v2\/comments?post=36510"}],"version-history":[{"count":0,"href":"https:\/\/www.deberes.net\/tesis\/wp-json\/wp\/v2\/posts\/36510\/revisions"}],"wp:attachment":[{"href":"https:\/\/www.deberes.net\/tesis\/wp-json\/wp\/v2\/media?parent=36510"}],"wp:term":[{"taxonomy":"category","embeddable":true,"href":"https:\/\/www.deberes.net\/tesis\/wp-json\/wp\/v2\/categories?post=36510"},{"taxonomy":"post_tag","embeddable":true,"href":"https:\/\/www.deberes.net\/tesis\/wp-json\/wp\/v2\/tags?post=36510"}],"curies":[{"name":"wp","href":"https:\/\/api.w.org\/{rel}","templated":true}]}}