{"id":36511,"date":"1998-01-01T00:00:00","date_gmt":"1998-01-01T00:00:00","guid":{"rendered":"https:\/\/www.deberes.net\/tesis\/sin-categoria\/el-contratista-en-la-ley-de-contratos-de-las-administraciones-publicas\/"},"modified":"1998-01-01T00:00:00","modified_gmt":"1998-01-01T00:00:00","slug":"el-contratista-en-la-ley-de-contratos-de-las-administraciones-publicas","status":"publish","type":"post","link":"https:\/\/www.deberes.net\/tesis\/ciencias-juridicas-y-derecho\/el-contratista-en-la-ley-de-contratos-de-las-administraciones-publicas\/","title":{"rendered":"El contratista en la ley de contratos de las administraciones publicas."},"content":{"rendered":"<h2>Tesis doctoral de <strong>  Benitez Morcillo Gabriel Jes\u00fas <\/strong><\/h2>\n<p>Se realiza una amplia introducci\u00f3n hist\u00f3rica sobre el contratista en el derecho espa\u00f1ol especialmente sobre contrataci\u00f3n militar y naval. El examen del tratado de roma y de las directivas comunitarias de contrataci\u00f3n y el derecho espa\u00f1ol se completa con un exhaustivo an\u00e1lisis de la doctrina espa\u00f1ola y europea. Se estudian otros contratistas que realizan contratos distintos al administrativo pero que tienen semejanzas de regulaci\u00f3n.  el an\u00e1lisis del cesionario, el subcontratista y otras figuras completa el estudio, asi como la valoraci\u00f3n del contratista a trav\u00e9s de la clasificaci\u00f3n, el control de calidad y los registros, finalizando con un examen de los principios generales. En las conclusiones se incluyen una serie de propuestas de reforma de la legislaci\u00f3n, originales y de amplio alcance, que tienen la oportunidad de servir al actual debate sobre la reforma de la ley de contratos de las administraciones p\u00fablicas y la elaboraci\u00f3n de su desarrollo reglamentario.<\/p>\n<p>&nbsp;<\/p>\n<h3>Datos acad\u00e9micos de la tesis doctoral \u00ab<strong>El contratista en la ley de contratos de las administraciones publicas.<\/strong>\u00ab<\/h3>\n<ul>\n<li><strong>T\u00edtulo de la tesis:<\/strong>\u00a0 El contratista en la ley de contratos de las administraciones publicas. <\/li>\n<li><strong>Autor:<\/strong>\u00a0  Benitez Morcillo Gabriel Jes\u00fas <\/li>\n<li><strong>Universidad:<\/strong>\u00a0 Aut\u00f3noma de Madrid<\/li>\n<li><strong>Fecha de lectura de la tesis:<\/strong>\u00a0 01\/01\/1998<\/li>\n<\/ul>\n<p>&nbsp;<\/p>\n<h3>Direcci\u00f3n y tribunal<\/h3>\n<ul>\n<li><strong>Director de la tesis<\/strong>\n<ul>\n<li>Gaspar Ari\u00f1o Ortiz<\/li>\n<\/ul>\n<\/li>\n<li><strong>Tribunal<\/strong>\n<ul>\n<li>Presidente del tribunal:  Villar Palasi Jos\u00e9 Luis <\/li>\n<li>Jos\u00e9 Luis Meilan Gil (vocal)<\/li>\n<li>Jos\u00e9 Ram\u00f3n Parada V\u00e1zquez (vocal)<\/li>\n<li>Jos\u00e9 Luis Martinez L\u00f3pez Mu\u00f1iz (vocal)<\/li>\n<\/ul>\n<\/li>\n<\/ul>\n<p>&nbsp;<\/p>\n","protected":false},"excerpt":{"rendered":"<p>Tesis doctoral de Benitez Morcillo Gabriel Jes\u00fas Se realiza una amplia introducci\u00f3n hist\u00f3rica sobre el contratista en el derecho espa\u00f1ol [&hellip;]<\/p>\n","protected":false},"author":1,"featured_media":0,"comment_status":"open","ping_status":"open","sticky":false,"template":"","format":"standard","meta":{"site-sidebar-layout":"default","site-content-layout":"","ast-site-content-layout":"","site-content-style":"default","site-sidebar-style":"default","ast-global-header-display":"","ast-banner-title-visibility":"","ast-main-header-display":"","ast-hfb-above-header-display":"","ast-hfb-below-header-display":"","ast-hfb-mobile-header-display":"","site-post-title":"","ast-breadcrumbs-content":"","ast-featured-img":"","footer-sml-layout":"","theme-transparent-header-meta":"","adv-header-id-meta":"","stick-header-meta":"","header-above-stick-meta":"","header-main-stick-meta":"","header-below-stick-meta":"","astra-migrate-meta-layouts":"default","ast-page-background-enabled":"default","ast-page-background-meta":{"desktop":{"background-color":"var(--ast-global-color-4)","background-image":"","background-repeat":"repeat","background-position":"center center","background-size":"auto","background-attachment":"scroll","background-type":"","background-media":"","overlay-type":"","overlay-color":"","overlay-gradient":""},"tablet":{"background-color":"","background-image":"","background-repeat":"repeat","background-position":"center center","background-size":"auto","background-attachment":"scroll","background-type":"","background-media":"","overlay-type":"","overlay-color":"","overlay-gradient":""},"mobile":{"background-color":"","background-image":"","background-repeat":"repeat","background-position":"center center","background-size":"auto","background-attachment":"scroll","background-type":"","background-media":"","overlay-type":"","overlay-color":"","overlay-gradient":""}},"ast-content-background-meta":{"desktop":{"background-color":"var(--ast-global-color-5)","background-image":"","background-repeat":"repeat","background-position":"center center","background-size":"auto","background-attachment":"scroll","background-type":"","background-media":"","overlay-type":"","overlay-color":"","overlay-gradient":""},"tablet":{"background-color":"var(--ast-global-color-5)","background-image":"","background-repeat":"repeat","background-position":"center center","background-size":"auto","background-attachment":"scroll","background-type":"","background-media":"","overlay-type":"","overlay-color":"","overlay-gradient":""},"mobile":{"background-color":"var(--ast-global-color-5)","background-image":"","background-repeat":"repeat","background-position":"center center","background-size":"auto","background-attachment":"scroll","background-type":"","background-media":"","overlay-type":"","overlay-color":"","overlay-gradient":""}},"footnotes":""},"categories":[612,1442,979],"tags":[96611,4900,10200,11039,1918,4717],"class_list":["post-36511","post","type-post","status-publish","format-standard","hentry","category-ciencias-juridicas-y-derecho","category-derecho-administrativo","category-derecho-y-legislacion-nacionales","tag-benitez-morcillo-gabriel-jesus","tag-gaspar-arino-ortiz","tag-jose-luis-Martinez-lopez-muniz","tag-jose-luis-meilan-gil","tag-jose-ramon-parada-vazquez","tag-villar-palasi-jose-luis"],"_links":{"self":[{"href":"https:\/\/www.deberes.net\/tesis\/wp-json\/wp\/v2\/posts\/36511","targetHints":{"allow":["GET"]}}],"collection":[{"href":"https:\/\/www.deberes.net\/tesis\/wp-json\/wp\/v2\/posts"}],"about":[{"href":"https:\/\/www.deberes.net\/tesis\/wp-json\/wp\/v2\/types\/post"}],"author":[{"embeddable":true,"href":"https:\/\/www.deberes.net\/tesis\/wp-json\/wp\/v2\/users\/1"}],"replies":[{"embeddable":true,"href":"https:\/\/www.deberes.net\/tesis\/wp-json\/wp\/v2\/comments?post=36511"}],"version-history":[{"count":0,"href":"https:\/\/www.deberes.net\/tesis\/wp-json\/wp\/v2\/posts\/36511\/revisions"}],"wp:attachment":[{"href":"https:\/\/www.deberes.net\/tesis\/wp-json\/wp\/v2\/media?parent=36511"}],"wp:term":[{"taxonomy":"category","embeddable":true,"href":"https:\/\/www.deberes.net\/tesis\/wp-json\/wp\/v2\/categories?post=36511"},{"taxonomy":"post_tag","embeddable":true,"href":"https:\/\/www.deberes.net\/tesis\/wp-json\/wp\/v2\/tags?post=36511"}],"curies":[{"name":"wp","href":"https:\/\/api.w.org\/{rel}","templated":true}]}}