{"id":3654,"date":"1994-01-01T00:00:00","date_gmt":"1994-01-01T00:00:00","guid":{"rendered":"https:\/\/www.deberes.net\/tesis\/1994\/01\/01\/sistematica-y-ecologia-del-subgenero-batrachium-dc-a-gray-ranunculus-l-en-el-sistema-central-peninsula-iberica\/"},"modified":"1994-01-01T00:00:00","modified_gmt":"1994-01-01T00:00:00","slug":"sistematica-y-ecologia-del-subgenero-batrachium-dc-a-gray-ranunculus-l-en-el-sistema-central-peninsula-iberica","status":"publish","type":"post","link":"https:\/\/www.deberes.net\/tesis\/ciencias-de-la-vida\/sistematica-y-ecologia-del-subgenero-batrachium-dc-a-gray-ranunculus-l-en-el-sistema-central-peninsula-iberica\/","title":{"rendered":"Sistematica y ecolog\u00eda del subgenero batrachium (dc.) a. gray (ranunculus l.) en el sistema central (peninsula iberica)"},"content":{"rendered":"<h2>Tesis doctoral de <strong>  Pizarro Dominguez Jos\u00e9 M. <\/strong><\/h2>\n<p>Se aborda el estudio de un grupo de plantas acuaticas integradas en el subgenero batrachium (dc.) A. Gray (ranunculus l.) En el sistema central iberico.  se estudia una buena parte de los tipos nomenclaturales y se revisan unos 4000 pliegos de los principales herbarios europeos; se valoran 13 caracteres morfologicos y se elabora una clave para determinar las 15 especies europeas del subgenero.  se realiza una nueva sintesis taxonomica y un catalago floristico y se reconocen 11 especies en el sistema central y 12 en el ambito de la peninsula iberica: ranunculus hederaceus, r.  aquatilis, r. Trichophyllus, r. Baudotii, r. Fluitans, r.  peltatus, r. Pseudofluitans, r. Saniculifolius, r.  penicillatus, r. Omiophyllus, r. Tripartitus y r.  ololeucos.  se aportan datos novedosos sobre la autoecolog\u00eda, la sinecolog\u00eda y la corolog\u00eda de las 12 especies peninsulares acompa\u00f1ados por 35 mapas de la distribucion de las especies en europa occidental, la peninsula iberica y el sistema central.  la memoria se completa con cerca de 200 ilustraciones originales.<\/p>\n<p>&nbsp;<\/p>\n<h3>Datos acad\u00e9micos de la tesis doctoral \u00ab<strong>Sistematica y ecolog\u00eda del subgenero batrachium (dc.) a. gray (ranunculus l.) en el sistema central (peninsula iberica)<\/strong>\u00ab<\/h3>\n<ul>\n<li><strong>T\u00edtulo de la tesis:<\/strong>\u00a0 Sistematica y ecolog\u00eda del subgenero batrachium (dc.) a. gray (ranunculus l.) en el sistema central (peninsula iberica) <\/li>\n<li><strong>Autor:<\/strong>\u00a0  Pizarro Dominguez Jos\u00e9 M. <\/li>\n<li><strong>Universidad:<\/strong>\u00a0 Aut\u00f3noma de Madrid<\/li>\n<li><strong>Fecha de lectura de la tesis:<\/strong>\u00a0 01\/01\/1994<\/li>\n<\/ul>\n<p>&nbsp;<\/p>\n<h3>Direcci\u00f3n y tribunal<\/h3>\n<ul>\n<li><strong>Director de la tesis<\/strong>\n<ul>\n<li>Salvador Rivas Mart\u00ednez<\/li>\n<\/ul>\n<\/li>\n<li><strong>Tribunal<\/strong>\n<ul>\n<li>Presidente del tribunal: Helios (secretario) Sainz Ollero <\/li>\n<li>Federico Fernandez Gonzalez (vocal)<\/li>\n<li>Carmen Navarro Aranda (vocal)<\/li>\n<li>  (vocal)<\/li>\n<\/ul>\n<\/li>\n<\/ul>\n<p>&nbsp;<\/p>\n","protected":false},"excerpt":{"rendered":"<p>Tesis doctoral de Pizarro Dominguez Jos\u00e9 M. Se aborda el estudio de un grupo de plantas acuaticas integradas en el [&hellip;]<\/p>\n","protected":false},"author":1,"featured_media":0,"comment_status":"open","ping_status":"open","sticky":false,"template":"","format":"standard","meta":{"site-sidebar-layout":"default","site-content-layout":"","ast-site-content-layout":"","site-content-style":"default","site-sidebar-style":"default","ast-global-header-display":"","ast-banner-title-visibility":"","ast-main-header-display":"","ast-hfb-above-header-display":"","ast-hfb-below-header-display":"","ast-hfb-mobile-header-display":"","site-post-title":"","ast-breadcrumbs-content":"","ast-featured-img":"","footer-sml-layout":"","theme-transparent-header-meta":"","adv-header-id-meta":"","stick-header-meta":"","header-above-stick-meta":"","header-main-stick-meta":"","header-below-stick-meta":"","astra-migrate-meta-layouts":"default","ast-page-background-enabled":"default","ast-page-background-meta":{"desktop":{"background-color":"var(--ast-global-color-4)","background-image":"","background-repeat":"repeat","background-position":"center center","background-size":"auto","background-attachment":"scroll","background-type":"","background-media":"","overlay-type":"","overlay-color":"","overlay-gradient":""},"tablet":{"background-color":"","background-image":"","background-repeat":"repeat","background-position":"center center","background-size":"auto","background-attachment":"scroll","background-type":"","background-media":"","overlay-type":"","overlay-color":"","overlay-gradient":""},"mobile":{"background-color":"","background-image":"","background-repeat":"repeat","background-position":"center center","background-size":"auto","background-attachment":"scroll","background-type":"","background-media":"","overlay-type":"","overlay-color":"","overlay-gradient":""}},"ast-content-background-meta":{"desktop":{"background-color":"var(--ast-global-color-5)","background-image":"","background-repeat":"repeat","background-position":"center center","background-size":"auto","background-attachment":"scroll","background-type":"","background-media":"","overlay-type":"","overlay-color":"","overlay-gradient":""},"tablet":{"background-color":"var(--ast-global-color-5)","background-image":"","background-repeat":"repeat","background-position":"center center","background-size":"auto","background-attachment":"scroll","background-type":"","background-media":"","overlay-type":"","overlay-color":"","overlay-gradient":""},"mobile":{"background-color":"var(--ast-global-color-5)","background-image":"","background-repeat":"repeat","background-position":"center center","background-size":"auto","background-attachment":"scroll","background-type":"","background-media":"","overlay-type":"","overlay-color":"","overlay-gradient":""}},"footnotes":""},"categories":[972,35,620,5240],"tags":[15243,5999,15242,15241,6000],"class_list":["post-3654","post","type-post","status-publish","format-standard","hentry","category-botanica","category-ciencias-de-la-vida","category-ecologia-vegetal","category-taxonomia-vegetal","tag-carmen-navarro-aranda","tag-federico-fernandez-gonzalez","tag-helios-secretario-sainz-ollero","tag-pizarro-dominguez-jose-m","tag-salvador-rivas-Martinez"],"_links":{"self":[{"href":"https:\/\/www.deberes.net\/tesis\/wp-json\/wp\/v2\/posts\/3654","targetHints":{"allow":["GET"]}}],"collection":[{"href":"https:\/\/www.deberes.net\/tesis\/wp-json\/wp\/v2\/posts"}],"about":[{"href":"https:\/\/www.deberes.net\/tesis\/wp-json\/wp\/v2\/types\/post"}],"author":[{"embeddable":true,"href":"https:\/\/www.deberes.net\/tesis\/wp-json\/wp\/v2\/users\/1"}],"replies":[{"embeddable":true,"href":"https:\/\/www.deberes.net\/tesis\/wp-json\/wp\/v2\/comments?post=3654"}],"version-history":[{"count":0,"href":"https:\/\/www.deberes.net\/tesis\/wp-json\/wp\/v2\/posts\/3654\/revisions"}],"wp:attachment":[{"href":"https:\/\/www.deberes.net\/tesis\/wp-json\/wp\/v2\/media?parent=3654"}],"wp:term":[{"taxonomy":"category","embeddable":true,"href":"https:\/\/www.deberes.net\/tesis\/wp-json\/wp\/v2\/categories?post=3654"},{"taxonomy":"post_tag","embeddable":true,"href":"https:\/\/www.deberes.net\/tesis\/wp-json\/wp\/v2\/tags?post=3654"}],"curies":[{"name":"wp","href":"https:\/\/api.w.org\/{rel}","templated":true}]}}