{"id":36543,"date":"1998-01-01T00:00:00","date_gmt":"1998-01-01T00:00:00","guid":{"rendered":"https:\/\/www.deberes.net\/tesis\/sin-categoria\/educacion-para-la-conservacion-modelo-de-gestion-en-nucleos-zoologicos-de-espana\/"},"modified":"1998-01-01T00:00:00","modified_gmt":"1998-01-01T00:00:00","slug":"educacion-para-la-conservacion-modelo-de-gestion-en-nucleos-zoologicos-de-espana","status":"publish","type":"post","link":"https:\/\/www.deberes.net\/tesis\/ciencias-de-la-vida\/educacion-para-la-conservacion-modelo-de-gestion-en-nucleos-zoologicos-de-espana\/","title":{"rendered":"Educacion para la conservacion: modelo de gestion en nucleos zoologicos de espa\u00f1a."},"content":{"rendered":"<h2>Tesis doctoral de <strong>  Diaz De Mari\u00f1o Esmeya <\/strong><\/h2>\n<p>La investigaci\u00f3n se centra en la b\u00fasqueda de la viabilidad en la gesti\u00f3n de los n\u00facleos zool\u00f3gicos en espa\u00f1a. Entendiendo la viabilidad como el ajuste de los centros a las pautas generadas por los cient\u00edficos a trav\u00e9s de la estrategia mundial para la conservaci\u00f3n en zool\u00f3gicos y en el \u00e1mbito social en la opini\u00f3n de los visitantes.  se propone un modelo de gesti\u00f3n educativa para tomar decisiones acerca de las estrategias de educaci\u00f3n ambiental m\u00e1s adecuadas. La validaci\u00f3n del modelo se realiz\u00f3 a trav\u00e9s de un estudio realizado en tres niveles:  los n\u00facleos zool\u00f3gicos en espa\u00f1a, los visitantes en el zoo de la casa de campo en Madrid y el estudio de cambios de actitudes en j\u00f3venes visitantes a la exhibici\u00f3n serpientes venenosas en el zoo de la casa de campo.  se logra demostrar que los n\u00facleos zool\u00f3gicos tienen como objetivo prioritario la recreaci\u00f3n. Los visitantes desean que los zool\u00f3gicos cumplan como objetivo principal la educaci\u00f3n. Se demuestra de igual manera que la visita con monitor induce un cambio favorable hacia las serpientes.<\/p>\n<p>&nbsp;<\/p>\n<h3>Datos acad\u00e9micos de la tesis doctoral \u00ab<strong>Educacion para la conservacion: modelo de gestion en nucleos zoologicos de espa\u00f1a.<\/strong>\u00ab<\/h3>\n<ul>\n<li><strong>T\u00edtulo de la tesis:<\/strong>\u00a0 Educacion para la conservacion: modelo de gestion en nucleos zoologicos de espa\u00f1a. <\/li>\n<li><strong>Autor:<\/strong>\u00a0  Diaz De Mari\u00f1o Esmeya <\/li>\n<li><strong>Universidad:<\/strong>\u00a0 Aut\u00f3noma de Madrid<\/li>\n<li><strong>Fecha de lectura de la tesis:<\/strong>\u00a0 01\/01\/1998<\/li>\n<\/ul>\n<p>&nbsp;<\/p>\n<h3>Direcci\u00f3n y tribunal<\/h3>\n<ul>\n<li><strong>Director de la tesis<\/strong>\n<ul>\n<li> Benayas Del Alamo Javier<\/li>\n<\/ul>\n<\/li>\n<li><strong>Tribunal<\/strong>\n<ul>\n<li>Presidente del tribunal:  Ruiz Sanz Juan  Pedro <\/li>\n<li>Carmen Prat Joaniquet (vocal)<\/li>\n<li>John Fa Sierra (vocal)<\/li>\n<li>Clara Barroso (vocal)<\/li>\n<\/ul>\n<\/li>\n<\/ul>\n<p>&nbsp;<\/p>\n","protected":false},"excerpt":{"rendered":"<p>Tesis doctoral de Diaz De Mari\u00f1o Esmeya La investigaci\u00f3n se centra en la b\u00fasqueda de la viabilidad en la gesti\u00f3n [&hellip;]<\/p>\n","protected":false},"author":1,"featured_media":0,"comment_status":"open","ping_status":"open","sticky":false,"template":"","format":"standard","meta":{"site-sidebar-layout":"default","site-content-layout":"","ast-site-content-layout":"","site-content-style":"default","site-sidebar-style":"default","ast-global-header-display":"","ast-banner-title-visibility":"","ast-main-header-display":"","ast-hfb-above-header-display":"","ast-hfb-below-header-display":"","ast-hfb-mobile-header-display":"","site-post-title":"","ast-breadcrumbs-content":"","ast-featured-img":"","footer-sml-layout":"","theme-transparent-header-meta":"","adv-header-id-meta":"","stick-header-meta":"","header-above-stick-meta":"","header-main-stick-meta":"","header-below-stick-meta":"","astra-migrate-meta-layouts":"default","ast-page-background-enabled":"default","ast-page-background-meta":{"desktop":{"background-color":"var(--ast-global-color-4)","background-image":"","background-repeat":"repeat","background-position":"center center","background-size":"auto","background-attachment":"scroll","background-type":"","background-media":"","overlay-type":"","overlay-color":"","overlay-gradient":""},"tablet":{"background-color":"","background-image":"","background-repeat":"repeat","background-position":"center center","background-size":"auto","background-attachment":"scroll","background-type":"","background-media":"","overlay-type":"","overlay-color":"","overlay-gradient":""},"mobile":{"background-color":"","background-image":"","background-repeat":"repeat","background-position":"center center","background-size":"auto","background-attachment":"scroll","background-type":"","background-media":"","overlay-type":"","overlay-color":"","overlay-gradient":""}},"ast-content-background-meta":{"desktop":{"background-color":"var(--ast-global-color-5)","background-image":"","background-repeat":"repeat","background-position":"center center","background-size":"auto","background-attachment":"scroll","background-type":"","background-media":"","overlay-type":"","overlay-color":"","overlay-gradient":""},"tablet":{"background-color":"var(--ast-global-color-5)","background-image":"","background-repeat":"repeat","background-position":"center center","background-size":"auto","background-attachment":"scroll","background-type":"","background-media":"","overlay-type":"","overlay-color":"","overlay-gradient":""},"mobile":{"background-color":"var(--ast-global-color-5)","background-image":"","background-repeat":"repeat","background-position":"center center","background-size":"auto","background-attachment":"scroll","background-type":"","background-media":"","overlay-type":"","overlay-color":"","overlay-gradient":""}},"footnotes":""},"categories":[212,35,7486],"tags":[28366,96665,96667,96664,96666,14663],"class_list":["post-36543","post","type-post","status-publish","format-standard","hentry","category-biologia-humana","category-ciencias-de-la-vida","category-ecologia-humana","tag-benayas-del-alamo-javier","tag-carmen-prat-joaniquet","tag-clara-barroso","tag-diaz-de-marino-esmeya","tag-john-fa-sierra","tag-ruiz-sanz-juan-pedro"],"_links":{"self":[{"href":"https:\/\/www.deberes.net\/tesis\/wp-json\/wp\/v2\/posts\/36543","targetHints":{"allow":["GET"]}}],"collection":[{"href":"https:\/\/www.deberes.net\/tesis\/wp-json\/wp\/v2\/posts"}],"about":[{"href":"https:\/\/www.deberes.net\/tesis\/wp-json\/wp\/v2\/types\/post"}],"author":[{"embeddable":true,"href":"https:\/\/www.deberes.net\/tesis\/wp-json\/wp\/v2\/users\/1"}],"replies":[{"embeddable":true,"href":"https:\/\/www.deberes.net\/tesis\/wp-json\/wp\/v2\/comments?post=36543"}],"version-history":[{"count":0,"href":"https:\/\/www.deberes.net\/tesis\/wp-json\/wp\/v2\/posts\/36543\/revisions"}],"wp:attachment":[{"href":"https:\/\/www.deberes.net\/tesis\/wp-json\/wp\/v2\/media?parent=36543"}],"wp:term":[{"taxonomy":"category","embeddable":true,"href":"https:\/\/www.deberes.net\/tesis\/wp-json\/wp\/v2\/categories?post=36543"},{"taxonomy":"post_tag","embeddable":true,"href":"https:\/\/www.deberes.net\/tesis\/wp-json\/wp\/v2\/tags?post=36543"}],"curies":[{"name":"wp","href":"https:\/\/api.w.org\/{rel}","templated":true}]}}