{"id":36645,"date":"1998-01-01T00:00:00","date_gmt":"1998-01-01T00:00:00","guid":{"rendered":"https:\/\/www.deberes.net\/tesis\/sin-categoria\/b-gracian-forma-politica-y-contenido-etico\/"},"modified":"1998-01-01T00:00:00","modified_gmt":"1998-01-01T00:00:00","slug":"b-gracian-forma-politica-y-contenido-etico","status":"publish","type":"post","link":"https:\/\/www.deberes.net\/tesis\/filosofia\/b-gracian-forma-politica-y-contenido-etico\/","title":{"rendered":"B. gracian: forma politica y contenido etico."},"content":{"rendered":"<h2>Tesis doctoral de <strong> Alfonso Moraleja Juarez <\/strong><\/h2>\n<p>La tesis, baltasar graci\u00e1n: forma pol\u00edtica y contenido \u00e9tico, \u00e9tico, realiza un estudio sincr\u00f3nico de la obra de este autor espa\u00f1ol del xvii. Desde un correcto di\u00e1logo con la amplia n\u00f3mina de sus int\u00e9rpretes, este trabajo precisa los principales temas de la obra graciana. As\u00ed:  la rehabilitaci\u00f3n de los modos; las formas de abordar las relaciones entre apariencia y realidad; el casuismo; el ficcionalismo; las relaciones entre providencia y progreso; la libertad individual; y las derivaciones pedag\u00f3gicas inherentes.  las conclusiones muestran el sustrato teol\u00f3gico de las conclusiones antropol\u00f3gicas si bien queda clara la reivindicaci\u00f3n del hombre como \u00ab\u00bbanimal pol\u00edtico\u00bb\u00bb y \u00ab\u00bbcultural por naturaleza\u00bb\u00bb. El pesimismo antropol\u00f3gico-social de graci\u00e1n siempre se subordina al optimismo metaf\u00edsico-religioso: la miseria humana puede compensarse con la dignidad de una virtud que miera de reojo al sumo art\u00edfice.  su aportaci\u00f3n incluye dos ap\u00e9ndices: la traducci\u00f3n de \u00ab\u00bbel or\u00e1culo manual. Comentarios a la traducci\u00f3n de amelot de la houssaie\u00bb\u00bb de pierre bayle; y \u00ab\u00bbprudencia y fortuna\u00bb\u00bb, \u00ab\u00bbcaracter\u00edsticas del gusto\u00bb\u00bb y sobre los modernos historiadores\u00bb\u00bb de joseph addiso.<\/p>\n<p>&nbsp;<\/p>\n<h3>Datos acad\u00e9micos de la tesis doctoral \u00ab<strong>B. gracian: forma politica y contenido etico.<\/strong>\u00ab<\/h3>\n<ul>\n<li><strong>T\u00edtulo de la tesis:<\/strong>\u00a0 B. gracian: forma politica y contenido etico. <\/li>\n<li><strong>Autor:<\/strong>\u00a0 Alfonso Moraleja Juarez <\/li>\n<li><strong>Universidad:<\/strong>\u00a0 Aut\u00f3noma de Madrid<\/li>\n<li><strong>Fecha de lectura de la tesis:<\/strong>\u00a0 01\/01\/1998<\/li>\n<\/ul>\n<p>&nbsp;<\/p>\n<h3>Direcci\u00f3n y tribunal<\/h3>\n<ul>\n<li><strong>Director de la tesis<\/strong>\n<ul>\n<li>Enrique Lopez Castellon<\/li>\n<\/ul>\n<\/li>\n<li><strong>Tribunal<\/strong>\n<ul>\n<li>Presidente del tribunal: Julio Bayon Cerdan <\/li>\n<li>Luis Jimenez Moreno (vocal)<\/li>\n<li> Gomez De Lia\u00f1o Ignacio (vocal)<\/li>\n<li>Jorge Ayala Mart\u00ednez (vocal)<\/li>\n<\/ul>\n<\/li>\n<\/ul>\n<p>&nbsp;<\/p>\n","protected":false},"excerpt":{"rendered":"<p>Tesis doctoral de Alfonso Moraleja Juarez La tesis, baltasar graci\u00e1n: forma pol\u00edtica y contenido \u00e9tico, \u00e9tico, realiza un estudio sincr\u00f3nico [&hellip;]<\/p>\n","protected":false},"author":1,"featured_media":0,"comment_status":"open","ping_status":"open","sticky":false,"template":"","format":"standard","meta":{"site-sidebar-layout":"default","site-content-layout":"","ast-site-content-layout":"","site-content-style":"default","site-sidebar-style":"default","ast-global-header-display":"","ast-banner-title-visibility":"","ast-main-header-display":"","ast-hfb-above-header-display":"","ast-hfb-below-header-display":"","ast-hfb-mobile-header-display":"","site-post-title":"","ast-breadcrumbs-content":"","ast-featured-img":"","footer-sml-layout":"","theme-transparent-header-meta":"","adv-header-id-meta":"","stick-header-meta":"","header-above-stick-meta":"","header-main-stick-meta":"","header-below-stick-meta":"","astra-migrate-meta-layouts":"default","ast-page-background-enabled":"default","ast-page-background-meta":{"desktop":{"background-color":"var(--ast-global-color-4)","background-image":"","background-repeat":"repeat","background-position":"center center","background-size":"auto","background-attachment":"scroll","background-type":"","background-media":"","overlay-type":"","overlay-color":"","overlay-gradient":""},"tablet":{"background-color":"","background-image":"","background-repeat":"repeat","background-position":"center center","background-size":"auto","background-attachment":"scroll","background-type":"","background-media":"","overlay-type":"","overlay-color":"","overlay-gradient":""},"mobile":{"background-color":"","background-image":"","background-repeat":"repeat","background-position":"center center","background-size":"auto","background-attachment":"scroll","background-type":"","background-media":"","overlay-type":"","overlay-color":"","overlay-gradient":""}},"ast-content-background-meta":{"desktop":{"background-color":"var(--ast-global-color-5)","background-image":"","background-repeat":"repeat","background-position":"center center","background-size":"auto","background-attachment":"scroll","background-type":"","background-media":"","overlay-type":"","overlay-color":"","overlay-gradient":""},"tablet":{"background-color":"var(--ast-global-color-5)","background-image":"","background-repeat":"repeat","background-position":"center center","background-size":"auto","background-attachment":"scroll","background-type":"","background-media":"","overlay-type":"","overlay-color":"","overlay-gradient":""},"mobile":{"background-color":"var(--ast-global-color-5)","background-image":"","background-repeat":"repeat","background-position":"center center","background-size":"auto","background-attachment":"scroll","background-type":"","background-media":"","overlay-type":"","overlay-color":"","overlay-gradient":""}},"footnotes":""},"categories":[47559,8646,8647,8649,165,956],"tags":[96837,6013,87924,49851,15016,6011],"class_list":["post-36645","post","type-post","status-publish","format-standard","hentry","category-aporetica","category-etica","category-etica-de-individuos","category-etica-filosofica","category-filosofia","category-filosofia-del-conocimiento","tag-alfonso-moraleja-juarez","tag-enrique-lopez-castellon","tag-gomez-de-liano-ignacio","tag-jorge-ayala-Martinez","tag-julio-bayon-cerdan","tag-luis-jimenez-moreno"],"_links":{"self":[{"href":"https:\/\/www.deberes.net\/tesis\/wp-json\/wp\/v2\/posts\/36645","targetHints":{"allow":["GET"]}}],"collection":[{"href":"https:\/\/www.deberes.net\/tesis\/wp-json\/wp\/v2\/posts"}],"about":[{"href":"https:\/\/www.deberes.net\/tesis\/wp-json\/wp\/v2\/types\/post"}],"author":[{"embeddable":true,"href":"https:\/\/www.deberes.net\/tesis\/wp-json\/wp\/v2\/users\/1"}],"replies":[{"embeddable":true,"href":"https:\/\/www.deberes.net\/tesis\/wp-json\/wp\/v2\/comments?post=36645"}],"version-history":[{"count":0,"href":"https:\/\/www.deberes.net\/tesis\/wp-json\/wp\/v2\/posts\/36645\/revisions"}],"wp:attachment":[{"href":"https:\/\/www.deberes.net\/tesis\/wp-json\/wp\/v2\/media?parent=36645"}],"wp:term":[{"taxonomy":"category","embeddable":true,"href":"https:\/\/www.deberes.net\/tesis\/wp-json\/wp\/v2\/categories?post=36645"},{"taxonomy":"post_tag","embeddable":true,"href":"https:\/\/www.deberes.net\/tesis\/wp-json\/wp\/v2\/tags?post=36645"}],"curies":[{"name":"wp","href":"https:\/\/api.w.org\/{rel}","templated":true}]}}