{"id":36669,"date":"1998-01-01T00:00:00","date_gmt":"1998-01-01T00:00:00","guid":{"rendered":"https:\/\/www.deberes.net\/tesis\/sin-categoria\/desempleo-y-salud-variables-moderadoras-del-impacto-de-desempleo-sobre-la-salud-fisica-y-mental-intervencion-psicologica-con-desempleados\/"},"modified":"1998-01-01T00:00:00","modified_gmt":"1998-01-01T00:00:00","slug":"desempleo-y-salud-variables-moderadoras-del-impacto-de-desempleo-sobre-la-salud-fisica-y-mental-intervencion-psicologica-con-desempleados","status":"publish","type":"post","link":"https:\/\/www.deberes.net\/tesis\/psicologia\/desempleo-y-salud-variables-moderadoras-del-impacto-de-desempleo-sobre-la-salud-fisica-y-mental-intervencion-psicologica-con-desempleados\/","title":{"rendered":"Desempleo y salud: variables moderadoras del impacto de desempleo sobre la salud fisica y mental. intervencion psicologica con desempleados."},"content":{"rendered":"<h2>Tesis doctoral de <strong>  Pozo Iribarria Juan  Del <\/strong><\/h2>\n<p>Se estudia la relaci\u00f3n de estar en el desempleo y las repercusiones sobre la salud, entendida \u00e9sta \u00faltima compuesta de componentes de salud f\u00edsica, salud mental, bienestar afectivo, calidad de vida y comportamientos saludables. Asimismo se introduce la utilizaci\u00f3n de dispositivos de salud y se estudian las conductas de b\u00fasqueda de empleo. Todo esto se compara respecto a un grupo control de empleados.  en un segundo momento, se analizan las variables dependientes se\u00f1aladas y las variables moderadoras en funci\u00f3n de la duraci\u00f3n del desempleo. En concreto se estudian las variables moderadoras de compromiso con el empleo, soporte social y tama\u00f1o de la red social, estilos de afrontamiento, autocompetencia en la b\u00fasqueda de empleo, tensiones financieras, satisfacci\u00f3n con el uso del tiempo y estructuraci\u00f3n del tiempo, conflictividad familiar y autoestima.  los an\u00e1lisis confirman la diferencia en salud entre empleados y desempleados. Y se confirma el efecto diferencial de la duraci\u00f3n del desempleo en los componentes de la variable salud. Asimismo se se\u00f1ala la capacidad de discriminaci\u00f3n de la autoestima, la conducta activa de buscar empleo, el afrontamiento basado en la busqueda de apoyo emocional y la resoluci\u00f3n de conflictos en la familia de modo razonable, entre los dos grupos de mejor y peor salud entre los desempleados.  por \u00faltimo, se estudian las posibilidades de intervenci\u00f3n psicol\u00f3gica con desempleados con fines preventivos y paliativos. En concreto se propone una intervenci\u00f3n psicol\u00f3gica basada en t\u00e9cnicas cognitivo-conductuales tales como el aprendizaje en la resoluci\u00f3n de problemas y toma de decisiones, t\u00e9cnicas de mejora de la motivaci\u00f3n, t\u00e9cnicas de inoculaci\u00f3n contra los fracasos y mejora del apoyo social. Se propone una extensi\u00f3n de la intervenci\u00f3n al \u00e1mbito familiar para la mejora de la comunicaci\u00f3n.<\/p>\n<p>&nbsp;<\/p>\n<h3>Datos acad\u00e9micos de la tesis doctoral \u00ab<strong>Desempleo y salud: variables moderadoras del impacto de desempleo sobre la salud fisica y mental. intervencion psicologica con desempleados.<\/strong>\u00ab<\/h3>\n<ul>\n<li><strong>T\u00edtulo de la tesis:<\/strong>\u00a0 Desempleo y salud: variables moderadoras del impacto de desempleo sobre la salud fisica y mental. intervencion psicologica con desempleados. <\/li>\n<li><strong>Autor:<\/strong>\u00a0  Pozo Iribarria Juan  Del <\/li>\n<li><strong>Universidad:<\/strong>\u00a0 Aut\u00f3noma de Madrid<\/li>\n<li><strong>Fecha de lectura de la tesis:<\/strong>\u00a0 01\/01\/1998<\/li>\n<\/ul>\n<p>&nbsp;<\/p>\n<h3>Direcci\u00f3n y tribunal<\/h3>\n<ul>\n<li><strong>Director de la tesis<\/strong>\n<ul>\n<li>Rafael San Martin Castellanos<\/li>\n<\/ul>\n<\/li>\n<li><strong>Tribunal<\/strong>\n<ul>\n<li>Presidente del tribunal: Amalio Blanco Abarca <\/li>\n<li>Nekane Basabe Bara\u00f1ano (vocal)<\/li>\n<li>Jos\u00e9 Santacreu Mas (vocal)<\/li>\n<li>Salvador Urraca Martinez (vocal)<\/li>\n<\/ul>\n<\/li>\n<\/ul>\n<p>&nbsp;<\/p>\n","protected":false},"excerpt":{"rendered":"<p>Tesis doctoral de Pozo Iribarria Juan Del Se estudia la relaci\u00f3n de estar en el desempleo y las repercusiones sobre [&hellip;]<\/p>\n","protected":false},"author":1,"featured_media":0,"comment_status":"open","ping_status":"open","sticky":false,"template":"","format":"standard","meta":{"site-sidebar-layout":"default","site-content-layout":"","ast-site-content-layout":"","site-content-style":"default","site-sidebar-style":"default","ast-global-header-display":"","ast-banner-title-visibility":"","ast-main-header-display":"","ast-hfb-above-header-display":"","ast-hfb-below-header-display":"","ast-hfb-mobile-header-display":"","site-post-title":"","ast-breadcrumbs-content":"","ast-featured-img":"","footer-sml-layout":"","theme-transparent-header-meta":"","adv-header-id-meta":"","stick-header-meta":"","header-above-stick-meta":"","header-main-stick-meta":"","header-below-stick-meta":"","astra-migrate-meta-layouts":"default","ast-page-background-enabled":"default","ast-page-background-meta":{"desktop":{"background-color":"var(--ast-global-color-4)","background-image":"","background-repeat":"repeat","background-position":"center center","background-size":"auto","background-attachment":"scroll","background-type":"","background-media":"","overlay-type":"","overlay-color":"","overlay-gradient":""},"tablet":{"background-color":"","background-image":"","background-repeat":"repeat","background-position":"center center","background-size":"auto","background-attachment":"scroll","background-type":"","background-media":"","overlay-type":"","overlay-color":"","overlay-gradient":""},"mobile":{"background-color":"","background-image":"","background-repeat":"repeat","background-position":"center center","background-size":"auto","background-attachment":"scroll","background-type":"","background-media":"","overlay-type":"","overlay-color":"","overlay-gradient":""}},"ast-content-background-meta":{"desktop":{"background-color":"var(--ast-global-color-5)","background-image":"","background-repeat":"repeat","background-position":"center center","background-size":"auto","background-attachment":"scroll","background-type":"","background-media":"","overlay-type":"","overlay-color":"","overlay-gradient":""},"tablet":{"background-color":"var(--ast-global-color-5)","background-image":"","background-repeat":"repeat","background-position":"center center","background-size":"auto","background-attachment":"scroll","background-type":"","background-media":"","overlay-type":"","overlay-color":"","overlay-gradient":""},"mobile":{"background-color":"var(--ast-global-color-5)","background-image":"","background-repeat":"repeat","background-position":"center center","background-size":"auto","background-attachment":"scroll","background-type":"","background-media":"","overlay-type":"","overlay-color":"","overlay-gradient":""}},"footnotes":""},"categories":[11204,6025,324,996],"tags":[7128,41869,13067,96882,4132,25165],"class_list":["post-36669","post","type-post","status-publish","format-standard","hentry","category-comportamiento-colectivo","category-estudio-psicologico-de-cuestiones-sociales","category-psicologia","category-psicologia-social","tag-amalio-blanco-abarca","tag-jose-santacreu-mas","tag-nekane-basabe-baranano","tag-pozo-iribarria-juan-del","tag-rafael-san-martin-castellanos","tag-salvador-urraca-Martinez"],"_links":{"self":[{"href":"https:\/\/www.deberes.net\/tesis\/wp-json\/wp\/v2\/posts\/36669","targetHints":{"allow":["GET"]}}],"collection":[{"href":"https:\/\/www.deberes.net\/tesis\/wp-json\/wp\/v2\/posts"}],"about":[{"href":"https:\/\/www.deberes.net\/tesis\/wp-json\/wp\/v2\/types\/post"}],"author":[{"embeddable":true,"href":"https:\/\/www.deberes.net\/tesis\/wp-json\/wp\/v2\/users\/1"}],"replies":[{"embeddable":true,"href":"https:\/\/www.deberes.net\/tesis\/wp-json\/wp\/v2\/comments?post=36669"}],"version-history":[{"count":0,"href":"https:\/\/www.deberes.net\/tesis\/wp-json\/wp\/v2\/posts\/36669\/revisions"}],"wp:attachment":[{"href":"https:\/\/www.deberes.net\/tesis\/wp-json\/wp\/v2\/media?parent=36669"}],"wp:term":[{"taxonomy":"category","embeddable":true,"href":"https:\/\/www.deberes.net\/tesis\/wp-json\/wp\/v2\/categories?post=36669"},{"taxonomy":"post_tag","embeddable":true,"href":"https:\/\/www.deberes.net\/tesis\/wp-json\/wp\/v2\/tags?post=36669"}],"curies":[{"name":"wp","href":"https:\/\/api.w.org\/{rel}","templated":true}]}}