{"id":36721,"date":"1998-01-01T00:00:00","date_gmt":"1998-01-01T00:00:00","guid":{"rendered":"https:\/\/www.deberes.net\/tesis\/sin-categoria\/endotelina-1-en-la-diabetes-mellitus-analisis-de-su-variacion-en-funcion-del-control-metabolico-de-implicaciones-en-la-vasculopatia-diabetica\/"},"modified":"1998-01-01T00:00:00","modified_gmt":"1998-01-01T00:00:00","slug":"endotelina-1-en-la-diabetes-mellitus-analisis-de-su-variacion-en-funcion-del-control-metabolico-de-implicaciones-en-la-vasculopatia-diabetica","status":"publish","type":"post","link":"https:\/\/www.deberes.net\/tesis\/ciencias-medicas\/endotelina-1-en-la-diabetes-mellitus-analisis-de-su-variacion-en-funcion-del-control-metabolico-de-implicaciones-en-la-vasculopatia-diabetica\/","title":{"rendered":"Endotelina.1 en la diabetes mellitus. analisis de su variacion en funcion del control metabolico de implicaciones en la vasculopatia diabetica."},"content":{"rendered":"<h2>Tesis doctoral de <strong> Rosa Villar Vicente <\/strong><\/h2>\n<p>Se han estudiado las implicaciones del control metab]olico de la diabetes en los niveles plasm\u00e1ticos de endotelina-1 (et-1) y p\u00e9ptido natriur\u00e9tico atrial (anf).  los estudios publicados sobre el estimulo de la secreci]on de et1 por la insulina y la glucemia, contradictorios en ocasiones, y la comprobada asociaci]on entre la alteraci]on metab]olica hiperglucemica y la mayor preValencia de complicaciones asociadas a la diabetes mellitus, hacen interesante la valoraci]on de la influencia del grado de control metab]olico en los niveles plasm\u00e1ticos de et1 y anf. Del mismo modo se ha estudiado la relaci]on entre estos dos p\u00e9ptidos y la presencia de complicaciones vasculares, dada la conocida asociaci]on descrita entre disfunci]on endotelial y vasculopat\u00eda diab\u00e9tica.  se han determinado por ria los niveles plasm\u00e1ticos de et1 y anf en 2 grupos de diab\u00e9ticos tipo 1 y tipo 2. El grupo 1 lo integran 21 pacientes, a los que se determinaron los niveles de et1 y anf en situaci]on de hiper y normoglucemia. El grupo 2 fue analizado en situaci]on de hbalc elevada tras su descenso al intensificar el tratamiento. Posteriormente se unificaron ambos grupos y se valoraron conjuntamente. Los resultados se evaluaron asimismo diferenciando los distintos estados de vasculopat\u00eda y se compararon con un grupo control, de similar edad, integrado por 34 sujetos sanos.  resultados:  1-en ambos grupos los niveles de et1 y anf fueron significativamente mayores en los pacientes diab\u00e9ticos que en los controles.  2-los pacientes diab\u00e9ticos sin vasculopat\u00eda presentaban niveles de et1 similar a la de los sujetos sanos control.  3-la et1 y el anf muestran una tendencia al incremento en funci]on del grado creciente de vasculopat\u00eda, determin\u00e1ndose mayores niveles en los diab\u00e9ticos afectos de enfermedad macro o microvascular que en los no afectados por estas complicaciones.  4-ni la et1 ni el anf muestran variaci]on significativa en funci]on del gr<\/p>\n<p>&nbsp;<\/p>\n<h3>Datos acad\u00e9micos de la tesis doctoral \u00ab<strong>Endotelina.1 en la diabetes mellitus. analisis de su variacion en funcion del control metabolico de implicaciones en la vasculopatia diabetica.<\/strong>\u00ab<\/h3>\n<ul>\n<li><strong>T\u00edtulo de la tesis:<\/strong>\u00a0 Endotelina.1 en la diabetes mellitus. analisis de su variacion en funcion del control metabolico de implicaciones en la vasculopatia diabetica. <\/li>\n<li><strong>Autor:<\/strong>\u00a0 Rosa Villar Vicente <\/li>\n<li><strong>Universidad:<\/strong>\u00a0 Aut\u00f3noma de Madrid<\/li>\n<li><strong>Fecha de lectura de la tesis:<\/strong>\u00a0 01\/01\/1998<\/li>\n<\/ul>\n<p>&nbsp;<\/p>\n<h3>Direcci\u00f3n y tribunal<\/h3>\n<ul>\n<li><strong>Director de la tesis<\/strong>\n<ul>\n<li>Arturo Fernandez Cruz<\/li>\n<\/ul>\n<\/li>\n<li><strong>Tribunal<\/strong>\n<ul>\n<li>Presidente del tribunal: Manuel Rosety Plaza <\/li>\n<li>Juan  Emilio Feliu Albi\u00f1ana (vocal)<\/li>\n<li>Jes\u00fas Vaquero Crespo (vocal)<\/li>\n<li>Julio De La Morena Fern\u00e1ndez (vocal)<\/li>\n<\/ul>\n<\/li>\n<\/ul>\n<p>&nbsp;<\/p>\n","protected":false},"excerpt":{"rendered":"<p>Tesis doctoral de Rosa Villar Vicente Se han estudiado las implicaciones del control metab]olico de la diabetes en los niveles [&hellip;]<\/p>\n","protected":false},"author":1,"featured_media":0,"comment_status":"open","ping_status":"open","sticky":false,"template":"","format":"standard","meta":{"site-sidebar-layout":"default","site-content-layout":"","ast-site-content-layout":"","site-content-style":"default","site-sidebar-style":"default","ast-global-header-display":"","ast-banner-title-visibility":"","ast-main-header-display":"","ast-hfb-above-header-display":"","ast-hfb-below-header-display":"","ast-hfb-mobile-header-display":"","site-post-title":"","ast-breadcrumbs-content":"","ast-featured-img":"","footer-sml-layout":"","theme-transparent-header-meta":"","adv-header-id-meta":"","stick-header-meta":"","header-above-stick-meta":"","header-main-stick-meta":"","header-below-stick-meta":"","astra-migrate-meta-layouts":"default","ast-page-background-enabled":"default","ast-page-background-meta":{"desktop":{"background-color":"var(--ast-global-color-4)","background-image":"","background-repeat":"repeat","background-position":"center center","background-size":"auto","background-attachment":"scroll","background-type":"","background-media":"","overlay-type":"","overlay-color":"","overlay-gradient":""},"tablet":{"background-color":"","background-image":"","background-repeat":"repeat","background-position":"center center","background-size":"auto","background-attachment":"scroll","background-type":"","background-media":"","overlay-type":"","overlay-color":"","overlay-gradient":""},"mobile":{"background-color":"","background-image":"","background-repeat":"repeat","background-position":"center center","background-size":"auto","background-attachment":"scroll","background-type":"","background-media":"","overlay-type":"","overlay-color":"","overlay-gradient":""}},"ast-content-background-meta":{"desktop":{"background-color":"var(--ast-global-color-5)","background-image":"","background-repeat":"repeat","background-position":"center center","background-size":"auto","background-attachment":"scroll","background-type":"","background-media":"","overlay-type":"","overlay-color":"","overlay-gradient":""},"tablet":{"background-color":"var(--ast-global-color-5)","background-image":"","background-repeat":"repeat","background-position":"center center","background-size":"auto","background-attachment":"scroll","background-type":"","background-media":"","overlay-type":"","overlay-color":"","overlay-gradient":""},"mobile":{"background-color":"var(--ast-global-color-5)","background-image":"","background-repeat":"repeat","background-position":"center center","background-size":"auto","background-attachment":"scroll","background-type":"","background-media":"","overlay-type":"","overlay-color":"","overlay-gradient":""}},"footnotes":""},"categories":[9,851,139],"tags":[723,4964,14572,5696,1553,96962],"class_list":["post-36721","post","type-post","status-publish","format-standard","hentry","category-ciencias-medicas","category-endocrinologia","category-medicina-interna","tag-arturo-fernandez-cruz","tag-jesus-vaquero-crespo","tag-juan-emilio-feliu-albinana","tag-julio-de-la-morena-fernandez","tag-manuel-rosety-plaza","tag-rosa-villar-vicente"],"_links":{"self":[{"href":"https:\/\/www.deberes.net\/tesis\/wp-json\/wp\/v2\/posts\/36721","targetHints":{"allow":["GET"]}}],"collection":[{"href":"https:\/\/www.deberes.net\/tesis\/wp-json\/wp\/v2\/posts"}],"about":[{"href":"https:\/\/www.deberes.net\/tesis\/wp-json\/wp\/v2\/types\/post"}],"author":[{"embeddable":true,"href":"https:\/\/www.deberes.net\/tesis\/wp-json\/wp\/v2\/users\/1"}],"replies":[{"embeddable":true,"href":"https:\/\/www.deberes.net\/tesis\/wp-json\/wp\/v2\/comments?post=36721"}],"version-history":[{"count":0,"href":"https:\/\/www.deberes.net\/tesis\/wp-json\/wp\/v2\/posts\/36721\/revisions"}],"wp:attachment":[{"href":"https:\/\/www.deberes.net\/tesis\/wp-json\/wp\/v2\/media?parent=36721"}],"wp:term":[{"taxonomy":"category","embeddable":true,"href":"https:\/\/www.deberes.net\/tesis\/wp-json\/wp\/v2\/categories?post=36721"},{"taxonomy":"post_tag","embeddable":true,"href":"https:\/\/www.deberes.net\/tesis\/wp-json\/wp\/v2\/tags?post=36721"}],"curies":[{"name":"wp","href":"https:\/\/api.w.org\/{rel}","templated":true}]}}