{"id":36769,"date":"1998-01-01T00:00:00","date_gmt":"1998-01-01T00:00:00","guid":{"rendered":"https:\/\/www.deberes.net\/tesis\/sin-categoria\/luz-natural-y-luz-artificial-integracion-de-sistemas-y-su-aplicacion-en-proyectos-de-escuelas\/"},"modified":"1998-01-01T00:00:00","modified_gmt":"1998-01-01T00:00:00","slug":"luz-natural-y-luz-artificial-integracion-de-sistemas-y-su-aplicacion-en-proyectos-de-escuelas","status":"publish","type":"post","link":"https:\/\/www.deberes.net\/tesis\/ciencias-tecnologicas\/luz-natural-y-luz-artificial-integracion-de-sistemas-y-su-aplicacion-en-proyectos-de-escuelas\/","title":{"rendered":"Luz natural y luz artificial. integracion de sistemas y su aplicacion en proyectos de escuelas."},"content":{"rendered":"<h2>Tesis doctoral de <strong> Silvia Regina Morel Correa Fichtner <\/strong><\/h2>\n<p>La tesis estudia el comportamiento de la luz natural en el \u00e1mbito escolar y su integraci\u00f3n con la luz artificial suplementaria y tiene por objetivo evaluar el aula considerando los requerimientos lum\u00ednicos de las actividades principales como la lectura y la escritura.  se establecen dos hip\u00f3tesis de trabajo:  1. Es posible satisfacer los requisitos de la iluminaci\u00f3n en ambientes escolares solo con la luz natural.  2. Es compatible la utilizaci\u00f3n simultanea de la luz natural y la luz artificial de manera a satisfacer una adecuada iluminaci\u00f3n en ambientes escolares.  la metodolog\u00eda adoptada consiste en realizar mediciones de las iluminancias de nueve aulas in situ que sirven para calcular los factores de luz diurna y las luminancias utilizadas para los an\u00e1lisis lum\u00ednicos y comparativos entre las aulas.  el trabajo se divide en cuatro partes. La primera parte define las caracter\u00edsticas del ambiente visual en las escuelas, cuyo objetivo es fundamentar los aspectos de la percepci\u00f3n visual y de los aspectos de la cualidad lum\u00ednica en estos ambientes. Tambi\u00e9n son desarrolladas en esta parte los tipos de actividades visuales y los principales tipos de espacios escolares.  en la segunda parte se definen los sistemas de iluminaci\u00f3n, que fueron divididos en sistemas de iluminaci\u00f3n natural, sistemas de iluminaci\u00f3n artificial y sistemas de control de iluminaci\u00f3n.  la tercera parte est\u00e1 constituida por los estudios de casos de iluminaci\u00f3n en aulas y los an\u00e1lisis comparativos entre los casos estudiados. En los anexos se encuentran los an\u00e1lisis individuales de cada aula.  en la cuarta parte se busca comprobar las hip\u00f3tesis del trabajo a trav\u00e9s de una propuesta de dise\u00f1o de iluminaci\u00f3n para aulas, que es analizada y comparada con uno de los casos reales a trav\u00e9s de un modelo reducido.  en las conclusiones de la tesis se establecen recomendaciones para el dise\u00f1o de iluminaci\u00f3n de aulas y se presentan cuadros c<\/p>\n<p>&nbsp;<\/p>\n<h3>Datos acad\u00e9micos de la tesis doctoral \u00ab<strong>Luz natural y luz artificial. integracion de sistemas y su aplicacion en proyectos de escuelas.<\/strong>\u00ab<\/h3>\n<ul>\n<li><strong>T\u00edtulo de la tesis:<\/strong>\u00a0 Luz natural y luz artificial. integracion de sistemas y su aplicacion en proyectos de escuelas. <\/li>\n<li><strong>Autor:<\/strong>\u00a0 Silvia Regina Morel Correa Fichtner <\/li>\n<li><strong>Universidad:<\/strong>\u00a0 Polit\u00e9cnica de catalunya<\/li>\n<li><strong>Fecha de lectura de la tesis:<\/strong>\u00a0 01\/01\/1998<\/li>\n<\/ul>\n<p>&nbsp;<\/p>\n<h3>Direcci\u00f3n y tribunal<\/h3>\n<ul>\n<li><strong>Director de la tesis<\/strong>\n<ul>\n<li>Rafael Serra Florensa<\/li>\n<\/ul>\n<\/li>\n<li><strong>Tribunal<\/strong>\n<ul>\n<li>Presidente del tribunal: Fernando Juan Ramos Galino <\/li>\n<li> Cabeza Lainez Jos\u00e9 M. (vocal)<\/li>\n<li>Ram\u00f3n San Mart\u00edn P\u00e1ramo (vocal)<\/li>\n<li>Orlando De Urrutia (vocal)<\/li>\n<\/ul>\n<\/li>\n<\/ul>\n<p>&nbsp;<\/p>\n","protected":false},"excerpt":{"rendered":"<p>Tesis doctoral de Silvia Regina Morel Correa Fichtner La tesis estudia el comportamiento de la luz natural en el \u00e1mbito [&hellip;]<\/p>\n","protected":false},"author":1,"featured_media":0,"comment_status":"open","ping_status":"open","sticky":false,"template":"","format":"standard","meta":{"site-sidebar-layout":"default","site-content-layout":"","ast-site-content-layout":"","site-content-style":"default","site-sidebar-style":"default","ast-global-header-display":"","ast-banner-title-visibility":"","ast-main-header-display":"","ast-hfb-above-header-display":"","ast-hfb-below-header-display":"","ast-hfb-mobile-header-display":"","site-post-title":"","ast-breadcrumbs-content":"","ast-featured-img":"","footer-sml-layout":"","theme-transparent-header-meta":"","adv-header-id-meta":"","stick-header-meta":"","header-above-stick-meta":"","header-main-stick-meta":"","header-below-stick-meta":"","astra-migrate-meta-layouts":"default","ast-page-background-enabled":"default","ast-page-background-meta":{"desktop":{"background-color":"var(--ast-global-color-4)","background-image":"","background-repeat":"repeat","background-position":"center center","background-size":"auto","background-attachment":"scroll","background-type":"","background-media":"","overlay-type":"","overlay-color":"","overlay-gradient":""},"tablet":{"background-color":"","background-image":"","background-repeat":"repeat","background-position":"center center","background-size":"auto","background-attachment":"scroll","background-type":"","background-media":"","overlay-type":"","overlay-color":"","overlay-gradient":""},"mobile":{"background-color":"","background-image":"","background-repeat":"repeat","background-position":"center center","background-size":"auto","background-attachment":"scroll","background-type":"","background-media":"","overlay-type":"","overlay-color":"","overlay-gradient":""}},"ast-content-background-meta":{"desktop":{"background-color":"var(--ast-global-color-5)","background-image":"","background-repeat":"repeat","background-position":"center center","background-size":"auto","background-attachment":"scroll","background-type":"","background-media":"","overlay-type":"","overlay-color":"","overlay-gradient":""},"tablet":{"background-color":"var(--ast-global-color-5)","background-image":"","background-repeat":"repeat","background-position":"center center","background-size":"auto","background-attachment":"scroll","background-type":"","background-media":"","overlay-type":"","overlay-color":"","overlay-gradient":""},"mobile":{"background-color":"var(--ast-global-color-5)","background-image":"","background-repeat":"repeat","background-position":"center center","background-size":"auto","background-attachment":"scroll","background-type":"","background-media":"","overlay-type":"","overlay-color":"","overlay-gradient":""}},"footnotes":""},"categories":[332,31009,25643,15596,4306],"tags":[26450,15672,97071,15671,26080,97070],"class_list":["post-36769","post","type-post","status-publish","format-standard","hentry","category-ciencias-tecnologicas","category-construcciones-ligeras","category-edificios-publicos","category-politecnica-de-catalunya","category-tecnologia-de-la-construccion","tag-cabeza-lainez-jose-m","tag-fernando-juan-ramos-galino","tag-orlando-de-urrutia","tag-rafael-serra-florensa","tag-ramon-san-martin-paramo","tag-silvia-regina-morel-correa-fichtner"],"_links":{"self":[{"href":"https:\/\/www.deberes.net\/tesis\/wp-json\/wp\/v2\/posts\/36769","targetHints":{"allow":["GET"]}}],"collection":[{"href":"https:\/\/www.deberes.net\/tesis\/wp-json\/wp\/v2\/posts"}],"about":[{"href":"https:\/\/www.deberes.net\/tesis\/wp-json\/wp\/v2\/types\/post"}],"author":[{"embeddable":true,"href":"https:\/\/www.deberes.net\/tesis\/wp-json\/wp\/v2\/users\/1"}],"replies":[{"embeddable":true,"href":"https:\/\/www.deberes.net\/tesis\/wp-json\/wp\/v2\/comments?post=36769"}],"version-history":[{"count":0,"href":"https:\/\/www.deberes.net\/tesis\/wp-json\/wp\/v2\/posts\/36769\/revisions"}],"wp:attachment":[{"href":"https:\/\/www.deberes.net\/tesis\/wp-json\/wp\/v2\/media?parent=36769"}],"wp:term":[{"taxonomy":"category","embeddable":true,"href":"https:\/\/www.deberes.net\/tesis\/wp-json\/wp\/v2\/categories?post=36769"},{"taxonomy":"post_tag","embeddable":true,"href":"https:\/\/www.deberes.net\/tesis\/wp-json\/wp\/v2\/tags?post=36769"}],"curies":[{"name":"wp","href":"https:\/\/api.w.org\/{rel}","templated":true}]}}