{"id":36779,"date":"1998-01-01T00:00:00","date_gmt":"1998-01-01T00:00:00","guid":{"rendered":"https:\/\/www.deberes.net\/tesis\/sin-categoria\/analisis-y-aportaciones-de-los-procesos-de-rediseno-organizativo-en-las-pymes-inducidos-por-las-tecnologias-de-la-informacion-y-las-comunicaciones-en-el-entorno-del-cad\/"},"modified":"1998-01-01T00:00:00","modified_gmt":"1998-01-01T00:00:00","slug":"analisis-y-aportaciones-de-los-procesos-de-rediseno-organizativo-en-las-pymes-inducidos-por-las-tecnologias-de-la-informacion-y-las-comunicaciones-en-el-entorno-del-cad","status":"publish","type":"post","link":"https:\/\/www.deberes.net\/tesis\/ciencias-economicas\/analisis-y-aportaciones-de-los-procesos-de-rediseno-organizativo-en-las-pymes-inducidos-por-las-tecnologias-de-la-informacion-y-las-comunicaciones-en-el-entorno-del-cad\/","title":{"rendered":"Analisis y aportaciones de los procesos de redise\u00f1o organizativo en las pymes inducidos por las tecnolog\u00edas de la informacion y las comunicaciones en el entorno del cad."},"content":{"rendered":"<h2>Tesis doctoral de <strong> Pedro Jose Puig Deu <\/strong><\/h2>\n<p>Queda demostrado en la tesis que para que las pymes puedan implantar y explotar con \u00e9xito las tecnolog\u00edas cad, son necesarias determinadas condiciones:  integrar las ti y el cad en la visi\u00f3n del negocio, con una realimentaci\u00f3n permanente de datos tanto internos como externos. Influyendo la organizaci\u00f3n, tanto en su estructura, como en sus relaciones de poder, de toma de decisiones y de control. Por lo tanto, los ejecutivos tienen que cambiar su orientaci\u00f3n, desde el control, hacia el asesoramiento y la facilitaci\u00f3n de consejos. Es decir, pasar de organizaciones basadas en el cumplimiento a organizaciones basadas en el compromiso.  dise\u00f1ar un sistema de cad alineado con las estrategias de la empresa, y dotar a sus usuarios de las capacidades necesarias para operarlo con \u00e9xito. As\u00ed se har\u00e1 posible que los usuarios se identifiquen con el uso del sistema cad y adquieran la maestr\u00eda precisa para poder explotarlo con \u00e9xito. Se lograr\u00e1 entonces tanto la competencia de los usuarios como la difusi\u00f3n del sistema.  se debe gestionar la organizaci\u00f3n como un sistema abierto, y en el momento de realizar la planificaci\u00f3n no se deben descuidar los aspectos organizativos. Esto es m\u00e1s importante si cabe, en el caso de los sistemas de cad integrados (p.E. Cim, cad\/cam o cae) ya que precisan de importantes inversiones y de una alta integraci\u00f3n en la organizaci\u00f3n de la empresa para poder ser operativos.  la implicaci\u00f3n de la direcci\u00f3n de la empresa es imprescindible para garantizar la voluntad de realizaci\u00f3n y los recursos necesarios.  el fuerte componente de formaci\u00f3n y aprendizaje que comporta el hecho de utilizar las tecnolog\u00edas de cad en los procesos empresariales hace que los anteriores aspectos sean clave.  se ha podido tambi\u00e9n observar que la cultura de la empresa, e incluso la del pa\u00eds en el que se encuentra, son de importancia capital en el momento de realizar la planificaci\u00f3n y la implantaci\u00f3n del cad en la<\/p>\n<p>&nbsp;<\/p>\n<h3>Datos acad\u00e9micos de la tesis doctoral \u00ab<strong>Analisis y aportaciones de los procesos de redise\u00f1o organizativo en las pymes inducidos por las tecnolog\u00edas de la informacion y las comunicaciones en el entorno del cad.<\/strong>\u00ab<\/h3>\n<ul>\n<li><strong>T\u00edtulo de la tesis:<\/strong>\u00a0 Analisis y aportaciones de los procesos de redise\u00f1o organizativo en las pymes inducidos por las tecnolog\u00edas de la informacion y las comunicaciones en el entorno del cad. <\/li>\n<li><strong>Autor:<\/strong>\u00a0 Pedro Jose Puig Deu <\/li>\n<li><strong>Universidad:<\/strong>\u00a0 Polit\u00e9cnica de catalunya<\/li>\n<li><strong>Fecha de lectura de la tesis:<\/strong>\u00a0 01\/01\/1998<\/li>\n<\/ul>\n<p>&nbsp;<\/p>\n<h3>Direcci\u00f3n y tribunal<\/h3>\n<ul>\n<li><strong>Director de la tesis<\/strong>\n<ul>\n<li>Ramon Salvador Valles<\/li>\n<\/ul>\n<\/li>\n<li><strong>Tribunal<\/strong>\n<ul>\n<li>Presidente del tribunal: Josep Mar\u00eda Fonts Boronat <\/li>\n<li>Jos\u00e9 Mar\u00eda Castan Farrero (vocal)<\/li>\n<li>Rafael Andreu (vocal)<\/li>\n<li>Manuel Ru\u00edz Gonz\u00e1lez (vocal)<\/li>\n<\/ul>\n<\/li>\n<\/ul>\n<p>&nbsp;<\/p>\n","protected":false},"excerpt":{"rendered":"<p>Tesis doctoral de Pedro Jose Puig Deu Queda demostrado en la tesis que para que las pymes puedan implantar y [&hellip;]<\/p>\n","protected":false},"author":1,"featured_media":0,"comment_status":"open","ping_status":"open","sticky":false,"template":"","format":"standard","meta":{"site-sidebar-layout":"default","site-content-layout":"","ast-site-content-layout":"","site-content-style":"default","site-sidebar-style":"default","ast-global-header-display":"","ast-banner-title-visibility":"","ast-main-header-display":"","ast-hfb-above-header-display":"","ast-hfb-below-header-display":"","ast-hfb-mobile-header-display":"","site-post-title":"","ast-breadcrumbs-content":"","ast-featured-img":"","footer-sml-layout":"","theme-transparent-header-meta":"","adv-header-id-meta":"","stick-header-meta":"","header-above-stick-meta":"","header-main-stick-meta":"","header-below-stick-meta":"","astra-migrate-meta-layouts":"default","ast-page-background-enabled":"default","ast-page-background-meta":{"desktop":{"background-color":"var(--ast-global-color-4)","background-image":"","background-repeat":"repeat","background-position":"center center","background-size":"auto","background-attachment":"scroll","background-type":"","background-media":"","overlay-type":"","overlay-color":"","overlay-gradient":""},"tablet":{"background-color":"","background-image":"","background-repeat":"repeat","background-position":"center center","background-size":"auto","background-attachment":"scroll","background-type":"","background-media":"","overlay-type":"","overlay-color":"","overlay-gradient":""},"mobile":{"background-color":"","background-image":"","background-repeat":"repeat","background-position":"center center","background-size":"auto","background-attachment":"scroll","background-type":"","background-media":"","overlay-type":"","overlay-color":"","overlay-gradient":""}},"ast-content-background-meta":{"desktop":{"background-color":"var(--ast-global-color-5)","background-image":"","background-repeat":"repeat","background-position":"center center","background-size":"auto","background-attachment":"scroll","background-type":"","background-media":"","overlay-type":"","overlay-color":"","overlay-gradient":""},"tablet":{"background-color":"var(--ast-global-color-5)","background-image":"","background-repeat":"repeat","background-position":"center center","background-size":"auto","background-attachment":"scroll","background-type":"","background-media":"","overlay-type":"","overlay-color":"","overlay-gradient":""},"mobile":{"background-color":"var(--ast-global-color-5)","background-image":"","background-repeat":"repeat","background-position":"center center","background-size":"auto","background-attachment":"scroll","background-type":"","background-media":"","overlay-type":"","overlay-color":"","overlay-gradient":""}},"footnotes":""},"categories":[82,836,1301,991,1302,15596],"tags":[19974,1306,43617,97086,67742,41271],"class_list":["post-36779","post","type-post","status-publish","format-standard","hentry","category-ciencias-economicas","category-economia-del-cambio-tecnologico","category-estudios-industriales","category-innovacion-tecnologica","category-organizacion-y-gestion-de-empresas","category-politecnica-de-catalunya","tag-jose-maria-castan-farrero","tag-josep-maria-fonts-boronat","tag-manuel-ruiz-gonzalez","tag-pedro-jose-puig-deu","tag-rafael-andreu","tag-ramon-salvador-valles"],"_links":{"self":[{"href":"https:\/\/www.deberes.net\/tesis\/wp-json\/wp\/v2\/posts\/36779","targetHints":{"allow":["GET"]}}],"collection":[{"href":"https:\/\/www.deberes.net\/tesis\/wp-json\/wp\/v2\/posts"}],"about":[{"href":"https:\/\/www.deberes.net\/tesis\/wp-json\/wp\/v2\/types\/post"}],"author":[{"embeddable":true,"href":"https:\/\/www.deberes.net\/tesis\/wp-json\/wp\/v2\/users\/1"}],"replies":[{"embeddable":true,"href":"https:\/\/www.deberes.net\/tesis\/wp-json\/wp\/v2\/comments?post=36779"}],"version-history":[{"count":0,"href":"https:\/\/www.deberes.net\/tesis\/wp-json\/wp\/v2\/posts\/36779\/revisions"}],"wp:attachment":[{"href":"https:\/\/www.deberes.net\/tesis\/wp-json\/wp\/v2\/media?parent=36779"}],"wp:term":[{"taxonomy":"category","embeddable":true,"href":"https:\/\/www.deberes.net\/tesis\/wp-json\/wp\/v2\/categories?post=36779"},{"taxonomy":"post_tag","embeddable":true,"href":"https:\/\/www.deberes.net\/tesis\/wp-json\/wp\/v2\/tags?post=36779"}],"curies":[{"name":"wp","href":"https:\/\/api.w.org\/{rel}","templated":true}]}}