{"id":36789,"date":"1998-01-01T00:00:00","date_gmt":"1998-01-01T00:00:00","guid":{"rendered":"https:\/\/www.deberes.net\/tesis\/sin-categoria\/la-capilla-de-ronchamp-de-le-corbusier-de-la-percepcion-de-la-materia-al-vuelo-del-espiritu\/"},"modified":"1998-01-01T00:00:00","modified_gmt":"1998-01-01T00:00:00","slug":"la-capilla-de-ronchamp-de-le-corbusier-de-la-percepcion-de-la-materia-al-vuelo-del-espiritu","status":"publish","type":"post","link":"https:\/\/www.deberes.net\/tesis\/historia\/la-capilla-de-ronchamp-de-le-corbusier-de-la-percepcion-de-la-materia-al-vuelo-del-espiritu\/","title":{"rendered":"La capilla de ronchamp de le corbusier. de la percepcion de la materia al vuelo del espiritu."},"content":{"rendered":"<h2>Tesis doctoral de <strong> Jaime Alberto Sarmiento Ocampo <\/strong><\/h2>\n<p>La tesis consiste en la reconstrucci\u00f3n del proyecto y en el an\u00e1lisis de la capilla de ronchamp de le corbusier. La capilla naci\u00f3 casi espont\u00e1neamente como una respuesta al lugar, pero en realidad ese nacimiento espont\u00e1neo ven\u00eda siendo incubado muchos a\u00f1os atr\u00e1s a trav\u00e9s de la pintura y la escultura del propio le corbusier. El proyecto fue tomando referencias de muy diversas fuentes. De narraciones b\u00edblicas, de la mitolog\u00eda griega, de formas religiosas ancestrales&#8230; En fin, estaba imbuido en un esp\u00edritu m\u00edstico que respond\u00eda al rito, al primitivismo, incluso a la intuici\u00f3n. Pero, por otra parte, el proyecto y la manera en que se percibe el edificio est\u00e1 enteramente controlado, regulado por unos trazos geom\u00e9tricos y matem\u00e1ticos y adem\u00e1s dimensionado en base al modulor (unidad de medida en base al cuero humano). En ronchamp se presenta un dualismo permanente entre el instinto y la raz\u00f3n, que incluso se extiende a toda la obra de le corbusier. El trabajo de este consistir\u00e1 en armonizar los opuestos.<\/p>\n<p>&nbsp;<\/p>\n<h3>Datos acad\u00e9micos de la tesis doctoral \u00ab<strong>La capilla de ronchamp de le corbusier. de la percepcion de la materia al vuelo del espiritu.<\/strong>\u00ab<\/h3>\n<ul>\n<li><strong>T\u00edtulo de la tesis:<\/strong>\u00a0 La capilla de ronchamp de le corbusier. de la percepcion de la materia al vuelo del espiritu. <\/li>\n<li><strong>Autor:<\/strong>\u00a0 Jaime Alberto Sarmiento Ocampo <\/li>\n<li><strong>Universidad:<\/strong>\u00a0 Polit\u00e9cnica de catalunya<\/li>\n<li><strong>Fecha de lectura de la tesis:<\/strong>\u00a0 01\/01\/1998<\/li>\n<\/ul>\n<p>&nbsp;<\/p>\n<h3>Direcci\u00f3n y tribunal<\/h3>\n<ul>\n<li><strong>Director de la tesis<\/strong>\n<ul>\n<li> Quetglas Riusech Jos\u00e9 Francisco<\/li>\n<\/ul>\n<\/li>\n<li><strong>Tribunal<\/strong>\n<ul>\n<li>Presidente del tribunal: Heliodoro Pi\u00f1\u00f3n Pallar\u00e9s <\/li>\n<li>Mar\u00eda Teresa Mu\u00f1oz Jim\u00e9nez (vocal)<\/li>\n<li>I\u00f1aki Abalos V\u00e1zquez (vocal)<\/li>\n<li>Juan  Jos\u00e9 Lahuerta Alsina (vocal)<\/li>\n<\/ul>\n<\/li>\n<\/ul>\n<p>&nbsp;<\/p>\n","protected":false},"excerpt":{"rendered":"<p>Tesis doctoral de Jaime Alberto Sarmiento Ocampo La tesis consiste en la reconstrucci\u00f3n del proyecto y en el an\u00e1lisis de [&hellip;]<\/p>\n","protected":false},"author":1,"featured_media":0,"comment_status":"open","ping_status":"open","sticky":false,"template":"","format":"standard","meta":{"site-sidebar-layout":"default","site-content-layout":"","ast-site-content-layout":"","site-content-style":"default","site-sidebar-style":"default","ast-global-header-display":"","ast-banner-title-visibility":"","ast-main-header-display":"","ast-hfb-above-header-display":"","ast-hfb-below-header-display":"","ast-hfb-mobile-header-display":"","site-post-title":"","ast-breadcrumbs-content":"","ast-featured-img":"","footer-sml-layout":"","theme-transparent-header-meta":"","adv-header-id-meta":"","stick-header-meta":"","header-above-stick-meta":"","header-main-stick-meta":"","header-below-stick-meta":"","astra-migrate-meta-layouts":"default","ast-page-background-enabled":"default","ast-page-background-meta":{"desktop":{"background-color":"var(--ast-global-color-4)","background-image":"","background-repeat":"repeat","background-position":"center center","background-size":"auto","background-attachment":"scroll","background-type":"","background-media":"","overlay-type":"","overlay-color":"","overlay-gradient":""},"tablet":{"background-color":"","background-image":"","background-repeat":"repeat","background-position":"center center","background-size":"auto","background-attachment":"scroll","background-type":"","background-media":"","overlay-type":"","overlay-color":"","overlay-gradient":""},"mobile":{"background-color":"","background-image":"","background-repeat":"repeat","background-position":"center center","background-size":"auto","background-attachment":"scroll","background-type":"","background-media":"","overlay-type":"","overlay-color":"","overlay-gradient":""}},"ast-content-background-meta":{"desktop":{"background-color":"var(--ast-global-color-5)","background-image":"","background-repeat":"repeat","background-position":"center center","background-size":"auto","background-attachment":"scroll","background-type":"","background-media":"","overlay-type":"","overlay-color":"","overlay-gradient":""},"tablet":{"background-color":"var(--ast-global-color-5)","background-image":"","background-repeat":"repeat","background-position":"center center","background-size":"auto","background-attachment":"scroll","background-type":"","background-media":"","overlay-type":"","overlay-color":"","overlay-gradient":""},"mobile":{"background-color":"var(--ast-global-color-5)","background-image":"","background-repeat":"repeat","background-position":"center center","background-size":"auto","background-attachment":"scroll","background-type":"","background-media":"","overlay-type":"","overlay-color":"","overlay-gradient":""}},"footnotes":""},"categories":[4509,147,12564,104,1745,222,15596],"tags":[15632,15862,97110,15636,15715,70782],"class_list":["post-36789","post","type-post","status-publish","format-standard","hentry","category-arquitectura","category-ciencias-de-las-artes-y-las-letras","category-diseno-arquitectonico","category-historia","category-historia-de-la-arquitectura","category-historias-especializadas","category-politecnica-de-catalunya","tag-heliodoro-pinon-pallares","tag-inaki-abalos-vazquez","tag-jaime-alberto-sarmiento-ocampo","tag-juan-jose-lahuerta-alsina","tag-maria-teresa-munoz-jimenez","tag-quetglas-riusech-jose-francisco"],"_links":{"self":[{"href":"https:\/\/www.deberes.net\/tesis\/wp-json\/wp\/v2\/posts\/36789","targetHints":{"allow":["GET"]}}],"collection":[{"href":"https:\/\/www.deberes.net\/tesis\/wp-json\/wp\/v2\/posts"}],"about":[{"href":"https:\/\/www.deberes.net\/tesis\/wp-json\/wp\/v2\/types\/post"}],"author":[{"embeddable":true,"href":"https:\/\/www.deberes.net\/tesis\/wp-json\/wp\/v2\/users\/1"}],"replies":[{"embeddable":true,"href":"https:\/\/www.deberes.net\/tesis\/wp-json\/wp\/v2\/comments?post=36789"}],"version-history":[{"count":0,"href":"https:\/\/www.deberes.net\/tesis\/wp-json\/wp\/v2\/posts\/36789\/revisions"}],"wp:attachment":[{"href":"https:\/\/www.deberes.net\/tesis\/wp-json\/wp\/v2\/media?parent=36789"}],"wp:term":[{"taxonomy":"category","embeddable":true,"href":"https:\/\/www.deberes.net\/tesis\/wp-json\/wp\/v2\/categories?post=36789"},{"taxonomy":"post_tag","embeddable":true,"href":"https:\/\/www.deberes.net\/tesis\/wp-json\/wp\/v2\/tags?post=36789"}],"curies":[{"name":"wp","href":"https:\/\/api.w.org\/{rel}","templated":true}]}}