{"id":36812,"date":"1998-01-01T00:00:00","date_gmt":"1998-01-01T00:00:00","guid":{"rendered":"https:\/\/www.deberes.net\/tesis\/sin-categoria\/sar-interferometry-for-digital-elevation-model-generation-and-differential-applications\/"},"modified":"1998-01-01T00:00:00","modified_gmt":"1998-01-01T00:00:00","slug":"sar-interferometry-for-digital-elevation-model-generation-and-differential-applications","status":"publish","type":"post","link":"https:\/\/www.deberes.net\/tesis\/ciencias-tecnologicas\/sar-interferometry-for-digital-elevation-model-generation-and-differential-applications\/","title":{"rendered":"Sar interferometry for digital elevation model generation and differential applications."},"content":{"rendered":"<h2>Tesis doctoral de <strong> Daniel Emilio Carrasco Diaz <\/strong><\/h2>\n<p>La posibilidad de explorar la fase de las im\u00e1genes sar mediante interferometr\u00eda se ha convertido en la aplicaci\u00f3n estrella de los sat\u00e9lites ers-1\/2 de la agencia espacial europea. esta t\u00e9cnica permite la obtenci\u00f3n de modelos digitales del terreno (dems) y la detecci\u00f3n de movimientos milim\u00e9tricos del suelo desde sat\u00e9lite.  ir m\u00e1s all\u00e1 de la mera demostraci\u00f3n de las posiblidades de la t\u00e9cnica sobre \u00e1reas peque\u00f1as implica desarrollar nuevos m\u00e9todos de procesado adaptativos controlando en todo momento la fidelidad de la geometr\u00eda y estudiando las posibles fuentes de error. se ha profundizado sobre las tres limitaciones de la t\u00e9cnica que son la p\u00e9rdida de coherencia, el desenrollado de fase bidimensional y las perturbaciones atmosf\u00e9ricas.  se han estudiado t\u00e9cnicas avanzadas de procesado con m\u00faltiples im\u00e1genes profundizando en el efecto de propagaci\u00f3n atmosf\u00e9rica diferencial y su impacto sobre la generaci\u00f3n de modelos digitales del terreno as\u00ed comola manera de corregirlos, que es un tema de m\u00e1ximo inter\u00e9s en este momento.<\/p>\n<p>&nbsp;<\/p>\n<h3>Datos acad\u00e9micos de la tesis doctoral \u00ab<strong>Sar interferometry for digital elevation model generation and differential applications.<\/strong>\u00ab<\/h3>\n<ul>\n<li><strong>T\u00edtulo de la tesis:<\/strong>\u00a0 Sar interferometry for digital elevation model generation and differential applications. <\/li>\n<li><strong>Autor:<\/strong>\u00a0 Daniel Emilio Carrasco Diaz <\/li>\n<li><strong>Universidad:<\/strong>\u00a0 Polit\u00e9cnica de catalunya<\/li>\n<li><strong>Fecha de lectura de la tesis:<\/strong>\u00a0 01\/01\/1998<\/li>\n<\/ul>\n<p>&nbsp;<\/p>\n<h3>Direcci\u00f3n y tribunal<\/h3>\n<ul>\n<li><strong>Director de la tesis<\/strong>\n<ul>\n<li>Antoni Broquetas Ibars<\/li>\n<\/ul>\n<\/li>\n<li><strong>Tribunal<\/strong>\n<ul>\n<li>Presidente del tribunal: antoni Elias fuste <\/li>\n<li>Alberto Moreira (vocal)<\/li>\n<li>julio Guti\u00e9rrez r\u00edos (vocal)<\/li>\n<li>Antonio Martinez lobo (vocal)<\/li>\n<\/ul>\n<\/li>\n<\/ul>\n<p>&nbsp;<\/p>\n","protected":false},"excerpt":{"rendered":"<p>Tesis doctoral de Daniel Emilio Carrasco Diaz La posibilidad de explorar la fase de las im\u00e1genes sar mediante interferometr\u00eda se [&hellip;]<\/p>\n","protected":false},"author":1,"featured_media":0,"comment_status":"open","ping_status":"open","sticky":false,"template":"","format":"standard","meta":{"site-sidebar-layout":"default","site-content-layout":"","ast-site-content-layout":"","site-content-style":"default","site-sidebar-style":"default","ast-global-header-display":"","ast-banner-title-visibility":"","ast-main-header-display":"","ast-hfb-above-header-display":"","ast-hfb-below-header-display":"","ast-hfb-mobile-header-display":"","site-post-title":"","ast-breadcrumbs-content":"","ast-featured-img":"","footer-sml-layout":"","theme-transparent-header-meta":"","adv-header-id-meta":"","stick-header-meta":"","header-above-stick-meta":"","header-main-stick-meta":"","header-below-stick-meta":"","astra-migrate-meta-layouts":"default","ast-page-background-enabled":"default","ast-page-background-meta":{"desktop":{"background-color":"var(--ast-global-color-4)","background-image":"","background-repeat":"repeat","background-position":"center center","background-size":"auto","background-attachment":"scroll","background-type":"","background-media":"","overlay-type":"","overlay-color":"","overlay-gradient":""},"tablet":{"background-color":"","background-image":"","background-repeat":"repeat","background-position":"center center","background-size":"auto","background-attachment":"scroll","background-type":"","background-media":"","overlay-type":"","overlay-color":"","overlay-gradient":""},"mobile":{"background-color":"","background-image":"","background-repeat":"repeat","background-position":"center center","background-size":"auto","background-attachment":"scroll","background-type":"","background-media":"","overlay-type":"","overlay-color":"","overlay-gradient":""}},"ast-content-background-meta":{"desktop":{"background-color":"var(--ast-global-color-5)","background-image":"","background-repeat":"repeat","background-position":"center center","background-size":"auto","background-attachment":"scroll","background-type":"","background-media":"","overlay-type":"","overlay-color":"","overlay-gradient":""},"tablet":{"background-color":"var(--ast-global-color-5)","background-image":"","background-repeat":"repeat","background-position":"center center","background-size":"auto","background-attachment":"scroll","background-type":"","background-media":"","overlay-type":"","overlay-color":"","overlay-gradient":""},"mobile":{"background-color":"var(--ast-global-color-5)","background-image":"","background-repeat":"repeat","background-position":"center center","background-size":"auto","background-attachment":"scroll","background-type":"","background-media":"","overlay-type":"","overlay-color":"","overlay-gradient":""}},"footnotes":""},"categories":[332,15596,10684,2489],"tags":[97159,15598,80030,97160,97158,866],"class_list":["post-36812","post","type-post","status-publish","format-standard","hentry","category-ciencias-tecnologicas","category-politecnica-de-catalunya","category-redes-de-comunicaciones","category-tecnologia-de-las-telecomunicaciones","tag-alberto-moreira","tag-antoni-broquetas-ibars","tag-antoni-elias-fuste","tag-antonio-Martinez-lobo","tag-daniel-emilio-carrasco-diaz","tag-julio-gutierrez-rios"],"_links":{"self":[{"href":"https:\/\/www.deberes.net\/tesis\/wp-json\/wp\/v2\/posts\/36812","targetHints":{"allow":["GET"]}}],"collection":[{"href":"https:\/\/www.deberes.net\/tesis\/wp-json\/wp\/v2\/posts"}],"about":[{"href":"https:\/\/www.deberes.net\/tesis\/wp-json\/wp\/v2\/types\/post"}],"author":[{"embeddable":true,"href":"https:\/\/www.deberes.net\/tesis\/wp-json\/wp\/v2\/users\/1"}],"replies":[{"embeddable":true,"href":"https:\/\/www.deberes.net\/tesis\/wp-json\/wp\/v2\/comments?post=36812"}],"version-history":[{"count":0,"href":"https:\/\/www.deberes.net\/tesis\/wp-json\/wp\/v2\/posts\/36812\/revisions"}],"wp:attachment":[{"href":"https:\/\/www.deberes.net\/tesis\/wp-json\/wp\/v2\/media?parent=36812"}],"wp:term":[{"taxonomy":"category","embeddable":true,"href":"https:\/\/www.deberes.net\/tesis\/wp-json\/wp\/v2\/categories?post=36812"},{"taxonomy":"post_tag","embeddable":true,"href":"https:\/\/www.deberes.net\/tesis\/wp-json\/wp\/v2\/tags?post=36812"}],"curies":[{"name":"wp","href":"https:\/\/api.w.org\/{rel}","templated":true}]}}