{"id":36862,"date":"1998-01-01T00:00:00","date_gmt":"1998-01-01T00:00:00","guid":{"rendered":"https:\/\/www.deberes.net\/tesis\/sin-categoria\/el-monte-bajo-de-castano-en-asturias-alternativas-selvicolas\/"},"modified":"1998-01-01T00:00:00","modified_gmt":"1998-01-01T00:00:00","slug":"el-monte-bajo-de-castano-en-asturias-alternativas-selvicolas","status":"publish","type":"post","link":"https:\/\/www.deberes.net\/tesis\/ciencias-agrarias\/el-monte-bajo-de-castano-en-asturias-alternativas-selvicolas\/","title":{"rendered":"El monte bajo de casta\u00f1o en asturias: alternativas selvicolas."},"content":{"rendered":"<h2>Tesis doctoral de <strong> Miguel Cabrera Bonet <\/strong><\/h2>\n<p>Se analiza la situaci\u00f3n actual de los montes bajos de casta\u00f1o en asturias y se estudia la problem\u00e1tica que les afecta en la actualidad. Como consecuencia de los importantes problemas de enfermedades causadas por hongos y la escasa o nula selvicultura que se les aplica en la actualidad, se decide elaborar unas tablas de producci\u00f3n de selvicultura observada y, como consecuencia, proponer una nueva selvicultura, con sus correspondientes tablas.  despu\u00e9s de establecer y medir un elevado n\u00famero de parcelas representativas de todas las edades y calidades existentes en asturias, se definen criterios cuantitativos para medir la calidad de estaci\u00f3n y se procede a la asignaci\u00f3n final de calidades a todas las parcelas. Posteriormente, se elaboran unas tablas de producci\u00f3n de selvicultura observada. Teniendo en cuenta que la selvicultura observada es mejorable, se propone una nueva, m\u00e1s intensiva, para mejorar la calidad de los productos finales y reducir los problemas de enfermedades, y se construyen unas tablas de producci\u00f3n para la misma. Asimismo, se establece, o se propone el establecimiento de una red experimental de parcelas para cuantificar realmente los efectos de la selvicultura propuesta.<\/p>\n<p>&nbsp;<\/p>\n<h3>Datos acad\u00e9micos de la tesis doctoral \u00ab<strong>El monte bajo de casta\u00f1o en asturias: alternativas selvicolas.<\/strong>\u00ab<\/h3>\n<ul>\n<li><strong>T\u00edtulo de la tesis:<\/strong>\u00a0 El monte bajo de casta\u00f1o en asturias: alternativas selvicolas. <\/li>\n<li><strong>Autor:<\/strong>\u00a0 Miguel Cabrera Bonet <\/li>\n<li><strong>Universidad:<\/strong>\u00a0 Polit\u00e9cnica de Madrid<\/li>\n<li><strong>Fecha de lectura de la tesis:<\/strong>\u00a0 01\/01\/1998<\/li>\n<\/ul>\n<p>&nbsp;<\/p>\n<h3>Direcci\u00f3n y tribunal<\/h3>\n<ul>\n<li><strong>Director de la tesis<\/strong>\n<ul>\n<li>Alberto Madrigal Collazo<\/li>\n<\/ul>\n<\/li>\n<li><strong>Tribunal<\/strong>\n<ul>\n<li>Presidente del tribunal: Rafael Serrada Hierro <\/li>\n<li>Bego\u00f1a Abellanas Oar (vocal)<\/li>\n<li>Javier Martinez Millan (vocal)<\/li>\n<li>Alberto Rojo Alboreca (vocal)<\/li>\n<\/ul>\n<\/li>\n<\/ul>\n<p>&nbsp;<\/p>\n","protected":false},"excerpt":{"rendered":"<p>Tesis doctoral de Miguel Cabrera Bonet Se analiza la situaci\u00f3n actual de los montes bajos de casta\u00f1o en asturias y [&hellip;]<\/p>\n","protected":false},"author":1,"featured_media":0,"comment_status":"open","ping_status":"open","sticky":false,"template":"","format":"standard","meta":{"site-sidebar-layout":"default","site-content-layout":"","ast-site-content-layout":"","site-content-style":"default","site-sidebar-style":"default","ast-global-header-display":"","ast-banner-title-visibility":"","ast-main-header-display":"","ast-hfb-above-header-display":"","ast-hfb-below-header-display":"","ast-hfb-mobile-header-display":"","site-post-title":"","ast-breadcrumbs-content":"","ast-featured-img":"","footer-sml-layout":"","theme-transparent-header-meta":"","adv-header-id-meta":"","stick-header-meta":"","header-above-stick-meta":"","header-main-stick-meta":"","header-below-stick-meta":"","astra-migrate-meta-layouts":"default","ast-page-background-enabled":"default","ast-page-background-meta":{"desktop":{"background-color":"var(--ast-global-color-4)","background-image":"","background-repeat":"repeat","background-position":"center center","background-size":"auto","background-attachment":"scroll","background-type":"","background-media":"","overlay-type":"","overlay-color":"","overlay-gradient":""},"tablet":{"background-color":"","background-image":"","background-repeat":"repeat","background-position":"center center","background-size":"auto","background-attachment":"scroll","background-type":"","background-media":"","overlay-type":"","overlay-color":"","overlay-gradient":""},"mobile":{"background-color":"","background-image":"","background-repeat":"repeat","background-position":"center center","background-size":"auto","background-attachment":"scroll","background-type":"","background-media":"","overlay-type":"","overlay-color":"","overlay-gradient":""}},"ast-content-background-meta":{"desktop":{"background-color":"var(--ast-global-color-5)","background-image":"","background-repeat":"repeat","background-position":"center center","background-size":"auto","background-attachment":"scroll","background-type":"","background-media":"","overlay-type":"","overlay-color":"","overlay-gradient":""},"tablet":{"background-color":"var(--ast-global-color-5)","background-image":"","background-repeat":"repeat","background-position":"center center","background-size":"auto","background-attachment":"scroll","background-type":"","background-media":"","overlay-type":"","overlay-color":"","overlay-gradient":""},"mobile":{"background-color":"var(--ast-global-color-5)","background-image":"","background-repeat":"repeat","background-position":"center center","background-size":"auto","background-attachment":"scroll","background-type":"","background-media":"","overlay-type":"","overlay-color":"","overlay-gradient":""}},"footnotes":""},"categories":[494,2002,2429,16008,13119],"tags":[15226,16524,20797,16526,97262,20919],"class_list":["post-36862","post","type-post","status-publish","format-standard","hentry","category-ciencias-agrarias","category-florestas","category-ordenacion-de-montes","category-politecnica-de-madrid","category-silvicultura","tag-alberto-madrigal-collazo","tag-alberto-rojo-alboreca","tag-begona-abellanas-oar","tag-javier-Martinez-millan","tag-miguel-cabrera-bonet","tag-rafael-serrada-hierro"],"_links":{"self":[{"href":"https:\/\/www.deberes.net\/tesis\/wp-json\/wp\/v2\/posts\/36862","targetHints":{"allow":["GET"]}}],"collection":[{"href":"https:\/\/www.deberes.net\/tesis\/wp-json\/wp\/v2\/posts"}],"about":[{"href":"https:\/\/www.deberes.net\/tesis\/wp-json\/wp\/v2\/types\/post"}],"author":[{"embeddable":true,"href":"https:\/\/www.deberes.net\/tesis\/wp-json\/wp\/v2\/users\/1"}],"replies":[{"embeddable":true,"href":"https:\/\/www.deberes.net\/tesis\/wp-json\/wp\/v2\/comments?post=36862"}],"version-history":[{"count":0,"href":"https:\/\/www.deberes.net\/tesis\/wp-json\/wp\/v2\/posts\/36862\/revisions"}],"wp:attachment":[{"href":"https:\/\/www.deberes.net\/tesis\/wp-json\/wp\/v2\/media?parent=36862"}],"wp:term":[{"taxonomy":"category","embeddable":true,"href":"https:\/\/www.deberes.net\/tesis\/wp-json\/wp\/v2\/categories?post=36862"},{"taxonomy":"post_tag","embeddable":true,"href":"https:\/\/www.deberes.net\/tesis\/wp-json\/wp\/v2\/tags?post=36862"}],"curies":[{"name":"wp","href":"https:\/\/api.w.org\/{rel}","templated":true}]}}