{"id":36942,"date":"1998-01-01T00:00:00","date_gmt":"1998-01-01T00:00:00","guid":{"rendered":"https:\/\/www.deberes.net\/tesis\/sin-categoria\/anatomia-de-maderas-de-coniferas-a-nivel-de-especie-region-norteamericana-y-europea\/"},"modified":"1998-01-01T00:00:00","modified_gmt":"1998-01-01T00:00:00","slug":"anatomia-de-maderas-de-coniferas-a-nivel-de-especie-region-norteamericana-y-europea","status":"publish","type":"post","link":"https:\/\/www.deberes.net\/tesis\/ciencias-tecnologicas\/anatomia-de-maderas-de-coniferas-a-nivel-de-especie-region-norteamericana-y-europea\/","title":{"rendered":"Anatomia de maderas de coniferas a nivel de especie. region norteamericana y europea."},"content":{"rendered":"<h2>Tesis doctoral de <strong>  Palacios De Palacios Paloma <\/strong><\/h2>\n<p>En esta tesis doctoral se han establecido los caracteres de las maderas de con\u00edferas de las regiones norteamericana y europea.  para ello se han realizado las correspondientes preparaciones microsc\u00f3picas de aquellas especies no descritas adecuadamente y de aquellas cuya descripci\u00f3n no es adecuada para su inclusi\u00f3n en la clave de identificaci\u00f3n.  se han diferenciado los caracteres anat\u00f3micos caracter\u00edsticos de todas las especies y se ha realizado una clave de identificaci\u00f3n que permite separar cualquier especie de las regiones citadas.  la clave agrupa los elementos en seis grupos, atendiendo a caracteres espec\u00edficos: traqueidas, par\u00e9nquima longitudinal, radios le\u00f1osos, canales resin\u00edferos, regiones forestales y otros caracteres.<\/p>\n<p>&nbsp;<\/p>\n<h3>Datos acad\u00e9micos de la tesis doctoral \u00ab<strong>Anatomia de maderas de coniferas a nivel de especie. region norteamericana y europea.<\/strong>\u00ab<\/h3>\n<ul>\n<li><strong>T\u00edtulo de la tesis:<\/strong>\u00a0 Anatomia de maderas de coniferas a nivel de especie. region norteamericana y europea. <\/li>\n<li><strong>Autor:<\/strong>\u00a0  Palacios De Palacios Paloma <\/li>\n<li><strong>Universidad:<\/strong>\u00a0 Polit\u00e9cnica de Madrid<\/li>\n<li><strong>Fecha de lectura de la tesis:<\/strong>\u00a0 01\/01\/1998<\/li>\n<\/ul>\n<p>&nbsp;<\/p>\n<h3>Direcci\u00f3n y tribunal<\/h3>\n<ul>\n<li><strong>Director de la tesis<\/strong>\n<ul>\n<li>Luis Garc\u00eda Esteban<\/li>\n<\/ul>\n<\/li>\n<li><strong>Tribunal<\/strong>\n<ul>\n<li>Presidente del tribunal: C\u00e9sar Peraza Oramas <\/li>\n<li>Antonio Guti\u00e9rrez Oliva (vocal)<\/li>\n<li>Jos\u00e9 Antonio Rodriguez Barreal (vocal)<\/li>\n<li> Fernandez Golfin Juan  Ignacio (vocal)<\/li>\n<\/ul>\n<\/li>\n<\/ul>\n<p>&nbsp;<\/p>\n","protected":false},"excerpt":{"rendered":"<p>Tesis doctoral de Palacios De Palacios Paloma En esta tesis doctoral se han establecido los caracteres de las maderas de [&hellip;]<\/p>\n","protected":false},"author":1,"featured_media":0,"comment_status":"open","ping_status":"open","sticky":false,"template":"","format":"standard","meta":{"site-sidebar-layout":"default","site-content-layout":"","ast-site-content-layout":"","site-content-style":"default","site-sidebar-style":"default","ast-global-header-display":"","ast-banner-title-visibility":"","ast-main-header-display":"","ast-hfb-above-header-display":"","ast-hfb-below-header-display":"","ast-hfb-mobile-header-display":"","site-post-title":"","ast-breadcrumbs-content":"","ast-featured-img":"","footer-sml-layout":"","theme-transparent-header-meta":"","adv-header-id-meta":"","stick-header-meta":"","header-above-stick-meta":"","header-main-stick-meta":"","header-below-stick-meta":"","astra-migrate-meta-layouts":"default","ast-page-background-enabled":"default","ast-page-background-meta":{"desktop":{"background-color":"var(--ast-global-color-4)","background-image":"","background-repeat":"repeat","background-position":"center center","background-size":"auto","background-attachment":"scroll","background-type":"","background-media":"","overlay-type":"","overlay-color":"","overlay-gradient":""},"tablet":{"background-color":"","background-image":"","background-repeat":"repeat","background-position":"center center","background-size":"auto","background-attachment":"scroll","background-type":"","background-media":"","overlay-type":"","overlay-color":"","overlay-gradient":""},"mobile":{"background-color":"","background-image":"","background-repeat":"repeat","background-position":"center center","background-size":"auto","background-attachment":"scroll","background-type":"","background-media":"","overlay-type":"","overlay-color":"","overlay-gradient":""}},"ast-content-background-meta":{"desktop":{"background-color":"var(--ast-global-color-5)","background-image":"","background-repeat":"repeat","background-position":"center center","background-size":"auto","background-attachment":"scroll","background-type":"","background-media":"","overlay-type":"","overlay-color":"","overlay-gradient":""},"tablet":{"background-color":"var(--ast-global-color-5)","background-image":"","background-repeat":"repeat","background-position":"center center","background-size":"auto","background-attachment":"scroll","background-type":"","background-media":"","overlay-type":"","overlay-color":"","overlay-gradient":""},"mobile":{"background-color":"var(--ast-global-color-5)","background-image":"","background-repeat":"repeat","background-position":"center center","background-size":"auto","background-attachment":"scroll","background-type":"","background-media":"","overlay-type":"","overlay-color":"","overlay-gradient":""}},"footnotes":""},"categories":[332,30593,16008,4306,2790,1126],"tags":[16340,47790,97369,16443,30595,86838],"class_list":["post-36942","post","type-post","status-publish","format-standard","hentry","category-ciencias-tecnologicas","category-construcciones-de-madera","category-politecnica-de-madrid","category-tecnologia-de-la-construccion","category-tecnologia-de-la-madera","category-tecnologia-de-materiales","tag-antonio-gutierrez-oliva","tag-cesar-peraza-oramas","tag-fernandez-golfin-juan-ignacio","tag-jose-antonio-rodriguez-barreal","tag-luis-garcia-esteban","tag-palacios-de-palacios-paloma"],"_links":{"self":[{"href":"https:\/\/www.deberes.net\/tesis\/wp-json\/wp\/v2\/posts\/36942","targetHints":{"allow":["GET"]}}],"collection":[{"href":"https:\/\/www.deberes.net\/tesis\/wp-json\/wp\/v2\/posts"}],"about":[{"href":"https:\/\/www.deberes.net\/tesis\/wp-json\/wp\/v2\/types\/post"}],"author":[{"embeddable":true,"href":"https:\/\/www.deberes.net\/tesis\/wp-json\/wp\/v2\/users\/1"}],"replies":[{"embeddable":true,"href":"https:\/\/www.deberes.net\/tesis\/wp-json\/wp\/v2\/comments?post=36942"}],"version-history":[{"count":0,"href":"https:\/\/www.deberes.net\/tesis\/wp-json\/wp\/v2\/posts\/36942\/revisions"}],"wp:attachment":[{"href":"https:\/\/www.deberes.net\/tesis\/wp-json\/wp\/v2\/media?parent=36942"}],"wp:term":[{"taxonomy":"category","embeddable":true,"href":"https:\/\/www.deberes.net\/tesis\/wp-json\/wp\/v2\/categories?post=36942"},{"taxonomy":"post_tag","embeddable":true,"href":"https:\/\/www.deberes.net\/tesis\/wp-json\/wp\/v2\/tags?post=36942"}],"curies":[{"name":"wp","href":"https:\/\/api.w.org\/{rel}","templated":true}]}}