{"id":36947,"date":"1998-01-01T00:00:00","date_gmt":"1998-01-01T00:00:00","guid":{"rendered":"https:\/\/www.deberes.net\/tesis\/sin-categoria\/comercio-internacional-de-pasta-de-madera-un-analisis-historico-y-tendencias-futuras\/"},"modified":"1998-01-01T00:00:00","modified_gmt":"1998-01-01T00:00:00","slug":"comercio-internacional-de-pasta-de-madera-un-analisis-historico-y-tendencias-futuras","status":"publish","type":"post","link":"https:\/\/www.deberes.net\/tesis\/ciencias-economicas\/comercio-internacional-de-pasta-de-madera-un-analisis-historico-y-tendencias-futuras\/","title":{"rendered":"Comercio internacional de pasta de madera: un analisis historico y tendencias futuras."},"content":{"rendered":"<h2>Tesis doctoral de <strong>  Ponce Donoso Hernan Mauricio <\/strong><\/h2>\n<p>Se ha presentado una modelizaci\u00f3n del mercado internacional de pasta de madera qu\u00edmica, sin blanquear y blanqueada, que permite, para el horizonte de los a\u00f1os 2005 y 2010, estimar los flujos comerciales entre los pa\u00edses explotadores e importadores m\u00e1s significativos, al plantear distintas hip\u00f3tesis en la evoluci\u00f3n del mercado:  (1) que no existan cambios, (2) que se incrementen o reduzcan, substancialmente, los precios (30 por ciento), (3) que se produzcan aumentos o disminuciones esencialmente en los niveles de producci\u00f3n (20 por ciento), (4) que se produzca un aumento del 30 por ciento en los costos de transporte, y (5) que se eliminen las tarifas arancelarias.  se han obtenido los flujos comerciales para las distintas hip\u00f3tesis. Las situaciones que repercuten en mayor grado en el comercio internacional son los posibles cambios en los patrones de producci\u00f3n.<\/p>\n<p>&nbsp;<\/p>\n<h3>Datos acad\u00e9micos de la tesis doctoral \u00ab<strong>Comercio internacional de pasta de madera: un analisis historico y tendencias futuras.<\/strong>\u00ab<\/h3>\n<ul>\n<li><strong>T\u00edtulo de la tesis:<\/strong>\u00a0 Comercio internacional de pasta de madera: un analisis historico y tendencias futuras. <\/li>\n<li><strong>Autor:<\/strong>\u00a0  Ponce Donoso Hernan Mauricio <\/li>\n<li><strong>Universidad:<\/strong>\u00a0 Polit\u00e9cnica de Madrid<\/li>\n<li><strong>Fecha de lectura de la tesis:<\/strong>\u00a0 01\/01\/1998<\/li>\n<\/ul>\n<p>&nbsp;<\/p>\n<h3>Direcci\u00f3n y tribunal<\/h3>\n<ul>\n<li><strong>Director de la tesis<\/strong>\n<ul>\n<li> Fernandez Cavada Labat Jos\u00e9 Luis<\/li>\n<\/ul>\n<\/li>\n<li><strong>Tribunal<\/strong>\n<ul>\n<li>Presidente del tribunal:  Martinez Falero Jos\u00e9 Eugenio <\/li>\n<li>Aurelia Mondrego Rico (vocal)<\/li>\n<li>Luis Sierra Granados (vocal)<\/li>\n<li>Luis Acu\u00f1a Rello (vocal)<\/li>\n<\/ul>\n<\/li>\n<\/ul>\n<p>&nbsp;<\/p>\n","protected":false},"excerpt":{"rendered":"<p>Tesis doctoral de Ponce Donoso Hernan Mauricio Se ha presentado una modelizaci\u00f3n del mercado internacional de pasta de madera qu\u00edmica, [&hellip;]<\/p>\n","protected":false},"author":1,"featured_media":0,"comment_status":"open","ping_status":"open","sticky":false,"template":"","format":"standard","meta":{"site-sidebar-layout":"default","site-content-layout":"","ast-site-content-layout":"","site-content-style":"default","site-sidebar-style":"default","ast-global-header-display":"","ast-banner-title-visibility":"","ast-main-header-display":"","ast-hfb-above-header-display":"","ast-hfb-below-header-display":"","ast-hfb-mobile-header-display":"","site-post-title":"","ast-breadcrumbs-content":"","ast-featured-img":"","footer-sml-layout":"","theme-transparent-header-meta":"","adv-header-id-meta":"","stick-header-meta":"","header-above-stick-meta":"","header-main-stick-meta":"","header-below-stick-meta":"","astra-migrate-meta-layouts":"default","ast-page-background-enabled":"default","ast-page-background-meta":{"desktop":{"background-color":"var(--ast-global-color-4)","background-image":"","background-repeat":"repeat","background-position":"center center","background-size":"auto","background-attachment":"scroll","background-type":"","background-media":"","overlay-type":"","overlay-color":"","overlay-gradient":""},"tablet":{"background-color":"","background-image":"","background-repeat":"repeat","background-position":"center center","background-size":"auto","background-attachment":"scroll","background-type":"","background-media":"","overlay-type":"","overlay-color":"","overlay-gradient":""},"mobile":{"background-color":"","background-image":"","background-repeat":"repeat","background-position":"center center","background-size":"auto","background-attachment":"scroll","background-type":"","background-media":"","overlay-type":"","overlay-color":"","overlay-gradient":""}},"ast-content-background-meta":{"desktop":{"background-color":"var(--ast-global-color-5)","background-image":"","background-repeat":"repeat","background-position":"center center","background-size":"auto","background-attachment":"scroll","background-type":"","background-media":"","overlay-type":"","overlay-color":"","overlay-gradient":""},"tablet":{"background-color":"var(--ast-global-color-5)","background-image":"","background-repeat":"repeat","background-position":"center center","background-size":"auto","background-attachment":"scroll","background-type":"","background-media":"","overlay-type":"","overlay-color":"","overlay-gradient":""},"mobile":{"background-color":"var(--ast-global-color-5)","background-image":"","background-repeat":"repeat","background-position":"center center","background-size":"auto","background-attachment":"scroll","background-type":"","background-media":"","overlay-type":"","overlay-color":"","overlay-gradient":""}},"footnotes":""},"categories":[82,963,16008,935,377],"tags":[97379,16457,5061,86396,78485,97378],"class_list":["post-36947","post","type-post","status-publish","format-standard","hentry","category-ciencias-economicas","category-economia-sectorial","category-politecnica-de-madrid","category-sector-de-agricultura-silvicultura-ganaderia-y-pesca","category-sector-de-negocios-y-comercio","tag-aurelia-mondrego-rico","tag-fernandez-cavada-labat-jose-luis","tag-luis-acuna-rello","tag-luis-sierra-granados","tag-Martinez-falero-jose-eugenio","tag-ponce-donoso-hernan-mauricio"],"_links":{"self":[{"href":"https:\/\/www.deberes.net\/tesis\/wp-json\/wp\/v2\/posts\/36947","targetHints":{"allow":["GET"]}}],"collection":[{"href":"https:\/\/www.deberes.net\/tesis\/wp-json\/wp\/v2\/posts"}],"about":[{"href":"https:\/\/www.deberes.net\/tesis\/wp-json\/wp\/v2\/types\/post"}],"author":[{"embeddable":true,"href":"https:\/\/www.deberes.net\/tesis\/wp-json\/wp\/v2\/users\/1"}],"replies":[{"embeddable":true,"href":"https:\/\/www.deberes.net\/tesis\/wp-json\/wp\/v2\/comments?post=36947"}],"version-history":[{"count":0,"href":"https:\/\/www.deberes.net\/tesis\/wp-json\/wp\/v2\/posts\/36947\/revisions"}],"wp:attachment":[{"href":"https:\/\/www.deberes.net\/tesis\/wp-json\/wp\/v2\/media?parent=36947"}],"wp:term":[{"taxonomy":"category","embeddable":true,"href":"https:\/\/www.deberes.net\/tesis\/wp-json\/wp\/v2\/categories?post=36947"},{"taxonomy":"post_tag","embeddable":true,"href":"https:\/\/www.deberes.net\/tesis\/wp-json\/wp\/v2\/tags?post=36947"}],"curies":[{"name":"wp","href":"https:\/\/api.w.org\/{rel}","templated":true}]}}