{"id":36989,"date":"1998-01-01T00:00:00","date_gmt":"1998-01-01T00:00:00","guid":{"rendered":"https:\/\/www.deberes.net\/tesis\/sin-categoria\/el-capitan-general-de-canarias-en-el-siglo-xviii\/"},"modified":"1998-01-01T00:00:00","modified_gmt":"1998-01-01T00:00:00","slug":"el-capitan-general-de-canarias-en-el-siglo-xviii","status":"publish","type":"post","link":"https:\/\/www.deberes.net\/tesis\/historia\/el-capitan-general-de-canarias-en-el-siglo-xviii\/","title":{"rendered":"El capitan general de canarias en el siglo xviii."},"content":{"rendered":"<h2>Tesis doctoral de <strong> Dolores Alamo Martel <\/strong><\/h2>\n<p>Al estudiar la capitan\u00eda general de canarias en el siglo xviii, hemos analizado la realidad jur\u00eddica, pol\u00edtica y administrativa de una instituci\u00f3n de gran trascendencia para la historia de canarias, sin cuya existencia no es posible comprender el devenir de una amplia etapa de nuestro pasado.  la investigaci\u00f3n analiza el c\u00e9nit institucional que alcanza la figura del capit\u00e1n general y gobernador-presidente de la real audiencia de canarias en la centuria del setecientos, coincidiendo con el desarrollo del absolutismo mon\u00e1rquico, que se exterioriza a trav\u00e9s de una pol\u00edtica de rigurosa centralizaci\u00f3n y racionalizaci\u00f3n administrativa. Esta pol\u00edtica, considerada por numerosos autores de fuerte base militar, tiene su efecto reflejo en el representante directo del poder real en las islas, quien evoluciona hacia una fase de vis expansiva, hasta alcanzar la cota m\u00e1s alta de su autoridad. Y ello, a costa de otras instituciones como la real audiencia y los cabildos, que son testigos impotentes de su decadencia.  en definitiva, la presente tesis doctoral intenta un estudio de la figura del capit\u00e1n general como suprema autoridad castrense del archipi\u00e9lago, describi\u00e9ndose el proceso de acaparaci\u00f3n de competencias militares que eran ejercidas por otras instituciones de car\u00e1cter eminentemente civil. Pol\u00edtica que es auspiciada por el poder central con el fin de llevar al jefe militar a lo m\u00e1s elevado del poder en el \u00e1mbito castrense.<\/p>\n<p>&nbsp;<\/p>\n<h3>Datos acad\u00e9micos de la tesis doctoral \u00ab<strong>El capitan general de canarias en el siglo xviii.<\/strong>\u00ab<\/h3>\n<ul>\n<li><strong>T\u00edtulo de la tesis:<\/strong>\u00a0 El capitan general de canarias en el siglo xviii. <\/li>\n<li><strong>Autor:<\/strong>\u00a0 Dolores Alamo Martel <\/li>\n<li><strong>Universidad:<\/strong>\u00a0 Palmas de gran canaria<\/li>\n<li><strong>Fecha de lectura de la tesis:<\/strong>\u00a0 01\/01\/1998<\/li>\n<\/ul>\n<p>&nbsp;<\/p>\n<h3>Direcci\u00f3n y tribunal<\/h3>\n<ul>\n<li><strong>Director de la tesis<\/strong>\n<ul>\n<li>Jos\u00e9 Antonio Escudero Lopez<\/li>\n<\/ul>\n<\/li>\n<li><strong>Tribunal<\/strong>\n<ul>\n<li>Presidente del tribunal: Ricardo Gomez Rivero <\/li>\n<li>Juan  Carlos Dominguez Nafria (vocal)<\/li>\n<li> Sevilla Gonzalez Mar\u00eda  Del Carmen (vocal)<\/li>\n<li>Emiliano Gonz\u00e1lez D\u00edez (vocal)<\/li>\n<\/ul>\n<\/li>\n<\/ul>\n<p>&nbsp;<\/p>\n","protected":false},"excerpt":{"rendered":"<p>Tesis doctoral de Dolores Alamo Martel Al estudiar la capitan\u00eda general de canarias en el siglo xviii, hemos analizado la [&hellip;]<\/p>\n","protected":false},"author":1,"featured_media":0,"comment_status":"open","ping_status":"open","sticky":false,"template":"","format":"standard","meta":{"site-sidebar-layout":"default","site-content-layout":"","ast-site-content-layout":"","site-content-style":"default","site-sidebar-style":"default","ast-global-header-display":"","ast-banner-title-visibility":"","ast-main-header-display":"","ast-hfb-above-header-display":"","ast-hfb-below-header-display":"","ast-hfb-mobile-header-display":"","site-post-title":"","ast-breadcrumbs-content":"","ast-featured-img":"","footer-sml-layout":"","theme-transparent-header-meta":"","adv-header-id-meta":"","stick-header-meta":"","header-above-stick-meta":"","header-main-stick-meta":"","header-below-stick-meta":"","astra-migrate-meta-layouts":"default","ast-page-background-enabled":"default","ast-page-background-meta":{"desktop":{"background-color":"var(--ast-global-color-4)","background-image":"","background-repeat":"repeat","background-position":"center center","background-size":"auto","background-attachment":"scroll","background-type":"","background-media":"","overlay-type":"","overlay-color":"","overlay-gradient":""},"tablet":{"background-color":"","background-image":"","background-repeat":"repeat","background-position":"center center","background-size":"auto","background-attachment":"scroll","background-type":"","background-media":"","overlay-type":"","overlay-color":"","overlay-gradient":""},"mobile":{"background-color":"","background-image":"","background-repeat":"repeat","background-position":"center center","background-size":"auto","background-attachment":"scroll","background-type":"","background-media":"","overlay-type":"","overlay-color":"","overlay-gradient":""}},"ast-content-background-meta":{"desktop":{"background-color":"var(--ast-global-color-5)","background-image":"","background-repeat":"repeat","background-position":"center center","background-size":"auto","background-attachment":"scroll","background-type":"","background-media":"","overlay-type":"","overlay-color":"","overlay-gradient":""},"tablet":{"background-color":"var(--ast-global-color-5)","background-image":"","background-repeat":"repeat","background-position":"center center","background-size":"auto","background-attachment":"scroll","background-type":"","background-media":"","overlay-type":"","overlay-color":"","overlay-gradient":""},"mobile":{"background-color":"var(--ast-global-color-5)","background-image":"","background-repeat":"repeat","background-position":"center center","background-size":"auto","background-attachment":"scroll","background-type":"","background-media":"","overlay-type":"","overlay-color":"","overlay-gradient":""}},"footnotes":""},"categories":[104,758,1015,220,222,16629],"tags":[97450,33454,18464,23180,18465,97451],"class_list":["post-36989","post","type-post","status-publish","format-standard","hentry","category-historia","category-historia-del-derecho-y-de-las-instituciones-juridicas","category-historia-moderna-del-area-europea","category-historia-por-epocas","category-historias-especializadas","category-palmas-de-gran-canaria","tag-dolores-alamo-martel","tag-emiliano-gonzalez-diez","tag-jose-antonio-escudero-lopez","tag-juan-carlos-dominguez-nafria","tag-ricardo-gomez-rivero","tag-sevilla-gonzalez-maria-del-carmen"],"_links":{"self":[{"href":"https:\/\/www.deberes.net\/tesis\/wp-json\/wp\/v2\/posts\/36989","targetHints":{"allow":["GET"]}}],"collection":[{"href":"https:\/\/www.deberes.net\/tesis\/wp-json\/wp\/v2\/posts"}],"about":[{"href":"https:\/\/www.deberes.net\/tesis\/wp-json\/wp\/v2\/types\/post"}],"author":[{"embeddable":true,"href":"https:\/\/www.deberes.net\/tesis\/wp-json\/wp\/v2\/users\/1"}],"replies":[{"embeddable":true,"href":"https:\/\/www.deberes.net\/tesis\/wp-json\/wp\/v2\/comments?post=36989"}],"version-history":[{"count":0,"href":"https:\/\/www.deberes.net\/tesis\/wp-json\/wp\/v2\/posts\/36989\/revisions"}],"wp:attachment":[{"href":"https:\/\/www.deberes.net\/tesis\/wp-json\/wp\/v2\/media?parent=36989"}],"wp:term":[{"taxonomy":"category","embeddable":true,"href":"https:\/\/www.deberes.net\/tesis\/wp-json\/wp\/v2\/categories?post=36989"},{"taxonomy":"post_tag","embeddable":true,"href":"https:\/\/www.deberes.net\/tesis\/wp-json\/wp\/v2\/tags?post=36989"}],"curies":[{"name":"wp","href":"https:\/\/api.w.org\/{rel}","templated":true}]}}