{"id":36990,"date":"1998-01-01T00:00:00","date_gmt":"1998-01-01T00:00:00","guid":{"rendered":"https:\/\/www.deberes.net\/tesis\/sin-categoria\/aflojamiento-mecanico-y-osteolisis-en-la-cadera-no-cementada-prophor\/"},"modified":"1998-01-01T00:00:00","modified_gmt":"1998-01-01T00:00:00","slug":"aflojamiento-mecanico-y-osteolisis-en-la-cadera-no-cementada-prophor","status":"publish","type":"post","link":"https:\/\/www.deberes.net\/tesis\/ciencias-medicas\/aflojamiento-mecanico-y-osteolisis-en-la-cadera-no-cementada-prophor\/","title":{"rendered":"Aflojamiento mecanico y osteolisis en la cadera no cementada prophor."},"content":{"rendered":"<h2>Tesis doctoral de <strong> Manuel Almenara Martinez <\/strong><\/h2>\n<p>Objetivo: profundizar en el conocimiento de la relaci\u00f3n hueso-implante estudiar el comportamiento del componente acetabular y femoral.  detectar los cambios cualitativos \u00f3seos en el espacio periprot\u00e9sico.  material y m\u00e9todo estudio restrospectivo de 60 pacientes con m\u00e9todos de valoraci\u00f3n cl\u00ednica, radiogr\u00e1fica y gammagr\u00e1fica, a los que se les insert\u00f3 una pr\u00f3tesis total de cadera modelo prophor, con un per\u00edodo de seguimiento de siete a\u00f1os.  resultados la osteointegraci\u00f3n se alcanz\u00f3 en el 56,6% de los v\u00e1stagos femorales y el 73,3% de los acet\u00e1bulos. Los resultados cl\u00ednicos globales eran excelentes, pero estos contrastaban con unos resultados radiol\u00f3gicos que mostraban claros signos de progresiva p\u00e9rdida de fijaci\u00f3n.  conclusiones los resultados obtenidos con la cadera prophor, no presenta a largo plazo unos buenos resultados. Es preciso mejorar los dise\u00f1os y la t\u00e9cnica de implantaci\u00f3n para una mayor durabilidad del modelo no cementado. En general, la fijaci\u00f3n no cementada de cadera se encuentra condicionada en el tiempo, debido a la existencia de fen\u00f3menos biol\u00f3gicos que limitan su durabilidad.<\/p>\n<p>&nbsp;<\/p>\n<h3>Datos acad\u00e9micos de la tesis doctoral \u00ab<strong>Aflojamiento mecanico y osteolisis en la cadera no cementada prophor.<\/strong>\u00ab<\/h3>\n<ul>\n<li><strong>T\u00edtulo de la tesis:<\/strong>\u00a0 Aflojamiento mecanico y osteolisis en la cadera no cementada prophor. <\/li>\n<li><strong>Autor:<\/strong>\u00a0 Manuel Almenara Martinez <\/li>\n<li><strong>Universidad:<\/strong>\u00a0 Palmas de gran canaria<\/li>\n<li><strong>Fecha de lectura de la tesis:<\/strong>\u00a0 01\/01\/1998<\/li>\n<\/ul>\n<p>&nbsp;<\/p>\n<h3>Direcci\u00f3n y tribunal<\/h3>\n<ul>\n<li><strong>Director de la tesis<\/strong>\n<ul>\n<li>Ricardo Navarro Garc\u00eda<\/li>\n<\/ul>\n<\/li>\n<li><strong>Tribunal<\/strong>\n<ul>\n<li>Presidente del tribunal: Harry Friend Sicilia <\/li>\n<li>Sebastian Rodriguez Hernandez (vocal)<\/li>\n<li>Eduardo Navarro Garcia (vocal)<\/li>\n<li>Jos\u00e9 Mar\u00eda Limi\u00f1ana Ca\u00f1al (vocal)<\/li>\n<\/ul>\n<\/li>\n<\/ul>\n<p>&nbsp;<\/p>\n","protected":false},"excerpt":{"rendered":"<p>Tesis doctoral de Manuel Almenara Martinez Objetivo: profundizar en el conocimiento de la relaci\u00f3n hueso-implante estudiar el comportamiento del componente [&hellip;]<\/p>\n","protected":false},"author":1,"featured_media":0,"comment_status":"open","ping_status":"open","sticky":false,"template":"","format":"standard","meta":{"site-sidebar-layout":"default","site-content-layout":"","ast-site-content-layout":"","site-content-style":"default","site-sidebar-style":"default","ast-global-header-display":"","ast-banner-title-visibility":"","ast-main-header-display":"","ast-hfb-above-header-display":"","ast-hfb-below-header-display":"","ast-hfb-mobile-header-display":"","site-post-title":"","ast-breadcrumbs-content":"","ast-featured-img":"","footer-sml-layout":"","theme-transparent-header-meta":"","adv-header-id-meta":"","stick-header-meta":"","header-above-stick-meta":"","header-main-stick-meta":"","header-below-stick-meta":"","astra-migrate-meta-layouts":"default","ast-page-background-enabled":"default","ast-page-background-meta":{"desktop":{"background-color":"var(--ast-global-color-4)","background-image":"","background-repeat":"repeat","background-position":"center center","background-size":"auto","background-attachment":"scroll","background-type":"","background-media":"","overlay-type":"","overlay-color":"","overlay-gradient":""},"tablet":{"background-color":"","background-image":"","background-repeat":"repeat","background-position":"center center","background-size":"auto","background-attachment":"scroll","background-type":"","background-media":"","overlay-type":"","overlay-color":"","overlay-gradient":""},"mobile":{"background-color":"","background-image":"","background-repeat":"repeat","background-position":"center center","background-size":"auto","background-attachment":"scroll","background-type":"","background-media":"","overlay-type":"","overlay-color":"","overlay-gradient":""}},"ast-content-background-meta":{"desktop":{"background-color":"var(--ast-global-color-5)","background-image":"","background-repeat":"repeat","background-position":"center center","background-size":"auto","background-attachment":"scroll","background-type":"","background-media":"","overlay-type":"","overlay-color":"","overlay-gradient":""},"tablet":{"background-color":"var(--ast-global-color-5)","background-image":"","background-repeat":"repeat","background-position":"center center","background-size":"auto","background-attachment":"scroll","background-type":"","background-media":"","overlay-type":"","overlay-color":"","overlay-gradient":""},"mobile":{"background-color":"var(--ast-global-color-5)","background-image":"","background-repeat":"repeat","background-position":"center center","background-size":"auto","background-attachment":"scroll","background-type":"","background-media":"","overlay-type":"","overlay-color":"","overlay-gradient":""}},"footnotes":""},"categories":[9,141,4233,16629],"tags":[8064,9935,70302,97452,40278,10027],"class_list":["post-36990","post","type-post","status-publish","format-standard","hentry","category-ciencias-medicas","category-cirugia","category-cirugia-ortopedica","category-palmas-de-gran-canaria","tag-eduardo-navarro-garcia","tag-harry-friend-sicilia","tag-jose-maria-liminana-canal","tag-manuel-almenara-Martinez","tag-ricardo-navarro-garcia","tag-sebastian-rodriguez-hernandez"],"_links":{"self":[{"href":"https:\/\/www.deberes.net\/tesis\/wp-json\/wp\/v2\/posts\/36990","targetHints":{"allow":["GET"]}}],"collection":[{"href":"https:\/\/www.deberes.net\/tesis\/wp-json\/wp\/v2\/posts"}],"about":[{"href":"https:\/\/www.deberes.net\/tesis\/wp-json\/wp\/v2\/types\/post"}],"author":[{"embeddable":true,"href":"https:\/\/www.deberes.net\/tesis\/wp-json\/wp\/v2\/users\/1"}],"replies":[{"embeddable":true,"href":"https:\/\/www.deberes.net\/tesis\/wp-json\/wp\/v2\/comments?post=36990"}],"version-history":[{"count":0,"href":"https:\/\/www.deberes.net\/tesis\/wp-json\/wp\/v2\/posts\/36990\/revisions"}],"wp:attachment":[{"href":"https:\/\/www.deberes.net\/tesis\/wp-json\/wp\/v2\/media?parent=36990"}],"wp:term":[{"taxonomy":"category","embeddable":true,"href":"https:\/\/www.deberes.net\/tesis\/wp-json\/wp\/v2\/categories?post=36990"},{"taxonomy":"post_tag","embeddable":true,"href":"https:\/\/www.deberes.net\/tesis\/wp-json\/wp\/v2\/tags?post=36990"}],"curies":[{"name":"wp","href":"https:\/\/api.w.org\/{rel}","templated":true}]}}