{"id":37035,"date":"1998-01-01T00:00:00","date_gmt":"1998-01-01T00:00:00","guid":{"rendered":"https:\/\/www.deberes.net\/tesis\/sin-categoria\/la-subasta-judicial\/"},"modified":"1998-01-01T00:00:00","modified_gmt":"1998-01-01T00:00:00","slug":"la-subasta-judicial","status":"publish","type":"post","link":"https:\/\/www.deberes.net\/tesis\/ciencias-juridicas-y-derecho\/la-subasta-judicial\/","title":{"rendered":"La subasta judicial."},"content":{"rendered":"<h2>Tesis doctoral de <strong>  Nu\u00f1ez Corral Jos\u00e9 Luis <\/strong><\/h2>\n<p>La subasta judicial es una instituci\u00f3n t\u00edpicamente espa\u00f1ola, que ha coexistido a lo largo de los tiempos.  efectivamente, la misma arranca desde el derecho romano, y a trav\u00e9s de las diferentes regulaciones que se han ido formulando en nuestro derecho hist\u00f3rico, la conocemos con su normativa actual.  a la subasta se la puede configurar como el coraz\u00f3n o el centro del procedimiento de apremio, y donde a trav\u00e9s del car\u00e1cter liquidador de los bienes del deudor, encuentra su plena consagraci\u00f3n el principio de la tutela judicial efectiva al ver satisfecho sus derechos y expectativas leg\u00edtimas el acreedor, que ha obtenido previamente un t\u00edtulo de ejecuci\u00f3n a su favor.  la subasta en la actualidad encuentra su m\u00e1ximo apogeo al existir tendencias, que solicitan la desaparici\u00f3n de la esfera judicial de la misma y otros que proponen una mejor modificaci\u00f3n y regulaci\u00f3n de la misma pero sin salir de la esfera judicial.  fruto de lo anterior es la elaboraci\u00f3n doctrinal a la que haremos referencia, junto con las propuestas que han formulado los diferentes grupos parlamentarios, sobre la modificaci\u00f3n de esta instituci\u00f3n y que han encontrado en su plena plasmaci\u00f3n en el anteproyecto de la l.E. Cv. De 1997.  todas estas consideraciones, as\u00ed como otras de menor trascendencia, tienen por objeto la tesis doctoral que se ha elaborado sobre la subasta judicial.<\/p>\n<p>&nbsp;<\/p>\n<h3>Datos acad\u00e9micos de la tesis doctoral \u00ab<strong>La subasta judicial.<\/strong>\u00ab<\/h3>\n<ul>\n<li><strong>T\u00edtulo de la tesis:<\/strong>\u00a0 La subasta judicial. <\/li>\n<li><strong>Autor:<\/strong>\u00a0  Nu\u00f1ez Corral Jos\u00e9 Luis <\/li>\n<li><strong>Universidad:<\/strong>\u00a0 Palmas de gran canaria<\/li>\n<li><strong>Fecha de lectura de la tesis:<\/strong>\u00a0 01\/01\/1998<\/li>\n<\/ul>\n<p>&nbsp;<\/p>\n<h3>Direcci\u00f3n y tribunal<\/h3>\n<ul>\n<li><strong>Director de la tesis<\/strong>\n<ul>\n<li>Pablo Manuel Saavedra Gallo<\/li>\n<\/ul>\n<\/li>\n<li><strong>Tribunal<\/strong>\n<ul>\n<li>Presidente del tribunal: Antonio  Mar\u00eda Lorca Navarrete <\/li>\n<li> Reig Reig Jos\u00e9 Vicente (vocal)<\/li>\n<li>Bernardo Cabrera Ramirez (vocal)<\/li>\n<li>Ezequiel Osorio Acosta (vocal)<\/li>\n<\/ul>\n<\/li>\n<\/ul>\n<p>&nbsp;<\/p>\n","protected":false},"excerpt":{"rendered":"<p>Tesis doctoral de Nu\u00f1ez Corral Jos\u00e9 Luis La subasta judicial es una instituci\u00f3n t\u00edpicamente espa\u00f1ola, que ha coexistido a lo [&hellip;]<\/p>\n","protected":false},"author":1,"featured_media":0,"comment_status":"open","ping_status":"open","sticky":false,"template":"","format":"standard","meta":{"site-sidebar-layout":"default","site-content-layout":"","ast-site-content-layout":"","site-content-style":"default","site-sidebar-style":"default","ast-global-header-display":"","ast-banner-title-visibility":"","ast-main-header-display":"","ast-hfb-above-header-display":"","ast-hfb-below-header-display":"","ast-hfb-mobile-header-display":"","site-post-title":"","ast-breadcrumbs-content":"","ast-featured-img":"","footer-sml-layout":"","theme-transparent-header-meta":"","adv-header-id-meta":"","stick-header-meta":"","header-above-stick-meta":"","header-main-stick-meta":"","header-below-stick-meta":"","astra-migrate-meta-layouts":"default","ast-page-background-enabled":"default","ast-page-background-meta":{"desktop":{"background-color":"var(--ast-global-color-4)","background-image":"","background-repeat":"repeat","background-position":"center center","background-size":"auto","background-attachment":"scroll","background-type":"","background-media":"","overlay-type":"","overlay-color":"","overlay-gradient":""},"tablet":{"background-color":"","background-image":"","background-repeat":"repeat","background-position":"center center","background-size":"auto","background-attachment":"scroll","background-type":"","background-media":"","overlay-type":"","overlay-color":"","overlay-gradient":""},"mobile":{"background-color":"","background-image":"","background-repeat":"repeat","background-position":"center center","background-size":"auto","background-attachment":"scroll","background-type":"","background-media":"","overlay-type":"","overlay-color":"","overlay-gradient":""}},"ast-content-background-meta":{"desktop":{"background-color":"var(--ast-global-color-5)","background-image":"","background-repeat":"repeat","background-position":"center center","background-size":"auto","background-attachment":"scroll","background-type":"","background-media":"","overlay-type":"","overlay-color":"","overlay-gradient":""},"tablet":{"background-color":"var(--ast-global-color-5)","background-image":"","background-repeat":"repeat","background-position":"center center","background-size":"auto","background-attachment":"scroll","background-type":"","background-media":"","overlay-type":"","overlay-color":"","overlay-gradient":""},"mobile":{"background-color":"var(--ast-global-color-5)","background-image":"","background-repeat":"repeat","background-position":"center center","background-size":"auto","background-attachment":"scroll","background-type":"","background-media":"","overlay-type":"","overlay-color":"","overlay-gradient":""}},"footnotes":""},"categories":[612,1251,3620,979,3621,16629],"tags":[13551,97519,16774,97518,16775,97487],"class_list":["post-37035","post","type-post","status-publish","format-standard","hentry","category-ciencias-juridicas-y-derecho","category-derecho-civil","category-derecho-procesal","category-derecho-y-legislacion-nacionales","category-organizacion-juridica","category-palmas-de-gran-canaria","tag-antonio-maria-lorca-navarrete","tag-bernardo-cabrera-ramirez","tag-ezequiel-osorio-acosta","tag-nunez-corral-jose-luis","tag-pablo-manuel-saavedra-gallo","tag-reig-reig-jose-vicente"],"_links":{"self":[{"href":"https:\/\/www.deberes.net\/tesis\/wp-json\/wp\/v2\/posts\/37035","targetHints":{"allow":["GET"]}}],"collection":[{"href":"https:\/\/www.deberes.net\/tesis\/wp-json\/wp\/v2\/posts"}],"about":[{"href":"https:\/\/www.deberes.net\/tesis\/wp-json\/wp\/v2\/types\/post"}],"author":[{"embeddable":true,"href":"https:\/\/www.deberes.net\/tesis\/wp-json\/wp\/v2\/users\/1"}],"replies":[{"embeddable":true,"href":"https:\/\/www.deberes.net\/tesis\/wp-json\/wp\/v2\/comments?post=37035"}],"version-history":[{"count":0,"href":"https:\/\/www.deberes.net\/tesis\/wp-json\/wp\/v2\/posts\/37035\/revisions"}],"wp:attachment":[{"href":"https:\/\/www.deberes.net\/tesis\/wp-json\/wp\/v2\/media?parent=37035"}],"wp:term":[{"taxonomy":"category","embeddable":true,"href":"https:\/\/www.deberes.net\/tesis\/wp-json\/wp\/v2\/categories?post=37035"},{"taxonomy":"post_tag","embeddable":true,"href":"https:\/\/www.deberes.net\/tesis\/wp-json\/wp\/v2\/tags?post=37035"}],"curies":[{"name":"wp","href":"https:\/\/api.w.org\/{rel}","templated":true}]}}