{"id":37047,"date":"1998-01-01T00:00:00","date_gmt":"1998-01-01T00:00:00","guid":{"rendered":"https:\/\/www.deberes.net\/tesis\/sin-categoria\/la-proteccion-juridica-de-las-personas-discapacitadas-barreras-fisicas-y-de-la-comunicacion\/"},"modified":"1998-01-01T00:00:00","modified_gmt":"1998-01-01T00:00:00","slug":"la-proteccion-juridica-de-las-personas-discapacitadas-barreras-fisicas-y-de-la-comunicacion","status":"publish","type":"post","link":"https:\/\/www.deberes.net\/tesis\/ciencias-juridicas-y-derecho\/la-proteccion-juridica-de-las-personas-discapacitadas-barreras-fisicas-y-de-la-comunicacion\/","title":{"rendered":"La proteccion juridica de las personas discapacitadas: barreras fisicas y de la comunicacion."},"content":{"rendered":"<h2>Tesis doctoral de <strong>  Rodriguez Sanchez Agustin Andres <\/strong><\/h2>\n<p>Recientemente, se ha aprobado en canarias, una ley para la supresi\u00f3n de barreras f\u00edsicas y de la comunicaci\u00f3n (ley 8\/95, de 6 de abril), sin embargo aunque tenga la apariencia de novedad, en la pr\u00e1ctica s\u00f3lo intenta suplir los vacios legales que existen dentro de la normativa estatal y que tiene sus puntos de partida en el art\u00edculo 49 de la constituci\u00f3n, y la posterior ley de integraci\u00f3n social de los minusv\u00e1lidos o l.I.S.M.I. De 1982, que prev\u00e9, entre otras actuaciones, la supresi\u00f3n de dichas barreras, para lograr dicha integraci\u00f3n.  as\u00ed, el presente estudio se centra en el an\u00e1lisis de la normativa para la supresi\u00f3n de barreras f\u00edsicas y de la comunicaci\u00f3n, para que esa integraci\u00f3n sea posible en todos los \u00e1mbitos, eliminando para ello este tipo de obst\u00e1culos, de tal manera que se realizan 5 bloques, de car\u00e1cter complementario, que son los siguientes:  1) se aborda la normativa vigente, tanto en el \u00e1mbito estatal como en el auton\u00f3mico, haci\u00e9ndo una cu\u00e1druple clasificaci\u00f3n atendiendo a diversos criterios establecidos. Lo importante de este bloque es la exposici\u00f3n del tratamiento legislativo que se le ha dado a esta materia, aprovechando esta ocasi\u00f3n, para estudiar las comunidades aut\u00f3nomas m\u00e1s avanzadas junto a la de canarias.  2) este bloque se refiere a la normativa comunitaria, pudi\u00e9ndo establecer una correlaci\u00f3n entre las medidas de supresi\u00f3n y la consecuci\u00f3n de unos objetivos fijados, que cada vez deben ser mayores. Igualmente establece lo que en los pr\u00f3ximos a\u00f1os van a ser otro tipo de barreras, para los cuales no basta s\u00f3lo la regulaci\u00f3n jur\u00eddica, sino tambi\u00e9n una serie de medidas complementarias.  3) este bloque alude al establecimiento del concepto y clases de minusval\u00eda o minusv\u00e1lido, as\u00ed como de las barreras, pudiendo ver su evoluci\u00f3n en los diferentes \u00e1mbitos, tambi\u00e9n se alude al fundamento de esta materia como causa que hace surgir la actuaci\u00f3n de la administraci\u00f3n.<\/p>\n<p>&nbsp;<\/p>\n<h3>Datos acad\u00e9micos de la tesis doctoral \u00ab<strong>La proteccion juridica de las personas discapacitadas: barreras fisicas y de la comunicacion.<\/strong>\u00ab<\/h3>\n<ul>\n<li><strong>T\u00edtulo de la tesis:<\/strong>\u00a0 La proteccion juridica de las personas discapacitadas: barreras fisicas y de la comunicacion. <\/li>\n<li><strong>Autor:<\/strong>\u00a0  Rodriguez Sanchez Agustin Andres <\/li>\n<li><strong>Universidad:<\/strong>\u00a0 Palmas de gran canaria<\/li>\n<li><strong>Fecha de lectura de la tesis:<\/strong>\u00a0 01\/01\/1998<\/li>\n<\/ul>\n<p>&nbsp;<\/p>\n<h3>Direcci\u00f3n y tribunal<\/h3>\n<ul>\n<li><strong>Director de la tesis<\/strong>\n<ul>\n<li>Pablo Manuel Saavedra Gallo<\/li>\n<\/ul>\n<\/li>\n<li><strong>Tribunal<\/strong>\n<ul>\n<li>Presidente del tribunal: Agustin Juarez Rodriguez <\/li>\n<li>Javier Izquierdo Fraile (vocal)<\/li>\n<li>Ignacio Ara Pinilla (vocal)<\/li>\n<li>Antonio Dominguez Vila (vocal)<\/li>\n<\/ul>\n<\/li>\n<\/ul>\n<p>&nbsp;<\/p>\n","protected":false},"excerpt":{"rendered":"<p>Tesis doctoral de Rodriguez Sanchez Agustin Andres Recientemente, se ha aprobado en canarias, una ley para la supresi\u00f3n de barreras [&hellip;]<\/p>\n","protected":false},"author":1,"featured_media":0,"comment_status":"open","ping_status":"open","sticky":false,"template":"","format":"standard","meta":{"site-sidebar-layout":"default","site-content-layout":"","ast-site-content-layout":"","site-content-style":"default","site-sidebar-style":"default","ast-global-header-display":"","ast-banner-title-visibility":"","ast-main-header-display":"","ast-hfb-above-header-display":"","ast-hfb-below-header-display":"","ast-hfb-mobile-header-display":"","site-post-title":"","ast-breadcrumbs-content":"","ast-featured-img":"","footer-sml-layout":"","theme-transparent-header-meta":"","adv-header-id-meta":"","stick-header-meta":"","header-above-stick-meta":"","header-main-stick-meta":"","header-below-stick-meta":"","astra-migrate-meta-layouts":"default","ast-page-background-enabled":"default","ast-page-background-meta":{"desktop":{"background-color":"var(--ast-global-color-4)","background-image":"","background-repeat":"repeat","background-position":"center center","background-size":"auto","background-attachment":"scroll","background-type":"","background-media":"","overlay-type":"","overlay-color":"","overlay-gradient":""},"tablet":{"background-color":"","background-image":"","background-repeat":"repeat","background-position":"center center","background-size":"auto","background-attachment":"scroll","background-type":"","background-media":"","overlay-type":"","overlay-color":"","overlay-gradient":""},"mobile":{"background-color":"","background-image":"","background-repeat":"repeat","background-position":"center center","background-size":"auto","background-attachment":"scroll","background-type":"","background-media":"","overlay-type":"","overlay-color":"","overlay-gradient":""}},"ast-content-background-meta":{"desktop":{"background-color":"var(--ast-global-color-5)","background-image":"","background-repeat":"repeat","background-position":"center center","background-size":"auto","background-attachment":"scroll","background-type":"","background-media":"","overlay-type":"","overlay-color":"","overlay-gradient":""},"tablet":{"background-color":"var(--ast-global-color-5)","background-image":"","background-repeat":"repeat","background-position":"center center","background-size":"auto","background-attachment":"scroll","background-type":"","background-media":"","overlay-type":"","overlay-color":"","overlay-gradient":""},"mobile":{"background-color":"var(--ast-global-color-5)","background-image":"","background-repeat":"repeat","background-position":"center center","background-size":"auto","background-attachment":"scroll","background-type":"","background-media":"","overlay-type":"","overlay-color":"","overlay-gradient":""}},"footnotes":""},"categories":[612,1442,979,16629],"tags":[17058,80673,10354,97543,16775,97542],"class_list":["post-37047","post","type-post","status-publish","format-standard","hentry","category-ciencias-juridicas-y-derecho","category-derecho-administrativo","category-derecho-y-legislacion-nacionales","category-palmas-de-gran-canaria","tag-agustin-juarez-rodriguez","tag-antonio-dominguez-vila","tag-ignacio-ara-pinilla","tag-javier-izquierdo-fraile","tag-pablo-manuel-saavedra-gallo","tag-rodriguez-sanchez-agustin-andres"],"_links":{"self":[{"href":"https:\/\/www.deberes.net\/tesis\/wp-json\/wp\/v2\/posts\/37047","targetHints":{"allow":["GET"]}}],"collection":[{"href":"https:\/\/www.deberes.net\/tesis\/wp-json\/wp\/v2\/posts"}],"about":[{"href":"https:\/\/www.deberes.net\/tesis\/wp-json\/wp\/v2\/types\/post"}],"author":[{"embeddable":true,"href":"https:\/\/www.deberes.net\/tesis\/wp-json\/wp\/v2\/users\/1"}],"replies":[{"embeddable":true,"href":"https:\/\/www.deberes.net\/tesis\/wp-json\/wp\/v2\/comments?post=37047"}],"version-history":[{"count":0,"href":"https:\/\/www.deberes.net\/tesis\/wp-json\/wp\/v2\/posts\/37047\/revisions"}],"wp:attachment":[{"href":"https:\/\/www.deberes.net\/tesis\/wp-json\/wp\/v2\/media?parent=37047"}],"wp:term":[{"taxonomy":"category","embeddable":true,"href":"https:\/\/www.deberes.net\/tesis\/wp-json\/wp\/v2\/categories?post=37047"},{"taxonomy":"post_tag","embeddable":true,"href":"https:\/\/www.deberes.net\/tesis\/wp-json\/wp\/v2\/tags?post=37047"}],"curies":[{"name":"wp","href":"https:\/\/api.w.org\/{rel}","templated":true}]}}