{"id":37059,"date":"1998-01-01T00:00:00","date_gmt":"1998-01-01T00:00:00","guid":{"rendered":"https:\/\/www.deberes.net\/tesis\/sin-categoria\/la-obra-grafica-de-jose-fuentes-esteve-1975-1996\/"},"modified":"1998-01-01T00:00:00","modified_gmt":"1998-01-01T00:00:00","slug":"la-obra-grafica-de-jose-fuentes-esteve-1975-1996","status":"publish","type":"post","link":"https:\/\/www.deberes.net\/tesis\/historia\/la-obra-grafica-de-jose-fuentes-esteve-1975-1996\/","title":{"rendered":"La obra grafica de jose fuentes esteve (1975-1996)."},"content":{"rendered":"<h2>Tesis doctoral de <strong> Francesc Aracil Perez <\/strong><\/h2>\n<p>Esta tesis estudia la producci\u00f3n gr\u00e1fica de jos\u00e9 fuentes, siguiendo para ello los recursos metodol\u00f3gicos que ofrece la historiograf\u00eda y la cr\u00edtica del arte. De entre todas las posibilidades metodol\u00f3gicas posibles, no se ha seguido en este caso una exclusivamente, pues el recurso a la pureza de un sistema \u00fanico puede poner limitaciones al discernimiento de la riqueza de una obra y a la multiplicidad de aspectos que se deseen contemplar en ella. As\u00ed pues, se ha desarrollado en esta tesis un discurso fundamentado en aquellos m\u00e9todos que m\u00e1s apropiados pod\u00edan resultar para extraer todos los componentes apreciados, ya a aplicarlos complementariamente. Es por tanto un proceso interpretativo, que no f\u00eda sus resultados a un \u00fanico proceso metodol\u00f3gico sino que usa varios de ellos en funci\u00f3n de una comprensi\u00f3n m\u00e1s amplia de la obra estudiada. As\u00ed pues, tras una sucinta biograf\u00eda que sit\u00faa de entrada la trayectoria vital del autor, el trabajo se desarrolla en los siguientes momentos:  1.- Estudio anal\u00edtico de la obra de jos\u00e9 fuentes esteve.  las series. El volumen, la amplitud la variedad de datos que abarca el material obtenido en referencia a jos\u00e9 fuentes y su obra a un examen detallado siguiendo la estructura con que ha sido creada, y con la que ha sido expuesta ante el espectador a trav\u00e9s de los a\u00f1os, una estructura que es la de \u00abserie\u00bb, conjunto de piezas u obras individuales referidas a una tem\u00e1tica, una intenci\u00f3n expresiva y un tratamiento formal y t\u00e9cnico comunes, o como m\u00ednimo con unos rasgos dominantes, en la mayor\u00eda de las obras. Esta sucesi\u00f3n de series es coherente porque muestra la obra ordenada desde el punto de vista cronol\u00f3gico (aunque no estrictamente por orden de sucesi\u00f3n en el tiempo), tem\u00e1tico y procesual. El autor de la tesis ha respetado esta ordenaci\u00f3n que, por otro lado, es la usada en los propios escritos de jos\u00e9 fuentes.<\/p>\n<p>&nbsp;<\/p>\n<h3>Datos acad\u00e9micos de la tesis doctoral \u00ab<strong>La obra grafica de jose fuentes esteve (1975-1996).<\/strong>\u00ab<\/h3>\n<ul>\n<li><strong>T\u00edtulo de la tesis:<\/strong>\u00a0 La obra grafica de jose fuentes esteve (1975-1996). <\/li>\n<li><strong>Autor:<\/strong>\u00a0 Francesc Aracil Perez <\/li>\n<li><strong>Universidad:<\/strong>\u00a0 Polit\u00e9cnica de Valencia<\/li>\n<li><strong>Fecha de lectura de la tesis:<\/strong>\u00a0 01\/01\/1998<\/li>\n<\/ul>\n<p>&nbsp;<\/p>\n<h3>Direcci\u00f3n y tribunal<\/h3>\n<ul>\n<li><strong>Director de la tesis<\/strong>\n<ul>\n<li> Guillen Ramon Jos\u00e9 Manuel<\/li>\n<\/ul>\n<\/li>\n<li><strong>Tribunal<\/strong>\n<ul>\n<li>Presidente del tribunal: Antonio Tom\u00e1s Sanmart\u00edn <\/li>\n<li>\u00e1lvaro Paricio Latasa (vocal)<\/li>\n<li> De La Calle La Calle Roman (vocal)<\/li>\n<li>Juan  Carlos Ramos Guadix (vocal)<\/li>\n<\/ul>\n<\/li>\n<\/ul>\n<p>&nbsp;<\/p>\n","protected":false},"excerpt":{"rendered":"<p>Tesis doctoral de Francesc Aracil Perez Esta tesis estudia la producci\u00f3n gr\u00e1fica de jos\u00e9 fuentes, siguiendo para ello los recursos [&hellip;]<\/p>\n","protected":false},"author":1,"featured_media":0,"comment_status":"open","ping_status":"open","sticky":false,"template":"","format":"standard","meta":{"site-sidebar-layout":"default","site-content-layout":"","ast-site-content-layout":"","site-content-style":"default","site-sidebar-style":"default","ast-global-header-display":"","ast-banner-title-visibility":"","ast-main-header-display":"","ast-hfb-above-header-display":"","ast-hfb-below-header-display":"","ast-hfb-mobile-header-display":"","site-post-title":"","ast-breadcrumbs-content":"","ast-featured-img":"","footer-sml-layout":"","theme-transparent-header-meta":"","adv-header-id-meta":"","stick-header-meta":"","header-above-stick-meta":"","header-main-stick-meta":"","header-below-stick-meta":"","astra-migrate-meta-layouts":"default","ast-page-background-enabled":"default","ast-page-background-meta":{"desktop":{"background-color":"var(--ast-global-color-4)","background-image":"","background-repeat":"repeat","background-position":"center center","background-size":"auto","background-attachment":"scroll","background-type":"","background-media":"","overlay-type":"","overlay-color":"","overlay-gradient":""},"tablet":{"background-color":"","background-image":"","background-repeat":"repeat","background-position":"center center","background-size":"auto","background-attachment":"scroll","background-type":"","background-media":"","overlay-type":"","overlay-color":"","overlay-gradient":""},"mobile":{"background-color":"","background-image":"","background-repeat":"repeat","background-position":"center center","background-size":"auto","background-attachment":"scroll","background-type":"","background-media":"","overlay-type":"","overlay-color":"","overlay-gradient":""}},"ast-content-background-meta":{"desktop":{"background-color":"var(--ast-global-color-5)","background-image":"","background-repeat":"repeat","background-position":"center center","background-size":"auto","background-attachment":"scroll","background-type":"","background-media":"","overlay-type":"","overlay-color":"","overlay-gradient":""},"tablet":{"background-color":"var(--ast-global-color-5)","background-image":"","background-repeat":"repeat","background-position":"center center","background-size":"auto","background-attachment":"scroll","background-type":"","background-media":"","overlay-type":"","overlay-color":"","overlay-gradient":""},"mobile":{"background-color":"var(--ast-global-color-5)","background-image":"","background-repeat":"repeat","background-position":"center center","background-size":"auto","background-attachment":"scroll","background-type":"","background-media":"","overlay-type":"","overlay-color":"","overlay-gradient":""}},"footnotes":""},"categories":[104,2563,222,16820],"tags":[6694,7799,97563,97562,16910,35696],"class_list":["post-37059","post","type-post","status-publish","format-standard","hentry","category-historia","category-historia-del-arte-de-los-siglos-xix-y-xx","category-historias-especializadas","category-politecnica-de-valencia","tag-alvaro-paricio-latasa","tag-antonio-tomas-sanmartin","tag-de-la-calle-la-calle-roman","tag-francesc-aracil-perez","tag-guillen-ramon-jose-manuel","tag-juan-carlos-ramos-guadix"],"_links":{"self":[{"href":"https:\/\/www.deberes.net\/tesis\/wp-json\/wp\/v2\/posts\/37059","targetHints":{"allow":["GET"]}}],"collection":[{"href":"https:\/\/www.deberes.net\/tesis\/wp-json\/wp\/v2\/posts"}],"about":[{"href":"https:\/\/www.deberes.net\/tesis\/wp-json\/wp\/v2\/types\/post"}],"author":[{"embeddable":true,"href":"https:\/\/www.deberes.net\/tesis\/wp-json\/wp\/v2\/users\/1"}],"replies":[{"embeddable":true,"href":"https:\/\/www.deberes.net\/tesis\/wp-json\/wp\/v2\/comments?post=37059"}],"version-history":[{"count":0,"href":"https:\/\/www.deberes.net\/tesis\/wp-json\/wp\/v2\/posts\/37059\/revisions"}],"wp:attachment":[{"href":"https:\/\/www.deberes.net\/tesis\/wp-json\/wp\/v2\/media?parent=37059"}],"wp:term":[{"taxonomy":"category","embeddable":true,"href":"https:\/\/www.deberes.net\/tesis\/wp-json\/wp\/v2\/categories?post=37059"},{"taxonomy":"post_tag","embeddable":true,"href":"https:\/\/www.deberes.net\/tesis\/wp-json\/wp\/v2\/tags?post=37059"}],"curies":[{"name":"wp","href":"https:\/\/api.w.org\/{rel}","templated":true}]}}