{"id":37129,"date":"1998-01-01T00:00:00","date_gmt":"1998-01-01T00:00:00","guid":{"rendered":"https:\/\/www.deberes.net\/tesis\/sin-categoria\/retrospectiva-y-perspectiva-del-arte-indigena-de-alberta-canada\/"},"modified":"1998-01-01T00:00:00","modified_gmt":"1998-01-01T00:00:00","slug":"retrospectiva-y-perspectiva-del-arte-indigena-de-alberta-canada","status":"publish","type":"post","link":"https:\/\/www.deberes.net\/tesis\/historia\/retrospectiva-y-perspectiva-del-arte-indigena-de-alberta-canada\/","title":{"rendered":"Retrospectiva y perspectiva del arte indigena de alberta, canada."},"content":{"rendered":"<h2>Tesis doctoral de <strong> Isabel Pedrola Monfort <\/strong><\/h2>\n<p>Con esta tesis intento demostrar que el arte ind\u00edgena no est\u00e1 perdido y que gracias a un extenso trabajo de campo, en conjunto con una recopilaci\u00f3n bibliogr\u00e1fica y la b\u00fasqueda de data en los archivos y museos, hemos podido desarrollar una trayectoria art\u00edstica de un espec\u00edfico grupo ind\u00edgena localizado al oeste de canad\u00e1 en la provincia de alberta.  los trabajos o las investigaciones precedentes sobre el arte indio de esta provincia, son escasos o muy especializados y casi todos efectuados desde el punto de vista hist\u00f3rico, creando grandes lagunas en lo referente a su arte.  est\u00e1 claro que sin el contexto hist\u00f3rico nos quedar\u00edan algunas lagunas incomprensibles pero lo que tambi\u00e9n est\u00e1 claro es que a trav\u00e9s de su arte podemos entender mucho mejor su historia.  esta tesis ha sido seccionada en tres cap\u00edtulos fundamentales.  el primer cap\u00edtulo nos hemos centrado en la prehistoria de estos indios exponiendo visualmente sus estructuras de piedras, arte rupestre y otras formas de expresi\u00f3n.  el segundo cap\u00edtulo abarca desde el principio protohist\u00f3rico hasta el per\u00edodo hist\u00f3rico desde las primeras incursiones hasta la llegada cont\u00ednua un siglo despu\u00e9s.  y en el tercer cap\u00edtulo nos acercamos a la obra pict\u00f3rica de algunos artistas contempor\u00e1neos m\u00e1s sobresalientes en la cultura art\u00edstica hoy en d\u00eda.  alberta es una provincia situada al oeste de canad\u00e1 entre las monta\u00f1as.<\/p>\n<p>&nbsp;<\/p>\n<h3>Datos acad\u00e9micos de la tesis doctoral \u00ab<strong>Retrospectiva y perspectiva del arte indigena de alberta, canada.<\/strong>\u00ab<\/h3>\n<ul>\n<li><strong>T\u00edtulo de la tesis:<\/strong>\u00a0 Retrospectiva y perspectiva del arte indigena de alberta, canada. <\/li>\n<li><strong>Autor:<\/strong>\u00a0 Isabel Pedrola Monfort <\/li>\n<li><strong>Universidad:<\/strong>\u00a0 Polit\u00e9cnica de Valencia<\/li>\n<li><strong>Fecha de lectura de la tesis:<\/strong>\u00a0 01\/01\/1998<\/li>\n<\/ul>\n<p>&nbsp;<\/p>\n<h3>Direcci\u00f3n y tribunal<\/h3>\n<ul>\n<li><strong>Director de la tesis<\/strong>\n<ul>\n<li> Rios Palomares Miguel Angel<\/li>\n<\/ul>\n<\/li>\n<li><strong>Tribunal<\/strong>\n<ul>\n<li>Presidente del tribunal: Carlos Plasencia Climent <\/li>\n<li>Rosalia Estelles Esclapes (vocal)<\/li>\n<li> Blasco Carrascosa Juan  Angel (vocal)<\/li>\n<li>Javier Cortes Alvarez (vocal)<\/li>\n<\/ul>\n<\/li>\n<\/ul>\n<p>&nbsp;<\/p>\n","protected":false},"excerpt":{"rendered":"<p>Tesis doctoral de Isabel Pedrola Monfort Con esta tesis intento demostrar que el arte ind\u00edgena no est\u00e1 perdido y que [&hellip;]<\/p>\n","protected":false},"author":1,"featured_media":0,"comment_status":"open","ping_status":"open","sticky":false,"template":"","format":"standard","meta":{"site-sidebar-layout":"default","site-content-layout":"","ast-site-content-layout":"","site-content-style":"default","site-sidebar-style":"default","ast-global-header-display":"","ast-banner-title-visibility":"","ast-main-header-display":"","ast-hfb-above-header-display":"","ast-hfb-below-header-display":"","ast-hfb-mobile-header-display":"","site-post-title":"","ast-breadcrumbs-content":"","ast-featured-img":"","footer-sml-layout":"","theme-transparent-header-meta":"","adv-header-id-meta":"","stick-header-meta":"","header-above-stick-meta":"","header-main-stick-meta":"","header-below-stick-meta":"","astra-migrate-meta-layouts":"default","ast-page-background-enabled":"default","ast-page-background-meta":{"desktop":{"background-color":"var(--ast-global-color-4)","background-image":"","background-repeat":"repeat","background-position":"center center","background-size":"auto","background-attachment":"scroll","background-type":"","background-media":"","overlay-type":"","overlay-color":"","overlay-gradient":""},"tablet":{"background-color":"","background-image":"","background-repeat":"repeat","background-position":"center center","background-size":"auto","background-attachment":"scroll","background-type":"","background-media":"","overlay-type":"","overlay-color":"","overlay-gradient":""},"mobile":{"background-color":"","background-image":"","background-repeat":"repeat","background-position":"center center","background-size":"auto","background-attachment":"scroll","background-type":"","background-media":"","overlay-type":"","overlay-color":"","overlay-gradient":""}},"ast-content-background-meta":{"desktop":{"background-color":"var(--ast-global-color-5)","background-image":"","background-repeat":"repeat","background-position":"center center","background-size":"auto","background-attachment":"scroll","background-type":"","background-media":"","overlay-type":"","overlay-color":"","overlay-gradient":""},"tablet":{"background-color":"var(--ast-global-color-5)","background-image":"","background-repeat":"repeat","background-position":"center center","background-size":"auto","background-attachment":"scroll","background-type":"","background-media":"","overlay-type":"","overlay-color":"","overlay-gradient":""},"mobile":{"background-color":"var(--ast-global-color-5)","background-image":"","background-repeat":"repeat","background-position":"center center","background-size":"auto","background-attachment":"scroll","background-type":"","background-media":"","overlay-type":"","overlay-color":"","overlay-gradient":""}},"footnotes":""},"categories":[104,1014,222,16820],"tags":[12273,31219,97665,6553,37967,97666],"class_list":["post-37129","post","type-post","status-publish","format-standard","hentry","category-historia","category-historia-del-arte","category-historias-especializadas","category-politecnica-de-valencia","tag-blasco-carrascosa-juan-angel","tag-carlos-plasencia-climent","tag-isabel-pedrola-monfort","tag-javier-cortes-alvarez","tag-rios-palomares-miguel-angel","tag-rosalia-estelles-esclapes"],"_links":{"self":[{"href":"https:\/\/www.deberes.net\/tesis\/wp-json\/wp\/v2\/posts\/37129","targetHints":{"allow":["GET"]}}],"collection":[{"href":"https:\/\/www.deberes.net\/tesis\/wp-json\/wp\/v2\/posts"}],"about":[{"href":"https:\/\/www.deberes.net\/tesis\/wp-json\/wp\/v2\/types\/post"}],"author":[{"embeddable":true,"href":"https:\/\/www.deberes.net\/tesis\/wp-json\/wp\/v2\/users\/1"}],"replies":[{"embeddable":true,"href":"https:\/\/www.deberes.net\/tesis\/wp-json\/wp\/v2\/comments?post=37129"}],"version-history":[{"count":0,"href":"https:\/\/www.deberes.net\/tesis\/wp-json\/wp\/v2\/posts\/37129\/revisions"}],"wp:attachment":[{"href":"https:\/\/www.deberes.net\/tesis\/wp-json\/wp\/v2\/media?parent=37129"}],"wp:term":[{"taxonomy":"category","embeddable":true,"href":"https:\/\/www.deberes.net\/tesis\/wp-json\/wp\/v2\/categories?post=37129"},{"taxonomy":"post_tag","embeddable":true,"href":"https:\/\/www.deberes.net\/tesis\/wp-json\/wp\/v2\/tags?post=37129"}],"curies":[{"name":"wp","href":"https:\/\/api.w.org\/{rel}","templated":true}]}}