{"id":37166,"date":"1998-01-01T00:00:00","date_gmt":"1998-01-01T00:00:00","guid":{"rendered":"https:\/\/www.deberes.net\/tesis\/sin-categoria\/el-cisma-mellista-historia-de-una-ambicion-politica\/"},"modified":"1998-01-01T00:00:00","modified_gmt":"1998-01-01T00:00:00","slug":"el-cisma-mellista-historia-de-una-ambicion-politica","status":"publish","type":"post","link":"https:\/\/www.deberes.net\/tesis\/historia\/el-cisma-mellista-historia-de-una-ambicion-politica\/","title":{"rendered":"El cisma mellista: historia de una ambicion politica."},"content":{"rendered":"<h2>Tesis doctoral de <strong>  Andres Martin Juan  Ramon De <\/strong><\/h2>\n<p>Juan v\u00e1zquez de mella lider\u00f3 desde el comienzo de su carrera pol\u00edtica bajo el reinado carlista de carlos vii una corriente posibilista en el seno del carlismo consistente en la realizaci\u00f3n de un proyecto pol\u00edtico que sobreponi\u00e9ndose a la confrontaci\u00f3n din\u00e1stica alfonsino-carlista brindara un amplio marco de reuni\u00f3n pol\u00edtica a todos los sectores sociales y pol\u00edticos de derechas -desde las m\u00e1s extremas a las moderadas- en la profesi\u00f3n de un tradicionalismo tamizado con algunas de las influencias de la extrema derecha europea.  aprovechando la pasividad, ambiguedad, extravagancia con tintes heterodoxos, y negligencia del pretendiente carlista jaime iii, adem\u00e1s de su alejamiento de espa\u00f1a y su confinamiento durante la gran guerra, se adue\u00f1\u00f3 mella, principalmente en el per\u00edodo de 1909 a 1919, de las principales estructuras del poder jaimista marcando un rumbo que propiciara su proyecto pol\u00edtico mediante una praxis pol\u00edtica pragm\u00e1tica considerablemente aperturista en el terreno electoral e interesadamente german\u00f3fila en el internacional para recabar un futuro apoyo de las fuerzas m\u00e1s derechistas y de los germanos a dicho proyecto. Frustrada al acabar la guerra la baza germana y puesto en rid\u00edculo por don jaime mella rompi\u00f3 con el jaimismo entreg\u00e1ndose por completo a la forja, crecimiento y desarrollo de un amplio movimiento social y pol\u00edtico de extrema derecha que atrajera cualquier descontento con el sistema liberal de la restauraci\u00f3n pero que tras una ca\u00f3tica acci\u00f3n pol\u00edtica fue superado y postergado por la entende del posibilismo praderista con el neotradicionalismo y el autoritarismo alfonsinos auspiciados por los accidentalistas cat\u00f3licos.<\/p>\n<p>&nbsp;<\/p>\n<h3>Datos acad\u00e9micos de la tesis doctoral \u00ab<strong>El cisma mellista: historia de una ambicion politica.<\/strong>\u00ab<\/h3>\n<ul>\n<li><strong>T\u00edtulo de la tesis:<\/strong>\u00a0 El cisma mellista: historia de una ambicion politica. <\/li>\n<li><strong>Autor:<\/strong>\u00a0  Andres Martin Juan  Ramon De <\/li>\n<li><strong>Universidad:<\/strong>\u00a0 Nacional de educaci\u00f3n a distancia<\/li>\n<li><strong>Fecha de lectura de la tesis:<\/strong>\u00a0 01\/01\/1998<\/li>\n<\/ul>\n<p>&nbsp;<\/p>\n<h3>Direcci\u00f3n y tribunal<\/h3>\n<ul>\n<li><strong>Director de la tesis<\/strong>\n<ul>\n<li>Julio Gil Pecharroman<\/li>\n<\/ul>\n<\/li>\n<li><strong>Tribunal<\/strong>\n<ul>\n<li>Presidente del tribunal: Javier Tusell G\u00f3mez <\/li>\n<li>Eduardo Gonzalez Calleja (vocal)<\/li>\n<li>Feliciano Montero Garcia (vocal)<\/li>\n<li>Alfonso Bull\u00f3n De Mendoza G\u00f3mez De Valugera (vocal)<\/li>\n<\/ul>\n<\/li>\n<\/ul>\n<p>&nbsp;<\/p>\n","protected":false},"excerpt":{"rendered":"<p>Tesis doctoral de Andres Martin Juan Ramon De Juan v\u00e1zquez de mella lider\u00f3 desde el comienzo de su carrera pol\u00edtica [&hellip;]<\/p>\n","protected":false},"author":1,"featured_media":0,"comment_status":"open","ping_status":"open","sticky":false,"template":"","format":"standard","meta":{"site-sidebar-layout":"default","site-content-layout":"","ast-site-content-layout":"","site-content-style":"default","site-sidebar-style":"default","ast-global-header-display":"","ast-banner-title-visibility":"","ast-main-header-display":"","ast-hfb-above-header-display":"","ast-hfb-below-header-display":"","ast-hfb-mobile-header-display":"","site-post-title":"","ast-breadcrumbs-content":"","ast-featured-img":"","footer-sml-layout":"","theme-transparent-header-meta":"","adv-header-id-meta":"","stick-header-meta":"","header-above-stick-meta":"","header-main-stick-meta":"","header-below-stick-meta":"","astra-migrate-meta-layouts":"default","ast-page-background-enabled":"default","ast-page-background-meta":{"desktop":{"background-color":"var(--ast-global-color-4)","background-image":"","background-repeat":"repeat","background-position":"center center","background-size":"auto","background-attachment":"scroll","background-type":"","background-media":"","overlay-type":"","overlay-color":"","overlay-gradient":""},"tablet":{"background-color":"","background-image":"","background-repeat":"repeat","background-position":"center center","background-size":"auto","background-attachment":"scroll","background-type":"","background-media":"","overlay-type":"","overlay-color":"","overlay-gradient":""},"mobile":{"background-color":"","background-image":"","background-repeat":"repeat","background-position":"center center","background-size":"auto","background-attachment":"scroll","background-type":"","background-media":"","overlay-type":"","overlay-color":"","overlay-gradient":""}},"ast-content-background-meta":{"desktop":{"background-color":"var(--ast-global-color-5)","background-image":"","background-repeat":"repeat","background-position":"center center","background-size":"auto","background-attachment":"scroll","background-type":"","background-media":"","overlay-type":"","overlay-color":"","overlay-gradient":""},"tablet":{"background-color":"var(--ast-global-color-5)","background-image":"","background-repeat":"repeat","background-position":"center center","background-size":"auto","background-attachment":"scroll","background-type":"","background-media":"","overlay-type":"","overlay-color":"","overlay-gradient":""},"mobile":{"background-color":"var(--ast-global-color-5)","background-image":"","background-repeat":"repeat","background-position":"center center","background-size":"auto","background-attachment":"scroll","background-type":"","background-media":"","overlay-type":"","overlay-color":"","overlay-gradient":""}},"footnotes":""},"categories":[104,1816,220,17070],"tags":[41773,97721,58375,6390,15559,4846],"class_list":["post-37166","post","type-post","status-publish","format-standard","hentry","category-historia","category-historia-contemporanea","category-historia-por-epocas","category-nacional-de-educacion-a-distancia","tag-alfonso-bullon-de-mendoza-gomez-de-valugera","tag-andres-martin-juan-ramon-de","tag-eduardo-gonzalez-calleja","tag-feliciano-montero-garcia","tag-javier-tusell-gomez","tag-julio-gil-pecharroman"],"_links":{"self":[{"href":"https:\/\/www.deberes.net\/tesis\/wp-json\/wp\/v2\/posts\/37166","targetHints":{"allow":["GET"]}}],"collection":[{"href":"https:\/\/www.deberes.net\/tesis\/wp-json\/wp\/v2\/posts"}],"about":[{"href":"https:\/\/www.deberes.net\/tesis\/wp-json\/wp\/v2\/types\/post"}],"author":[{"embeddable":true,"href":"https:\/\/www.deberes.net\/tesis\/wp-json\/wp\/v2\/users\/1"}],"replies":[{"embeddable":true,"href":"https:\/\/www.deberes.net\/tesis\/wp-json\/wp\/v2\/comments?post=37166"}],"version-history":[{"count":0,"href":"https:\/\/www.deberes.net\/tesis\/wp-json\/wp\/v2\/posts\/37166\/revisions"}],"wp:attachment":[{"href":"https:\/\/www.deberes.net\/tesis\/wp-json\/wp\/v2\/media?parent=37166"}],"wp:term":[{"taxonomy":"category","embeddable":true,"href":"https:\/\/www.deberes.net\/tesis\/wp-json\/wp\/v2\/categories?post=37166"},{"taxonomy":"post_tag","embeddable":true,"href":"https:\/\/www.deberes.net\/tesis\/wp-json\/wp\/v2\/tags?post=37166"}],"curies":[{"name":"wp","href":"https:\/\/api.w.org\/{rel}","templated":true}]}}