{"id":37175,"date":"1998-01-01T00:00:00","date_gmt":"1998-01-01T00:00:00","guid":{"rendered":"https:\/\/www.deberes.net\/tesis\/sin-categoria\/el-amparo-ordinario-de-los-derechos-fundamentales\/"},"modified":"1998-01-01T00:00:00","modified_gmt":"1998-01-01T00:00:00","slug":"el-amparo-ordinario-de-los-derechos-fundamentales","status":"publish","type":"post","link":"https:\/\/www.deberes.net\/tesis\/ciencias-juridicas-y-derecho\/el-amparo-ordinario-de-los-derechos-fundamentales\/","title":{"rendered":"El amparo ordinario de los derechos fundamentales."},"content":{"rendered":"<h2>Tesis doctoral de <strong> Carmen Cabrera Delgado <\/strong><\/h2>\n<p>La tesis de la doctoranda sobre el amparo ordinario de los derechos fundamentales constituye un importante esfuerzo sistematizador y did\u00e1ctico, a pesar de la excesiva amplitud de la materia y las graves contradicciones y lagunas legales existentes.  examina y sintetiza el amparo en los diferentes \u00f3rdenes jurisdiccionales (civil, penal, admtvo. Y laboral). La investigaci\u00f3n interdisciplinar no se detiene aqu\u00ed, sino que se extiende al amparo en la jurisdicci\u00f3n militar, sobre la que realiza un brillante estudio, en una materia escasamente investigada.  realiza un examen detallado de la ley 62\/78, as\u00ed como de sus disfunciones y necesidad de reforma.  elabora unas conclusiones detalladas destinadas a integrar y suplir las graves deficiencias normativas existentes en la realidad jur\u00eddica, propugnando modificaciones dignas de ser tenidas en cuenta, en una futura reforma procesal.  la tesis adem\u00e1s de contar con una importante aportaci\u00f3n bibliogr\u00e1fica, examina una cuidada exposici\u00f3n de la doctrina jurisprudencial del tribunal supremo y del tribunal constitucional.<\/p>\n<p>&nbsp;<\/p>\n<h3>Datos acad\u00e9micos de la tesis doctoral \u00ab<strong>El amparo ordinario de los derechos fundamentales.<\/strong>\u00ab<\/h3>\n<ul>\n<li><strong>T\u00edtulo de la tesis:<\/strong>\u00a0 El amparo ordinario de los derechos fundamentales. <\/li>\n<li><strong>Autor:<\/strong>\u00a0 Carmen Cabrera Delgado <\/li>\n<li><strong>Universidad:<\/strong>\u00a0 Nacional de educaci\u00f3n a distancia<\/li>\n<li><strong>Fecha de lectura de la tesis:<\/strong>\u00a0 01\/01\/1998<\/li>\n<\/ul>\n<p>&nbsp;<\/p>\n<h3>Direcci\u00f3n y tribunal<\/h3>\n<ul>\n<li><strong>Director de la tesis<\/strong>\n<ul>\n<li>Antonio Pedreira Andrade<\/li>\n<\/ul>\n<\/li>\n<li><strong>Tribunal<\/strong>\n<ul>\n<li>Presidente del tribunal: Manuel Jes\u00fas Garc\u00eda Garrido <\/li>\n<li>Manuel Soroa Suarez De Tangil (vocal)<\/li>\n<li>Xavier O Callaghan Mu\u00f1oz (vocal)<\/li>\n<li> Martin Bernal Jos\u00e9 Manuel (vocal)<\/li>\n<\/ul>\n<\/li>\n<\/ul>\n<p>&nbsp;<\/p>\n","protected":false},"excerpt":{"rendered":"<p>Tesis doctoral de Carmen Cabrera Delgado La tesis de la doctoranda sobre el amparo ordinario de los derechos fundamentales constituye [&hellip;]<\/p>\n","protected":false},"author":1,"featured_media":0,"comment_status":"open","ping_status":"open","sticky":false,"template":"","format":"standard","meta":{"site-sidebar-layout":"default","site-content-layout":"","ast-site-content-layout":"","site-content-style":"default","site-sidebar-style":"default","ast-global-header-display":"","ast-banner-title-visibility":"","ast-main-header-display":"","ast-hfb-above-header-display":"","ast-hfb-below-header-display":"","ast-hfb-mobile-header-display":"","site-post-title":"","ast-breadcrumbs-content":"","ast-featured-img":"","footer-sml-layout":"","theme-transparent-header-meta":"","adv-header-id-meta":"","stick-header-meta":"","header-above-stick-meta":"","header-main-stick-meta":"","header-below-stick-meta":"","astra-migrate-meta-layouts":"default","ast-page-background-enabled":"default","ast-page-background-meta":{"desktop":{"background-color":"var(--ast-global-color-4)","background-image":"","background-repeat":"repeat","background-position":"center center","background-size":"auto","background-attachment":"scroll","background-type":"","background-media":"","overlay-type":"","overlay-color":"","overlay-gradient":""},"tablet":{"background-color":"","background-image":"","background-repeat":"repeat","background-position":"center center","background-size":"auto","background-attachment":"scroll","background-type":"","background-media":"","overlay-type":"","overlay-color":"","overlay-gradient":""},"mobile":{"background-color":"","background-image":"","background-repeat":"repeat","background-position":"center center","background-size":"auto","background-attachment":"scroll","background-type":"","background-media":"","overlay-type":"","overlay-color":"","overlay-gradient":""}},"ast-content-background-meta":{"desktop":{"background-color":"var(--ast-global-color-5)","background-image":"","background-repeat":"repeat","background-position":"center center","background-size":"auto","background-attachment":"scroll","background-type":"","background-media":"","overlay-type":"","overlay-color":"","overlay-gradient":""},"tablet":{"background-color":"var(--ast-global-color-5)","background-image":"","background-repeat":"repeat","background-position":"center center","background-size":"auto","background-attachment":"scroll","background-type":"","background-media":"","overlay-type":"","overlay-color":"","overlay-gradient":""},"mobile":{"background-color":"var(--ast-global-color-5)","background-image":"","background-repeat":"repeat","background-position":"center center","background-size":"auto","background-attachment":"scroll","background-type":"","background-media":"","overlay-type":"","overlay-color":"","overlay-gradient":""}},"footnotes":""},"categories":[612,3620,17070,3621],"tags":[16778,97735,43661,59893,23179,23193],"class_list":["post-37175","post","type-post","status-publish","format-standard","hentry","category-ciencias-juridicas-y-derecho","category-derecho-procesal","category-nacional-de-educacion-a-distancia","category-organizacion-juridica","tag-antonio-pedreira-andrade","tag-carmen-cabrera-delgado","tag-manuel-jesus-garcia-garrido","tag-manuel-soroa-suarez-de-tangil","tag-martin-bernal-jose-manuel","tag-xavier-o-callaghan-munoz"],"_links":{"self":[{"href":"https:\/\/www.deberes.net\/tesis\/wp-json\/wp\/v2\/posts\/37175","targetHints":{"allow":["GET"]}}],"collection":[{"href":"https:\/\/www.deberes.net\/tesis\/wp-json\/wp\/v2\/posts"}],"about":[{"href":"https:\/\/www.deberes.net\/tesis\/wp-json\/wp\/v2\/types\/post"}],"author":[{"embeddable":true,"href":"https:\/\/www.deberes.net\/tesis\/wp-json\/wp\/v2\/users\/1"}],"replies":[{"embeddable":true,"href":"https:\/\/www.deberes.net\/tesis\/wp-json\/wp\/v2\/comments?post=37175"}],"version-history":[{"count":0,"href":"https:\/\/www.deberes.net\/tesis\/wp-json\/wp\/v2\/posts\/37175\/revisions"}],"wp:attachment":[{"href":"https:\/\/www.deberes.net\/tesis\/wp-json\/wp\/v2\/media?parent=37175"}],"wp:term":[{"taxonomy":"category","embeddable":true,"href":"https:\/\/www.deberes.net\/tesis\/wp-json\/wp\/v2\/categories?post=37175"},{"taxonomy":"post_tag","embeddable":true,"href":"https:\/\/www.deberes.net\/tesis\/wp-json\/wp\/v2\/tags?post=37175"}],"curies":[{"name":"wp","href":"https:\/\/api.w.org\/{rel}","templated":true}]}}